{"id":6547,"date":"2026-04-27T13:41:45","date_gmt":"2026-04-27T16:41:45","guid":{"rendered":"https:\/\/www.hereford.org.ar\/web\/?p=6547"},"modified":"2026-04-27T14:41:34","modified_gmt":"2026-04-27T17:41:34","slug":"escuela-de-jurados-hereford-2026-capacitacion-y-practica-en-campo","status":"publish","type":"post","link":"https:\/\/www.hereford.org.ar\/web\/escuela-de-jurados-hereford-2026-capacitacion-y-practica-en-campo\/","title":{"rendered":"Escuela de Jurados Hereford 2026: capacitaci\u00f3n y pr\u00e1ctica en campo"},"content":{"rendered":"<p>[et_pb_section fb_built=\u00bb1&#8243; _builder_version=\u00bb4.27.4&#8243; _module_preset=\u00bbdefault\u00bb global_colors_info=\u00bb{}\u00bb][et_pb_row _builder_version=\u00bb4.27.4&#8243; _module_preset=\u00bbdefault\u00bb custom_padding=\u00bb||0px|||\u00bb global_colors_info=\u00bb{}\u00bb][et_pb_column type=\u00bb4_4&#8243; _builder_version=\u00bb4.27.4&#8243; _module_preset=\u00bbdefault\u00bb global_colors_info=\u00bb{}\u00bb][et_pb_text _builder_version=\u00bb4.27.5&#8243; _module_preset=\u00bbdefault\u00bb text_font=\u00bb|700|||||||\u00bb text_font_size=\u00bb24px\u00bb header_text_align=\u00bbcenter\u00bb text_orientation=\u00bbcenter\u00bb custom_padding=\u00bb|8px||12px||\u00bb global_colors_info=\u00bb{}\u00bb]<\/p>\n<p style=\"text-align: center;\"><strong><span class=\"cf0\">Escuela de Jurados Hereford 2026: capacitaci\u00f3n y pr\u00e1ctica en campo<\/span><\/strong><\/p>\n<p><!--EndFragment --><!--EndFragment --><!--EndFragment --><!--EndFragment --><\/p>\n<p>[\/et_pb_text][\/et_pb_column][\/et_pb_row][et_pb_row _builder_version=\u00bb4.27.4&#8243; _module_preset=\u00bbdefault\u00bb global_colors_info=\u00bb{}\u00bb][et_pb_column type=\u00bb4_4&#8243; _builder_version=\u00bb4.27.4&#8243; _module_preset=\u00bbdefault\u00bb global_colors_info=\u00bb{}\u00bb][et_pb_image src=\u00bbhttps:\/\/www.hereford.org.ar\/web\/wp-content\/uploads\/2026\/04\/Foto-web-notas-700&#215;500-13.png\u00bb title_text=\u00bbFoto web notas 700&#215;500 (13)\u00bb _builder_version=\u00bb4.27.5&#8243; _module_preset=\u00bbdefault\u00bb width=\u00bb65%\u00bb max_width=\u00bb65%\u00bb module_alignment=\u00bbcenter\u00bb global_colors_info=\u00bb{}\u00bb][\/et_pb_image][\/et_pb_column][\/et_pb_row][et_pb_row _builder_version=\u00bb4.27.4&#8243; _module_preset=\u00bbdefault\u00bb custom_padding=\u00bb0px||0px|||\u00bb global_colors_info=\u00bb{}\u00bb][et_pb_column type=\u00bb4_4&#8243; _builder_version=\u00bb4.27.4&#8243; _module_preset=\u00bbdefault\u00bb global_colors_info=\u00bb{}\u00bb][et_pb_text _builder_version=\u00bb4.27.5&#8243; _module_preset=\u00bbdefault\u00bb custom_padding=\u00bb|12px||9px||\u00bb global_colors_info=\u00bb{}\u00bb]<\/p>\n<p style=\"text-align: justify;\">Del 23 al 25 de abril de 2026, Hereford Argentina llev\u00f3 adelante una nueva edici\u00f3n de la Escuela de Jurados Hereford, una propuesta de formaci\u00f3n orientada a <strong>productores, estudiantes, t\u00e9cnicos y profesionales<\/strong> interesados en profundizar sus conocimientos sobre la <strong>evaluaci\u00f3n y selecci\u00f3n de bovinos.<\/strong><\/p>\n<p style=\"text-align: justify;\">A lo largo de tres jornadas intensivas, los participantes accedieron a contenidos t\u00e9cnicos y pr\u00e1cticos vinculados a <strong>gen\u00e9tica, mercados, tipificaci\u00f3n, selecci\u00f3n funcional y visi\u00f3n productiva<\/strong>, en una experiencia dise\u00f1ada para fortalecer el criterio de an\u00e1lisis y la toma de decisiones dentro de la actividad ganadera.<\/p>\n<p style=\"text-align: justify;\">Las dos primeras jornadas se desarrollaron en la sede de la Asociaci\u00f3n, donde se realizaron exposiciones y espacios de intercambio con destacados referentes del sector. Entre ellos, compartieron sus conocimientos y experiencias <strong>V\u00edctor Tonelli, Mar\u00eda Calaf\u00e9, Luis Barcos, Alberto Mart\u00ednez Alonso, Pablo Genoud, Juan Manuel Alo\u00e9, Santiago Bordaberry, Horacio La Valle, Hernando Grandolini y Fernando Hern\u00e1ndez.<\/strong><\/p>\n<p style=\"text-align: justify;\">Uno de los momentos destacados fue la<strong> degustaci\u00f3n de carne Hereford,<\/strong> a cargo de Luis Barcos, director de la carrera de Sommeliers de Carne, quien acerc\u00f3 a los alumnos una mirada integral sobre el producto final. Esta actividad permiti\u00f3 vincular la gen\u00e9tica, la producci\u00f3n y la calidad de carne, completando una experiencia formativa de gran valor.<\/p>\n<p style=\"text-align: justify;\">La tercera jornada estuvo destinada al <strong>trabajo pr\u00e1ctico en campo<\/strong> y se realiz\u00f3 en la <strong>Estancia Santa Rita de Antiguas Estancias Don Roberto S.A.<\/strong>, ubicada en Saladillo, Provincia de Buenos Aires. All\u00ed los asistentes pudieron aplicar conceptos de selecci\u00f3n fenot\u00edpica, observaci\u00f3n funcional y evaluaci\u00f3n de reproductores en situaciones reales de producci\u00f3n.<\/p>\n<p style=\"text-align: justify;\">Desde Hereford Argentina agradecemos especialmente a <strong>Antiguas Estancias Don Roberto S.A.<\/strong> por abrir sus puertas y acompa\u00f1ar esta instancia pr\u00e1ctica, fundamental dentro del programa de capacitaci\u00f3n.<\/p>\n<p style=\"text-align: justify;\">Tambi\u00e9n reconocemos la participaci\u00f3n de los directores, Jos\u00e9 Goyanes y Mart\u00edn Deym y el compromiso y trabajo de coordinaci\u00f3n de Paula Rafaelli y Joaqu\u00edn Toledo, quienes fueron piezas clave para el desarrollo de esta edici\u00f3n.\u00a0<\/p>\n<p style=\"text-align: justify;\">La Escuela de Jurados Hereford contin\u00faa consolid\u00e1ndose como un espacio estrat\u00e9gico para la formaci\u00f3n t\u00e9cnica y el desarrollo de nuevas generaciones vinculadas a la ganader\u00eda, promoviendo conocimientos que impactan directamente en la mejora productiva y en el futuro de la raza.<\/p>\n<p class=\"v1last-child\"><!--EndFragment --><\/p>\n<p>[\/et_pb_text][\/et_pb_column][\/et_pb_row][et_pb_row column_structure=\u00bb1_5,1_5,1_5,1_5,1_5&#8243; _builder_version=\u00bb4.27.5&#8243; _module_preset=\u00bbdefault\u00bb global_colors_info=\u00bb{}\u00bb][et_pb_column type=\u00bb1_5&#8243; _builder_version=\u00bb4.27.5&#8243; _module_preset=\u00bbdefault\u00bb global_colors_info=\u00bb{}\u00bb][et_pb_image src=\u00bbhttps:\/\/www.hereford.org.ar\/web\/wp-content\/uploads\/2026\/04\/Fotos-FEED-IG-11.png\u00bb title_text=\u00bbFotos FEED &#8211; IG (11)\u00bb _builder_version=\u00bb4.27.5&#8243; _module_preset=\u00bbdefault\u00bb global_colors_info=\u00bb{}\u00bb][\/et_pb_image][\/et_pb_column][et_pb_column type=\u00bb1_5&#8243; _builder_version=\u00bb4.27.5&#8243; _module_preset=\u00bbdefault\u00bb global_colors_info=\u00bb{}\u00bb][et_pb_image src=\u00bbhttps:\/\/www.hereford.org.ar\/web\/wp-content\/uploads\/2026\/04\/Fotos-FEED-IG-5.png\u00bb title_text=\u00bbFotos FEED &#8211; IG (5)\u00bb _builder_version=\u00bb4.27.5&#8243; _module_preset=\u00bbdefault\u00bb global_colors_info=\u00bb{}\u00bb][\/et_pb_image][\/et_pb_column][et_pb_column type=\u00bb1_5&#8243; _builder_version=\u00bb4.27.5&#8243; _module_preset=\u00bbdefault\u00bb global_colors_info=\u00bb{}\u00bb][et_pb_image src=\u00bbhttps:\/\/www.hereford.org.ar\/web\/wp-content\/uploads\/2026\/04\/Fotos-FEED-IG-15.png\u00bb title_text=\u00bbFotos FEED &#8211; IG (15)\u00bb _builder_version=\u00bb4.27.5&#8243; _module_preset=\u00bbdefault\u00bb global_colors_info=\u00bb{}\u00bb][\/et_pb_image][\/et_pb_column][et_pb_column type=\u00bb1_5&#8243; _builder_version=\u00bb4.27.5&#8243; _module_preset=\u00bbdefault\u00bb global_colors_info=\u00bb{}\u00bb][et_pb_image src=\u00bbhttps:\/\/www.hereford.org.ar\/web\/wp-content\/uploads\/2026\/04\/Fotos-FEED-IG-12.png\u00bb title_text=\u00bbFotos FEED &#8211; IG (12)\u00bb _builder_version=\u00bb4.27.5&#8243; _module_preset=\u00bbdefault\u00bb global_colors_info=\u00bb{}\u00bb][\/et_pb_image][\/et_pb_column][et_pb_column type=\u00bb1_5&#8243; _builder_version=\u00bb4.27.5&#8243; _module_preset=\u00bbdefault\u00bb global_colors_info=\u00bb{}\u00bb][et_pb_image src=\u00bbhttps:\/\/www.hereford.org.ar\/web\/wp-content\/uploads\/2026\/04\/Fotos-FEED-IG-4.png\u00bb title_text=\u00bbFotos FEED &#8211; IG (4)\u00bb _builder_version=\u00bb4.27.5&#8243; _module_preset=\u00bbdefault\u00bb global_colors_info=\u00bb{}\u00bb][\/et_pb_image][\/et_pb_column][\/et_pb_row][\/et_pb_section]<\/p>\n","protected":false},"excerpt":{"rendered":"<p>Escuela de Jurados Hereford&#8230;<\/p>\n","protected":false},"author":5,"featured_media":6549,"comment_status":"closed","ping_status":"open","sticky":false,"template":"","format":"standard","meta":{"_et_pb_use_builder":"on","_et_pb_old_content":"","_et_gb_content_width":"","site-sidebar-layout":"default","site-content-layout":"","ast-site-content-layout":"default","site-content-style":"default","site-sidebar-style":"default","ast-global-header-display":"","ast-banner-title-visibility":"","ast-main-header-display":"","ast-hfb-above-header-display":"","ast-hfb-below-header-display":"","ast-hfb-mobile-header-display":"","site-post-title":"","ast-breadcrumbs-content":"","ast-featured-img":"","footer-sml-layout":"","ast-disable-related-posts":"","theme-transparent-header-meta":"","adv-header-id-meta":"","stick-header-meta":"","header-above-stick-meta":"","header-main-stick-meta":"","header-below-stick-meta":"","astra-migrate-meta-layouts":"set","ast-page-background-enabled":"default","ast-page-background-meta":{"desktop":{"background-color":"var(--ast-global-color-4)","background-image":"","background-repeat":"repeat","background-position":"center center","background-size":"auto","background-attachment":"scroll","background-type":"","background-media":"","overlay-type":"","overlay-color":"","overlay-opacity":"","overlay-gradient":""},"tablet":{"background-color":"","background-image":"","background-repeat":"repeat","background-position":"center center","background-size":"auto","background-attachment":"scroll","background-type":"","background-media":"","overlay-type":"","overlay-color":"","overlay-opacity":"","overlay-gradient":""},"mobile":{"background-color":"","background-image":"","background-repeat":"repeat","background-position":"center center","background-size":"auto","background-attachment":"scroll","background-type":"","background-media":"","overlay-type":"","overlay-color":"","overlay-opacity":"","overlay-gradient":""}},"ast-content-background-meta":{"desktop":{"background-color":"var(--ast-global-color-5)","background-image":"","background-repeat":"repeat","background-position":"center center","background-size":"auto","background-attachment":"scroll","background-type":"","background-media":"","overlay-type":"","overlay-color":"","overlay-opacity":"","overlay-gradient":""},"tablet":{"background-color":"var(--ast-global-color-5)","background-image":"","background-repeat":"repeat","background-position":"center center","background-size":"auto","background-attachment":"scroll","background-type":"","background-media":"","overlay-type":"","overlay-color":"","overlay-opacity":"","overlay-gradient":""},"mobile":{"background-color":"var(--ast-global-color-5)","background-image":"","background-repeat":"repeat","background-position":"center center","background-size":"auto","background-attachment":"scroll","background-type":"","background-media":"","overlay-type":"","overlay-color":"","overlay-opacity":"","overlay-gradient":""}},"footnotes":""},"categories":[1],"tags":[],"class_list":["post-6547","post","type-post","status-publish","format-standard","has-post-thumbnail","hentry","category-uncategorized"],"_links":{"self":[{"href":"https:\/\/www.hereford.org.ar\/web\/wp-json\/wp\/v2\/posts\/6547","targetHints":{"allow":["GET"]}}],"collection":[{"href":"https:\/\/www.hereford.org.ar\/web\/wp-json\/wp\/v2\/posts"}],"about":[{"href":"https:\/\/www.hereford.org.ar\/web\/wp-json\/wp\/v2\/types\/post"}],"author":[{"embeddable":true,"href":"https:\/\/www.hereford.org.ar\/web\/wp-json\/wp\/v2\/users\/5"}],"replies":[{"embeddable":true,"href":"https:\/\/www.hereford.org.ar\/web\/wp-json\/wp\/v2\/comments?post=6547"}],"version-history":[{"count":5,"href":"https:\/\/www.hereford.org.ar\/web\/wp-json\/wp\/v2\/posts\/6547\/revisions"}],"predecessor-version":[{"id":6561,"href":"https:\/\/www.hereford.org.ar\/web\/wp-json\/wp\/v2\/posts\/6547\/revisions\/6561"}],"wp:featuredmedia":[{"embeddable":true,"href":"https:\/\/www.hereford.org.ar\/web\/wp-json\/wp\/v2\/media\/6549"}],"wp:attachment":[{"href":"https:\/\/www.hereford.org.ar\/web\/wp-json\/wp\/v2\/media?parent=6547"}],"wp:term":[{"taxonomy":"category","embeddable":true,"href":"https:\/\/www.hereford.org.ar\/web\/wp-json\/wp\/v2\/categories?post=6547"},{"taxonomy":"post_tag","embeddable":true,"href":"https:\/\/www.hereford.org.ar\/web\/wp-json\/wp\/v2\/tags?post=6547"}],"curies":[{"name":"wp","href":"https:\/\/api.w.org\/{rel}","templated":true}]}}