{"id":5814,"date":"2025-12-02T15:48:57","date_gmt":"2025-12-02T18:48:57","guid":{"rendered":"https:\/\/www.hereford.org.ar\/web\/?p=5814"},"modified":"2025-12-03T14:19:54","modified_gmt":"2025-12-03T17:19:54","slug":"coctel-de-fin-de-ano-2025-una-noche-de-reconocimientos-y-proyeccion","status":"publish","type":"post","link":"https:\/\/www.hereford.org.ar\/web\/coctel-de-fin-de-ano-2025-una-noche-de-reconocimientos-y-proyeccion\/","title":{"rendered":"C\u00f3ctel de Fin de A\u00f1o 2025: una noche de reconocimientos y proyecci\u00f3n"},"content":{"rendered":"<p>[et_pb_section fb_built=\u00bb1&#8243; _builder_version=\u00bb4.27.4&#8243; _module_preset=\u00bbdefault\u00bb global_colors_info=\u00bb{}\u00bb][et_pb_row _builder_version=\u00bb4.27.4&#8243; _module_preset=\u00bbdefault\u00bb global_colors_info=\u00bb{}\u00bb][et_pb_column type=\u00bb4_4&#8243; _builder_version=\u00bb4.27.4&#8243; _module_preset=\u00bbdefault\u00bb global_colors_info=\u00bb{}\u00bb][et_pb_text _builder_version=\u00bb4.27.4&#8243; _module_preset=\u00bbdefault\u00bb text_font=\u00bb|700|||||||\u00bb text_font_size=\u00bb24px\u00bb header_text_align=\u00bbcenter\u00bb text_orientation=\u00bbcenter\u00bb custom_padding=\u00bb|8px||12px||\u00bb global_colors_info=\u00bb{}\u00bb]<\/p>\n<p style=\"text-align: center;\"><strong><span class=\"cf0\">C\u00f3ctel de Fin de A\u00f1o 2025: una noche de reconocimientos y proyecci\u00f3n<!--EndFragment --><!--EndFragment --><!--EndFragment --><\/span><\/strong><\/p>\n<p>[\/et_pb_text][\/et_pb_column][\/et_pb_row][et_pb_row _builder_version=\u00bb4.27.4&#8243; _module_preset=\u00bbdefault\u00bb global_colors_info=\u00bb{}\u00bb][et_pb_column type=\u00bb4_4&#8243; _builder_version=\u00bb4.27.4&#8243; _module_preset=\u00bbdefault\u00bb global_colors_info=\u00bb{}\u00bb][et_pb_image src=\u00bbhttps:\/\/www.hereford.org.ar\/web\/wp-content\/uploads\/2025\/12\/Foto-web-notas-700&#215;500-1.png\u00bb title_text=\u00bbFoto web notas 700&#215;500 (1)\u00bb _builder_version=\u00bb4.27.4&#8243; _module_preset=\u00bbdefault\u00bb width=\u00bb65%\u00bb max_width=\u00bb65%\u00bb module_alignment=\u00bbcenter\u00bb global_colors_info=\u00bb{}\u00bb][\/et_pb_image][\/et_pb_column][\/et_pb_row][et_pb_row _builder_version=\u00bb4.27.4&#8243; _module_preset=\u00bbdefault\u00bb global_colors_info=\u00bb{}\u00bb][et_pb_column type=\u00bb4_4&#8243; _builder_version=\u00bb4.27.4&#8243; _module_preset=\u00bbdefault\u00bb global_colors_info=\u00bb{}\u00bb][et_pb_text _builder_version=\u00bb4.27.4&#8243; _module_preset=\u00bbdefault\u00bb custom_padding=\u00bb|12px||9px||\u00bb global_colors_info=\u00bb{}\u00bb]<\/p>\n<p class=\"pf0\"><!--StartFragment --><\/p>\n<p style=\"text-align: justify;\"><span class=\"cf0\">El lunes 1 de diciembre, Hereford Argentina celebr\u00f3 en su sede un nuevo encuentro de fin de a\u00f1o, compartiendo una noche de camarader\u00eda, reconocimientos y reflexi\u00f3n sobre los desaf\u00edos que vendr\u00e1n en 2026.<\/span><\/p>\n<p style=\"text-align: justify;\"><span class=\"cf0\">Durante la jornada se entregaron medallas conmemorativas a los socios que acompa\u00f1an a la Asociaci\u00f3n desde hace 50 a\u00f1os de manera ininterrumpida, y se distinguieron a las caba\u00f1as destacadas del a\u00f1o con los tradicionales Premios Anuales 2025.\u00a0<\/span><\/p>\n<p style=\"text-align: justify;\"><span class=\"cf0\">Entre los momentos especiales se destac\u00f3 el <strong>homenaje a Marta Vila Moret<\/strong> por su compromiso con la Asociaci\u00f3n y la despedida del <strong>inspector Francisco Madero,<\/strong> quien culmin\u00f3 una trayectoria de gran dedicaci\u00f3n al servicio de la raza.<\/span><\/p>\n<p style=\"text-align: justify;\"><span class=\"cf0\">Tambi\u00e9n se realiz\u00f3 un reconocimiento a los socios que cumplieron 50 a\u00f1os como socios: <strong>Horacio Luis La Valle, Alberto Juan Ram\u00f3n <\/strong><\/span><strong><span class=\"cf0\">Lalor<\/span><span class=\"cf0\"> y E. <\/span><span class=\"cf0\">Llavalol<\/span><\/strong><span class=\"cf0\"><strong> e Hijos S.A.A. y C<\/strong>., s\u00edmbolos de compromiso y permanencia que honran la historia de Hereford en el pa\u00eds.<\/span><\/p>\n<p style=\"text-align: justify;\"><strong><span class=\"cf0\">Premios Anuales 2025<\/span><\/strong><\/p>\n<ul style=\"text-align: justify;\">\n<li><span class=\"cf0\">Ni\u00e1gara 2025 <\/span><span class=\"cf1\">\u2013<\/span><span class=\"cf0\"> 1.\u00ba y Animales J\u00f3venes 2025 <\/span><span class=\"cf1\">\u2013<\/span><span class=\"cf0\"> 2.\u00ba: La <\/span><span class=\"cf0\">Oma<\/span><span class=\"cf0\"> de Doble G del Litoral S.A.<\/span><\/li>\n<li><span class=\"cf0\">Ni\u00e1gara 2025 <\/span><span class=\"cf1\">\u2013<\/span><span class=\"cf0\"> 2.\u00ba y Animales J\u00f3venes 2025 <\/span><span class=\"cf1\">\u2013<\/span><span class=\"cf0\"> 1.\u00ba: La Lucrecia<\/span><\/li>\n<li><span class=\"cf0\">Ni\u00e1gara Sur 2025 <\/span><span class=\"cf1\">\u2013<\/span><span class=\"cf0\"> 1.\u00ba: La Txapela de Suc. de \u00c1ngel Jaca<\/span><\/li>\n<li><span class=\"cf0\">Ni\u00e1gara Sur 2025 <\/span><span class=\"cf1\">\u2013<\/span><span class=\"cf0\"> 2.\u00ba: Ganadera Esquel S.A.R.I.F.<\/span><\/li>\n<li><span class=\"cf0\">Puro Registrado 2025 <\/span><span class=\"cf1\">\u2013<\/span><span class=\"cf0\"> 1.\u00ba: <span>La Reconquista de Holzmann Jorge A.<\/span><\/span><\/li>\n<li><span class=\"cf0\">Puro Registrado 2025 <\/span><span class=\"cf1\">\u2013<\/span><span class=\"cf0\"> 2.\u00ba: <!--StartFragment -->Los Cedros de Bousquet F y A. S.H.\u00a0<!--EndFragment --><\/span><\/li>\n<li><span class=\"cf0\">PR Sur 2025 <\/span><span class=\"cf1\">\u2013<\/span><span class=\"cf0\"> 1.\u00ba: Los Murmullos de Garruchos S.A.<\/span><\/li>\n<li><span class=\"cf0\">PR Sur 2025 <\/span><span class=\"cf1\">\u2013<\/span><span class=\"cf0\"> 2.\u00ba: Don Manuel de Suc. de Acu\u00f1a Oscar Manuel<\/span><\/li>\n<\/ul>\n<p class=\"pf0\" style=\"text-align: justify;\"><!--StartFragment --><\/p>\n<p style=\"text-align: justify;\"><strong><span class=\"cf0\">Distinciones especiales por su contribuci\u00f3n a los programas de mejoramiento gen\u00e9tico 2025:<\/span><\/strong><\/p>\n<ul style=\"text-align: justify;\">\n<li><span class=\"cf0\">M\u00e1s machos PR y S\/ marcados, m\u00e1s hembras PR marcadas, m\u00e1s animales <\/span><span class=\"cf0\">genotipados<\/span><span class=\"cf0\"> y 3.\u00ba premio Prueba RFI: Caldenes S.A.<\/span><\/li>\n<li><span class=\"cf0\">M\u00e1s machos PR y S\/ marcados: Asociaci\u00f3n de Monjes Cistercienses<\/span><\/li>\n<li><span class=\"cf0\">M\u00e1s hembras PR marcadas: F\u00e9lix Oscar <\/span><span class=\"cf0\">Gougy<\/span><span class=\"cf0\"> S.A.<\/span><\/li>\n<li><span class=\"cf0\">M\u00e1s VIP marcadas: Compa\u00f1\u00eda de Tierras Sud Argentino S.A.U. y <\/span><span class=\"cf0\">Pompar<\/span><span class=\"cf0\"> Mat\u00edas Alexis<\/span><\/li>\n<li><span class=\"cf0\">M\u00e1s animales evaluados en el PEG y 1.\u00ba premio Prueba RFI: Estancia y Caba\u00f1a Santo Domingo S.C.A.<\/span><\/li>\n<li><span class=\"cf0\">M\u00e1s animales evaluados en el PEG: Horacio Luis La Valle<\/span><\/li>\n<li><span class=\"cf0\">M\u00e1s animales <\/span><span class=\"cf0\">genotipados<\/span><span class=\"cf0\">: Garruchos S.A.<\/span><\/li>\n<li><span class=\"cf0\">2.\u00ba premio Prueba RFI: Sucesores de <\/span><span class=\"cf0\">Spiazzi<\/span><span class=\"cf0\"> <\/span><span class=\"cf0\">Rumelio<\/span><span class=\"cf0\"> Bautista<\/span><\/li>\n<\/ul>\n<p style=\"text-align: justify;\"><span class=\"cf0\">Premio m\u00e1s socios 2025: Mart\u00edn Jensen (Promotor T\u00e9cnico Regional) y Caba\u00f1a debutante durante la Expo Palermo: <!--StartFragment --><\/span><span class=\"cf0\">Moranchel Alicia Margarita<\/span><span class=\"cf0\"><!--EndFragment --><\/span><span class=\"cf0\"><!--StartFragment --><\/span><\/p>\n<p style=\"text-align: justify;\"><span class=\"cf0\">La celebraci\u00f3n cont\u00f3 con la <strong>presencia<\/strong> de Nicol\u00e1s Pino, presidente de la Sociedad Rural Argentina; Amadeo Derito, Presidente de Angus y socio Hereford; Fernando Herrera, Presidente de APEA &#8211; Asociaci\u00f3n de Productores Exportadores Argentinos junto a <strong>miembros del Consejo Asesor de la Asociaci\u00f3n, directores, socios, sponsors, staff e invitados especiales<\/strong>, quienes acompa\u00f1aron este cierre de a\u00f1o compartiendo un brindis por los logros alcanzados y los proyectos que vendr\u00e1n.<\/span><\/p>\n<p style=\"text-align: justify;\"><span class=\"cf0\">Tambi\u00e9n se destac\u00f3 la participaci\u00f3n del<strong> servicio gastron\u00f3mico<\/strong> de La <strong>Pata Hereford,<\/strong> presente durante el evento, y el anuncio del Vino Hereford, que pr\u00f3ximamente estar\u00e1 disponible para su adquisici\u00f3n en la tienda virtual de Grupo Pe\u00f1aflor.<\/span><\/p>\n<p style=\"text-align: justify;\"><span class=\"cf0\">Desde la Asociaci\u00f3n Argentina Criadores de Hereford, se agradeci\u00f3 a todos los socios, criadores y colaboradores que hicieron posible otro a\u00f1o de crecimiento sostenido, innovaci\u00f3n y trabajo conjunto por el fortalecimiento de la raza.<\/span><\/p>\n<p><!--EndFragment --><\/p>\n<p>[\/et_pb_text][et_pb_video src=\u00bbhttps:\/\/youtu.be\/iiqhYS-537M?si=ako0jAH-DkAUoetL\u00bb _builder_version=\u00bb4.27.4&#8243; _module_preset=\u00bbdefault\u00bb global_colors_info=\u00bb{}\u00bb][\/et_pb_video][et_pb_gallery gallery_ids=\u00bb5820,5821,5822,5823,5824,5825,5826,5827,5828,5829,5830,5831,5832,5833,5834,5835,5836,5837,5838,5839,5840,5841,5842,5843,5844,5845,5846,5847,5848&#8243; posts_number=\u00bb12&#8243; show_title_and_caption=\u00bboff\u00bb _builder_version=\u00bb4.27.4&#8243; _module_preset=\u00bbdefault\u00bb global_colors_info=\u00bb{}\u00bb][\/et_pb_gallery][\/et_pb_column][\/et_pb_row][\/et_pb_section]<\/p>\n","protected":false},"excerpt":{"rendered":"<p>C\u00f3ctel de Fin de A\u00f1o 2025:&#8230;<\/p>\n","protected":false},"author":5,"featured_media":5816,"comment_status":"closed","ping_status":"open","sticky":false,"template":"","format":"standard","meta":{"_et_pb_use_builder":"on","_et_pb_old_content":"","_et_gb_content_width":"","site-sidebar-layout":"default","site-content-layout":"","ast-site-content-layout":"default","site-content-style":"default","site-sidebar-style":"default","ast-global-header-display":"","ast-banner-title-visibility":"","ast-main-header-display":"","ast-hfb-above-header-display":"","ast-hfb-below-header-display":"","ast-hfb-mobile-header-display":"","site-post-title":"","ast-breadcrumbs-content":"","ast-featured-img":"","footer-sml-layout":"","ast-disable-related-posts":"","theme-transparent-header-meta":"","adv-header-id-meta":"","stick-header-meta":"","header-above-stick-meta":"","header-main-stick-meta":"","header-below-stick-meta":"","astra-migrate-meta-layouts":"set","ast-page-background-enabled":"default","ast-page-background-meta":{"desktop":{"background-color":"var(--ast-global-color-4)","background-image":"","background-repeat":"repeat","background-position":"center center","background-size":"auto","background-attachment":"scroll","background-type":"","background-media":"","overlay-type":"","overlay-color":"","overlay-opacity":"","overlay-gradient":""},"tablet":{"background-color":"","background-image":"","background-repeat":"repeat","background-position":"center center","background-size":"auto","background-attachment":"scroll","background-type":"","background-media":"","overlay-type":"","overlay-color":"","overlay-opacity":"","overlay-gradient":""},"mobile":{"background-color":"","background-image":"","background-repeat":"repeat","background-position":"center center","background-size":"auto","background-attachment":"scroll","background-type":"","background-media":"","overlay-type":"","overlay-color":"","overlay-opacity":"","overlay-gradient":""}},"ast-content-background-meta":{"desktop":{"background-color":"var(--ast-global-color-5)","background-image":"","background-repeat":"repeat","background-position":"center center","background-size":"auto","background-attachment":"scroll","background-type":"","background-media":"","overlay-type":"","overlay-color":"","overlay-opacity":"","overlay-gradient":""},"tablet":{"background-color":"var(--ast-global-color-5)","background-image":"","background-repeat":"repeat","background-position":"center center","background-size":"auto","background-attachment":"scroll","background-type":"","background-media":"","overlay-type":"","overlay-color":"","overlay-opacity":"","overlay-gradient":""},"mobile":{"background-color":"var(--ast-global-color-5)","background-image":"","background-repeat":"repeat","background-position":"center center","background-size":"auto","background-attachment":"scroll","background-type":"","background-media":"","overlay-type":"","overlay-color":"","overlay-opacity":"","overlay-gradient":""}},"footnotes":""},"categories":[1],"tags":[],"class_list":["post-5814","post","type-post","status-publish","format-standard","has-post-thumbnail","hentry","category-uncategorized"],"_links":{"self":[{"href":"https:\/\/www.hereford.org.ar\/web\/wp-json\/wp\/v2\/posts\/5814","targetHints":{"allow":["GET"]}}],"collection":[{"href":"https:\/\/www.hereford.org.ar\/web\/wp-json\/wp\/v2\/posts"}],"about":[{"href":"https:\/\/www.hereford.org.ar\/web\/wp-json\/wp\/v2\/types\/post"}],"author":[{"embeddable":true,"href":"https:\/\/www.hereford.org.ar\/web\/wp-json\/wp\/v2\/users\/5"}],"replies":[{"embeddable":true,"href":"https:\/\/www.hereford.org.ar\/web\/wp-json\/wp\/v2\/comments?post=5814"}],"version-history":[{"count":16,"href":"https:\/\/www.hereford.org.ar\/web\/wp-json\/wp\/v2\/posts\/5814\/revisions"}],"predecessor-version":[{"id":5869,"href":"https:\/\/www.hereford.org.ar\/web\/wp-json\/wp\/v2\/posts\/5814\/revisions\/5869"}],"wp:featuredmedia":[{"embeddable":true,"href":"https:\/\/www.hereford.org.ar\/web\/wp-json\/wp\/v2\/media\/5816"}],"wp:attachment":[{"href":"https:\/\/www.hereford.org.ar\/web\/wp-json\/wp\/v2\/media?parent=5814"}],"wp:term":[{"taxonomy":"category","embeddable":true,"href":"https:\/\/www.hereford.org.ar\/web\/wp-json\/wp\/v2\/categories?post=5814"},{"taxonomy":"post_tag","embeddable":true,"href":"https:\/\/www.hereford.org.ar\/web\/wp-json\/wp\/v2\/tags?post=5814"}],"curies":[{"name":"wp","href":"https:\/\/api.w.org\/{rel}","templated":true}]}}