{"id":5799,"date":"2025-11-28T10:39:01","date_gmt":"2025-11-28T13:39:01","guid":{"rendered":"https:\/\/www.hereford.org.ar\/web\/?p=5799"},"modified":"2025-11-28T11:00:39","modified_gmt":"2025-11-28T14:00:39","slug":"nueva-edicion-del-remate-hereford-y-sus-derivados-en-el-mag-noviembre-2025","status":"publish","type":"post","link":"https:\/\/www.hereford.org.ar\/web\/nueva-edicion-del-remate-hereford-y-sus-derivados-en-el-mag-noviembre-2025\/","title":{"rendered":"Nueva edici\u00f3n del Remate Hereford y sus Derivados en el MAG: Noviembre 2025"},"content":{"rendered":"<p>[et_pb_section fb_built=\u00bb1&#8243; _builder_version=\u00bb4.27.4&#8243; _module_preset=\u00bbdefault\u00bb global_colors_info=\u00bb{}\u00bb theme_builder_area=\u00bbpost_content\u00bb][et_pb_row _builder_version=\u00bb4.27.4&#8243; _module_preset=\u00bbdefault\u00bb global_colors_info=\u00bb{}\u00bb theme_builder_area=\u00bbpost_content\u00bb][et_pb_column type=\u00bb4_4&#8243; _builder_version=\u00bb4.27.4&#8243; _module_preset=\u00bbdefault\u00bb global_colors_info=\u00bb{}\u00bb theme_builder_area=\u00bbpost_content\u00bb][et_pb_text _builder_version=\u00bb4.27.4&#8243; _module_preset=\u00bbdefault\u00bb text_font=\u00bb|700|||||||\u00bb text_font_size=\u00bb24px\u00bb header_text_align=\u00bbcenter\u00bb text_orientation=\u00bbcenter\u00bb custom_padding=\u00bb|8px||12px||\u00bb hover_enabled=\u00bb0&#8243; global_colors_info=\u00bb{}\u00bb theme_builder_area=\u00bbpost_content\u00bb sticky_enabled=\u00bb0&#8243;]<\/p>\n<p style=\"text-align: center;\"><strong><span class=\"cf0\">Nueva edici\u00f3n del Remate Hereford y sus Derivados en el MAG: Noviembre 2025 <!--EndFragment --><!--EndFragment --><!--EndFragment --><\/span><\/strong><\/p>\n<p>[\/et_pb_text][\/et_pb_column][\/et_pb_row][et_pb_row _builder_version=\u00bb4.27.4&#8243; _module_preset=\u00bbdefault\u00bb global_colors_info=\u00bb{}\u00bb theme_builder_area=\u00bbpost_content\u00bb][et_pb_column type=\u00bb4_4&#8243; _builder_version=\u00bb4.27.4&#8243; _module_preset=\u00bbdefault\u00bb global_colors_info=\u00bb{}\u00bb theme_builder_area=\u00bbpost_content\u00bb][et_pb_image src=\u00bbhttps:\/\/www.hereford.org.ar\/web\/wp-content\/uploads\/2025\/11\/Foto-web-notas-700&#215;500-5.png\u00bb title_text=\u00bbFoto web notas 700&#215;500&#8243; _builder_version=\u00bb4.27.4&#8243; _module_preset=\u00bbdefault\u00bb width=\u00bb65%\u00bb max_width=\u00bb65%\u00bb module_alignment=\u00bbcenter\u00bb hover_enabled=\u00bb0&#8243; global_colors_info=\u00bb{}\u00bb theme_builder_area=\u00bbpost_content\u00bb sticky_enabled=\u00bb0&#8243;][\/et_pb_image][\/et_pb_column][\/et_pb_row][et_pb_row _builder_version=\u00bb4.27.4&#8243; _module_preset=\u00bbdefault\u00bb global_colors_info=\u00bb{}\u00bb theme_builder_area=\u00bbpost_content\u00bb][et_pb_column type=\u00bb4_4&#8243; _builder_version=\u00bb4.27.4&#8243; _module_preset=\u00bbdefault\u00bb global_colors_info=\u00bb{}\u00bb theme_builder_area=\u00bbpost_content\u00bb][et_pb_text _builder_version=\u00bb4.27.4&#8243; _module_preset=\u00bbdefault\u00bb custom_padding=\u00bb|0px||7px||\u00bb hover_enabled=\u00bb0&#8243; global_colors_info=\u00bb{}\u00bb theme_builder_area=\u00bbpost_content\u00bb sticky_enabled=\u00bb0&#8243;]<\/p>\n<p><!--StartFragment --><\/p>\n<p class=\"pf0\"><!--StartFragment --><\/p>\n<p class=\"pf0\"><span class=\"cf0\">El jueves 26 de noviembre, se realiz\u00f3 una nueva edici\u00f3n del <strong>Remate Hereford y sus Derivados<\/strong> en el Mercado Agroganadero de Ca\u00f1uelas, bajo la firma consignataria S\u00e1enz Valiente, Bullrich y C\u00eda. S.A.\u00a0<\/span><span class=\"cf0\">Fue una excelente jornada comercial, con m\u00e1s de 350 ejemplares rematados, muy buena oferta y valores firmes que reflejan la demanda por gen\u00e9tica Hereford.<\/span><\/p>\n<p class=\"pf0\"><span style=\"color: #339966;\"><strong><span class=\"cf0\">Premios destacados<\/span><\/strong><\/span><\/p>\n<ul>\n<li class=\"pf0\"><span class=\"cf0\"><strong>Mejor Lote de Machos<\/strong>: Carlos <\/span><span class=\"cf0\">Monvale<\/span><\/li>\n<li class=\"pf0\"><span class=\"cf0\"><strong>Mejor Lote de Hembras<\/strong>: <\/span><span class=\"cf0\">Cence<\/span><span class=\"cf0\"> S.R.L.<\/span><\/li>\n<li class=\"pf0\"><span class=\"cf0\"><strong>Mayor Remitente<\/strong>: Serran\u00eda de <\/span><span class=\"cf0\">Lolen<\/span><span class=\"cf0\"> S.A.<\/span><\/li>\n<li class=\"pf0\"><span class=\"cf0\"><strong>Mejor Precio:<\/strong> Estancia y Caba\u00f1a Santo Domingo S.C.A.<\/span><\/li>\n<\/ul>\n<p class=\"pf0\"><span style=\"color: #339966;\"><strong><span class=\"cf0\">Resultados por categor\u00eda<\/span><\/strong><\/span><\/p>\n<p class=\"pf0\"><span class=\"cf0\">(Categor\u00eda <\/span><span class=\"cf1\">\u2013 Promedio \u2013 M<\/span><span class=\"cf0\">\u00e1ximo <\/span><span class=\"cf1\">\u2013 M<\/span><span class=\"cf0\">\u00ednimo)<\/span><\/p>\n<ul>\n<li class=\"pf0\"><span class=\"cf0\"><strong>Novillito C\/PH\/H:<\/strong> $4.300 <\/span><span class=\"cf1\">\u2013 $4.300 \u2013 $4.300<\/span><\/li>\n<li class=\"pf0\"><span class=\"cf1\"><strong>Novillo C\/PH\/H<\/strong>: $4.315,04 \u2013 $4.400 \u2013 $4.250<\/span><\/li>\n<li class=\"pf0\"><span class=\"cf1\"><strong>MEJ C\/PH\/H:<\/strong> $3.778,85 \u2013 $4.100 \u2013 $3.400<\/span><\/li>\n<li class=\"pf0\"><span class=\"cf1\"><strong>Vaquillona C\/PH\/H<\/strong>: $4.071,97 \u2013 $4.120 \u2013 $4.000<\/span><\/li>\n<li class=\"pf0\"><span class=\"cf1\"><strong>Vaca C\/PH\/H (s\/servicio):<\/strong> $3.215,38 \u2013 $3.400 \u2013 $2.500<\/span><\/li>\n<li class=\"pf0\"><span class=\"cf1\"><strong>Ternera C\/PH\/H (s\/servicio):<\/strong> $4.150 \u2013 $4.150 \u2013 $4.150<\/span><span class=\"cf1\"><\/span><\/li>\n<\/ul>\n<p class=\"pf0\"><span class=\"cf0\">Con <strong>m\u00e1s de 2.100 cabezas rematadas en lo que va del a\u00f1o<\/strong> y la participaci\u00f3n de m\u00e1s de 20 productores, seguimos consolidando el desarrollo comercial de nuestra raza.<\/span><\/p>\n<p class=\"pf0\"><span class=\"cf0\">Desde Hereford Argentina agradecemos el compromiso de los criadores que contin\u00faan apostando al futuro de la ganader\u00eda nacional.<\/span><\/p>\n<p class=\"pf0\"><!--EndFragment --><\/p>\n<p><!--EndFragment --><\/p>\n<p>[\/et_pb_text][et_pb_gallery gallery_ids=\u00bb5807,5804,5805,5806,5801&#8243; posts_number=\u00bb6&#8243; show_title_and_caption=\u00bboff\u00bb _builder_version=\u00bb4.27.4&#8243; _module_preset=\u00bbdefault\u00bb hover_enabled=\u00bb0&#8243; global_colors_info=\u00bb{}\u00bb theme_builder_area=\u00bbpost_content\u00bb sticky_enabled=\u00bb0&#8243;][\/et_pb_gallery][\/et_pb_column][\/et_pb_row][\/et_pb_section]<\/p>\n","protected":false},"excerpt":{"rendered":"<p>Nueva edici\u00f3n del Remate&#8230;<\/p>\n","protected":false},"author":5,"featured_media":5801,"comment_status":"closed","ping_status":"open","sticky":false,"template":"","format":"standard","meta":{"_et_pb_use_builder":"on","_et_pb_old_content":"","_et_gb_content_width":"","site-sidebar-layout":"default","site-content-layout":"","ast-site-content-layout":"default","site-content-style":"default","site-sidebar-style":"default","ast-global-header-display":"","ast-banner-title-visibility":"","ast-main-header-display":"","ast-hfb-above-header-display":"","ast-hfb-below-header-display":"","ast-hfb-mobile-header-display":"","site-post-title":"","ast-breadcrumbs-content":"","ast-featured-img":"","footer-sml-layout":"","ast-disable-related-posts":"","theme-transparent-header-meta":"","adv-header-id-meta":"","stick-header-meta":"","header-above-stick-meta":"","header-main-stick-meta":"","header-below-stick-meta":"","astra-migrate-meta-layouts":"set","ast-page-background-enabled":"default","ast-page-background-meta":{"desktop":{"background-color":"var(--ast-global-color-4)","background-image":"","background-repeat":"repeat","background-position":"center center","background-size":"auto","background-attachment":"scroll","background-type":"","background-media":"","overlay-type":"","overlay-color":"","overlay-opacity":"","overlay-gradient":""},"tablet":{"background-color":"","background-image":"","background-repeat":"repeat","background-position":"center center","background-size":"auto","background-attachment":"scroll","background-type":"","background-media":"","overlay-type":"","overlay-color":"","overlay-opacity":"","overlay-gradient":""},"mobile":{"background-color":"","background-image":"","background-repeat":"repeat","background-position":"center center","background-size":"auto","background-attachment":"scroll","background-type":"","background-media":"","overlay-type":"","overlay-color":"","overlay-opacity":"","overlay-gradient":""}},"ast-content-background-meta":{"desktop":{"background-color":"var(--ast-global-color-5)","background-image":"","background-repeat":"repeat","background-position":"center center","background-size":"auto","background-attachment":"scroll","background-type":"","background-media":"","overlay-type":"","overlay-color":"","overlay-opacity":"","overlay-gradient":""},"tablet":{"background-color":"var(--ast-global-color-5)","background-image":"","background-repeat":"repeat","background-position":"center center","background-size":"auto","background-attachment":"scroll","background-type":"","background-media":"","overlay-type":"","overlay-color":"","overlay-opacity":"","overlay-gradient":""},"mobile":{"background-color":"var(--ast-global-color-5)","background-image":"","background-repeat":"repeat","background-position":"center center","background-size":"auto","background-attachment":"scroll","background-type":"","background-media":"","overlay-type":"","overlay-color":"","overlay-opacity":"","overlay-gradient":""}},"footnotes":""},"categories":[1],"tags":[],"class_list":["post-5799","post","type-post","status-publish","format-standard","has-post-thumbnail","hentry","category-uncategorized"],"_links":{"self":[{"href":"https:\/\/www.hereford.org.ar\/web\/wp-json\/wp\/v2\/posts\/5799","targetHints":{"allow":["GET"]}}],"collection":[{"href":"https:\/\/www.hereford.org.ar\/web\/wp-json\/wp\/v2\/posts"}],"about":[{"href":"https:\/\/www.hereford.org.ar\/web\/wp-json\/wp\/v2\/types\/post"}],"author":[{"embeddable":true,"href":"https:\/\/www.hereford.org.ar\/web\/wp-json\/wp\/v2\/users\/5"}],"replies":[{"embeddable":true,"href":"https:\/\/www.hereford.org.ar\/web\/wp-json\/wp\/v2\/comments?post=5799"}],"version-history":[{"count":3,"href":"https:\/\/www.hereford.org.ar\/web\/wp-json\/wp\/v2\/posts\/5799\/revisions"}],"predecessor-version":[{"id":5808,"href":"https:\/\/www.hereford.org.ar\/web\/wp-json\/wp\/v2\/posts\/5799\/revisions\/5808"}],"wp:featuredmedia":[{"embeddable":true,"href":"https:\/\/www.hereford.org.ar\/web\/wp-json\/wp\/v2\/media\/5801"}],"wp:attachment":[{"href":"https:\/\/www.hereford.org.ar\/web\/wp-json\/wp\/v2\/media?parent=5799"}],"wp:term":[{"taxonomy":"category","embeddable":true,"href":"https:\/\/www.hereford.org.ar\/web\/wp-json\/wp\/v2\/categories?post=5799"},{"taxonomy":"post_tag","embeddable":true,"href":"https:\/\/www.hereford.org.ar\/web\/wp-json\/wp\/v2\/tags?post=5799"}],"curies":[{"name":"wp","href":"https:\/\/api.w.org\/{rel}","templated":true}]}}