{"id":5782,"date":"2025-11-25T16:49:48","date_gmt":"2025-11-25T19:49:48","guid":{"rendered":"https:\/\/www.hereford.org.ar\/web\/?p=5782"},"modified":"2025-12-01T16:00:20","modified_gmt":"2025-12-01T19:00:20","slug":"19-jura-y-remate-hereford-en-rio-grande","status":"publish","type":"post","link":"https:\/\/www.hereford.org.ar\/web\/19-jura-y-remate-hereford-en-rio-grande\/","title":{"rendered":"19\u00b0 Jura y Remate Hereford en R\u00edo Grande"},"content":{"rendered":"\n[et_pb_section fb_built=\u00bb1&#8243; _builder_version=\u00bb4.27.4&#8243; _module_preset=\u00bbdefault\u00bb global_colors_info=\u00bb{}\u00bb theme_builder_area=\u00bbpost_content\u00bb][et_pb_row _builder_version=\u00bb4.27.4&#8243; _module_preset=\u00bbdefault\u00bb global_colors_info=\u00bb{}\u00bb theme_builder_area=\u00bbpost_content\u00bb][et_pb_column type=\u00bb4_4&#8243; _builder_version=\u00bb4.27.4&#8243; _module_preset=\u00bbdefault\u00bb global_colors_info=\u00bb{}\u00bb theme_builder_area=\u00bbpost_content\u00bb][et_pb_text _builder_version=\u00bb4.27.4&#8243; _module_preset=\u00bbdefault\u00bb text_font=\u00bb|700|||||||\u00bb text_font_size=\u00bb24px\u00bb header_text_align=\u00bbcenter\u00bb text_orientation=\u00bbcenter\u00bb custom_padding=\u00bb|8px||12px||\u00bb hover_enabled=\u00bb0&#8243; global_colors_info=\u00bb{}\u00bb theme_builder_area=\u00bbpost_content\u00bb sticky_enabled=\u00bb0&#8243;]<p style=\"text-align: center;\"><strong><span class=\"cf0\">19\u00b0 Jura y Remate Hereford en<span class=\"cf1\"> R<\/span>\u00edo Grande <!--EndFragment --><!--EndFragment --><\/span><\/strong><\/p>\n[\/et_pb_text][\/et_pb_column][\/et_pb_row][et_pb_row _builder_version=\u00bb4.27.4&#8243; _module_preset=\u00bbdefault\u00bb global_colors_info=\u00bb{}\u00bb theme_builder_area=\u00bbpost_content\u00bb][et_pb_column type=\u00bb4_4&#8243; _builder_version=\u00bb4.27.4&#8243; _module_preset=\u00bbdefault\u00bb global_colors_info=\u00bb{}\u00bb theme_builder_area=\u00bbpost_content\u00bb][et_pb_image src=\u00bbhttps:\/\/www.hereford.org.ar\/web\/wp-content\/uploads\/2025\/11\/Foto-web-notas-700&#215;500-3.png\u00bb title_text=\u00bbFoto web notas 700&#215;500&#8243; _builder_version=\u00bb4.27.4&#8243; _module_preset=\u00bbdefault\u00bb width=\u00bb65%\u00bb max_width=\u00bb65%\u00bb module_alignment=\u00bbcenter\u00bb hover_enabled=\u00bb0&#8243; global_colors_info=\u00bb{}\u00bb theme_builder_area=\u00bbpost_content\u00bb sticky_enabled=\u00bb0&#8243;][\/et_pb_image][\/et_pb_column][\/et_pb_row][et_pb_row _builder_version=\u00bb4.27.4&#8243; _module_preset=\u00bbdefault\u00bb global_colors_info=\u00bb{}\u00bb theme_builder_area=\u00bbpost_content\u00bb][et_pb_column type=\u00bb4_4&#8243; _builder_version=\u00bb4.27.4&#8243; _module_preset=\u00bbdefault\u00bb global_colors_info=\u00bb{}\u00bb theme_builder_area=\u00bbpost_content\u00bb][et_pb_text _builder_version=\u00bb4.27.4&#8243; _module_preset=\u00bbdefault\u00bb theme_builder_area=\u00bbpost_content\u00bb hover_enabled=\u00bb0&#8243; sticky_enabled=\u00bb0&#8243; custom_padding=\u00bb|0px||7px||\u00bb]<p><!--StartFragment --><\/p>\n<p class=\"pf0\"><span class=\"cf0\">El 22 y 23 de noviembre se realiz\u00f3 la <strong>19\u00b0 edici\u00f3n de la Jura y Remate Hereford<\/strong> en el predio de la <strong>Asociaci\u00f3n Rural de Tierra del Fuego,<\/strong> en R\u00edo Grande, un encuentro que volvi\u00f3 a reunir gen\u00e9tica, trabajo y tradici\u00f3n en uno de los territorios m\u00e1s australes del continente. <\/span><\/p>\n<p class=\"pf0\"><span class=\"cf0\">Participaron las estancias y caba\u00f1as Mar\u00eda Behety, Sara, San Luis, Pirinaica, Cabo Pe\u00f1as, La Retranca, La Vanguardia, Escuela Agrot\u00e9cnica Salesiana y Nuestra Se\u00f1ora de la Candelaria, presentando ejemplares destacados por su adaptaci\u00f3n, rusticidad y funcionamiento en un ambiente \u00fanico por sus condiciones productivas.<\/span><\/p>\n<p class=\"pf0\"><span class=\"cf0\">El <strong>jurado de clasificaci\u00f3n<\/strong> fue el <strong>Sr. \u00c1ngel Ira\u00f1eta<\/strong>, mientras que la admisi\u00f3n estuvo a cargo de los m\u00e9dicos veterinarios Mart\u00edn Jensen, Leandro Lamas y Nicol\u00e1s Carballo. La coordinaci\u00f3n general correspondi\u00f3 al Sr. Leopoldo Gallardo. Tambi\u00e9n particip\u00f3 del evento el Presidente de la Sociedad Rural Argentina, Nicol\u00e1s Pino, acompa\u00f1ando a productores y autoridades locales.<\/span><\/p>\n<p class=\"pf0\"><span class=\"cf0\">Las actividades comenzaron el s\u00e1bado con la jura de hembras y machos, seguida por la charla t\u00e9cnica \u201cGen\u00e9tica y medio ambiente en sistemas ganaderos\u201d, dictada por el M.V. Mart\u00edn Jensen. El domingo continu\u00f3 con una capacitaci\u00f3n para caba\u00f1eros, la misa de campo y el remate final, cerrando dos jornadas de camarader\u00eda y valoraci\u00f3n del trabajo ganadero fueguino.<\/span><\/p>\n<p class=\"pf0\"><strong><span class=\"cf0\">Resultados de la Jura de Clasificaci\u00f3n<\/span><\/strong><\/p>\n<ul>\n<li class=\"pf0\"><span class=\"cf2\">Gran Campe\u00f3n Macho X104 <\/span><span class=\"cf3\">\u2014 Estancia y Caba<\/span><span class=\"cf2\">\u00f1a Pirinaica<\/span><\/li>\n<li class=\"pf0\"><span class=\"cf2\">Reservado Gran Campe\u00f3n Macho X140 <\/span><span class=\"cf3\">\u2014 Estancia La Retranca<\/span><\/li>\n<li class=\"pf0\"><span class=\"cf2\">Gran Campe\u00f3n Hembra X117 <\/span><span class=\"cf3\">\u2014 Estancia y Caba<\/span><span class=\"cf2\">\u00f1a Pirinaica<\/span><\/li>\n<li class=\"pf0\"><span class=\"cf2\">Reservado Gran Campe\u00f3n Hembra X123 <\/span><span class=\"cf3\">\u2014 Estancia y Caba<\/span><span class=\"cf2\">\u00f1a Pirinaica<\/span><\/li>\n<li class=\"pf0\"><span class=\"cf2\">Gran Campe\u00f3n Macho PR B699 <\/span><span class=\"cf3\">\u2014 Estancia La Retranca<\/span><\/li>\n<li class=\"pf0\"><span class=\"cf2\">Reservado Gran Campe\u00f3n Macho PR: RP 4 <\/span><span class=\"cf3\">\u2014 Estancia Cabo Pe<\/span><span class=\"cf2\">\u00f1as<\/span><\/li>\n<li class=\"pf0\"><span class=\"cf2\">Lote Gran Campe\u00f3n Hembra PR G020 <\/span><span class=\"cf3\">\u2014 Estancia Sara Braun<\/span><\/li>\n<li class=\"pf0\"><span class=\"cf2\">Lote Gran Campe\u00f3n Hembra VIP Lote 22 <\/span><span class=\"cf3\">\u2014 Estancia San Luis<\/span><\/li>\n<\/ul>\n<p class=\"pf0\"><span class=\"cf3\">Desde Hereford Argentina agradecemos especialmente a todas las caba<\/span><span class=\"cf2\">\u00f1as participantes, a los miembros de la Zonal Tierra del Fuego, a los productores locales y a todos quienes hicieron posible esta nueva edici\u00f3n, reafirmando el compromiso y el potencial de la raza en la Patagonia Austral.<\/span><\/p>\n<p><!--EndFragment --><\/p>\n[\/et_pb_text][et_pb_gallery _builder_version=\u00bb4.27.4&#8243; _module_preset=\u00bbdefault\u00bb theme_builder_area=\u00bbpost_content\u00bb gallery_ids=\u00bb5787,5788,5789,5790,5791,5792&#8243; posts_number=\u00bb6&#8243; hover_enabled=\u00bb0&#8243; sticky_enabled=\u00bb0&#8243; show_title_and_caption=\u00bboff\u00bb][\/et_pb_gallery][\/et_pb_column][\/et_pb_row][\/et_pb_section]\n","protected":false},"excerpt":{"rendered":"<p>19\u00b0 Jura y Remate Hereford&#8230;<\/p>\n","protected":false},"author":5,"featured_media":5784,"comment_status":"closed","ping_status":"open","sticky":false,"template":"","format":"standard","meta":{"_et_pb_use_builder":"on","_et_pb_old_content":"","_et_gb_content_width":"","site-sidebar-layout":"default","site-content-layout":"","ast-site-content-layout":"default","site-content-style":"default","site-sidebar-style":"default","ast-global-header-display":"","ast-banner-title-visibility":"","ast-main-header-display":"","ast-hfb-above-header-display":"","ast-hfb-below-header-display":"","ast-hfb-mobile-header-display":"","site-post-title":"","ast-breadcrumbs-content":"","ast-featured-img":"","footer-sml-layout":"","ast-disable-related-posts":"","theme-transparent-header-meta":"","adv-header-id-meta":"","stick-header-meta":"","header-above-stick-meta":"","header-main-stick-meta":"","header-below-stick-meta":"","astra-migrate-meta-layouts":"set","ast-page-background-enabled":"default","ast-page-background-meta":{"desktop":{"background-color":"var(--ast-global-color-4)","background-image":"","background-repeat":"repeat","background-position":"center center","background-size":"auto","background-attachment":"scroll","background-type":"","background-media":"","overlay-type":"","overlay-color":"","overlay-opacity":"","overlay-gradient":""},"tablet":{"background-color":"","background-image":"","background-repeat":"repeat","background-position":"center center","background-size":"auto","background-attachment":"scroll","background-type":"","background-media":"","overlay-type":"","overlay-color":"","overlay-opacity":"","overlay-gradient":""},"mobile":{"background-color":"","background-image":"","background-repeat":"repeat","background-position":"center center","background-size":"auto","background-attachment":"scroll","background-type":"","background-media":"","overlay-type":"","overlay-color":"","overlay-opacity":"","overlay-gradient":""}},"ast-content-background-meta":{"desktop":{"background-color":"var(--ast-global-color-5)","background-image":"","background-repeat":"repeat","background-position":"center center","background-size":"auto","background-attachment":"scroll","background-type":"","background-media":"","overlay-type":"","overlay-color":"","overlay-opacity":"","overlay-gradient":""},"tablet":{"background-color":"var(--ast-global-color-5)","background-image":"","background-repeat":"repeat","background-position":"center center","background-size":"auto","background-attachment":"scroll","background-type":"","background-media":"","overlay-type":"","overlay-color":"","overlay-opacity":"","overlay-gradient":""},"mobile":{"background-color":"var(--ast-global-color-5)","background-image":"","background-repeat":"repeat","background-position":"center center","background-size":"auto","background-attachment":"scroll","background-type":"","background-media":"","overlay-type":"","overlay-color":"","overlay-opacity":"","overlay-gradient":""}},"footnotes":""},"categories":[1],"tags":[],"class_list":["post-5782","post","type-post","status-publish","format-standard","has-post-thumbnail","hentry","category-uncategorized"],"_links":{"self":[{"href":"https:\/\/www.hereford.org.ar\/web\/wp-json\/wp\/v2\/posts\/5782","targetHints":{"allow":["GET"]}}],"collection":[{"href":"https:\/\/www.hereford.org.ar\/web\/wp-json\/wp\/v2\/posts"}],"about":[{"href":"https:\/\/www.hereford.org.ar\/web\/wp-json\/wp\/v2\/types\/post"}],"author":[{"embeddable":true,"href":"https:\/\/www.hereford.org.ar\/web\/wp-json\/wp\/v2\/users\/5"}],"replies":[{"embeddable":true,"href":"https:\/\/www.hereford.org.ar\/web\/wp-json\/wp\/v2\/comments?post=5782"}],"version-history":[{"count":4,"href":"https:\/\/www.hereford.org.ar\/web\/wp-json\/wp\/v2\/posts\/5782\/revisions"}],"predecessor-version":[{"id":5813,"href":"https:\/\/www.hereford.org.ar\/web\/wp-json\/wp\/v2\/posts\/5782\/revisions\/5813"}],"wp:featuredmedia":[{"embeddable":true,"href":"https:\/\/www.hereford.org.ar\/web\/wp-json\/wp\/v2\/media\/5784"}],"wp:attachment":[{"href":"https:\/\/www.hereford.org.ar\/web\/wp-json\/wp\/v2\/media?parent=5782"}],"wp:term":[{"taxonomy":"category","embeddable":true,"href":"https:\/\/www.hereford.org.ar\/web\/wp-json\/wp\/v2\/categories?post=5782"},{"taxonomy":"post_tag","embeddable":true,"href":"https:\/\/www.hereford.org.ar\/web\/wp-json\/wp\/v2\/tags?post=5782"}],"curies":[{"name":"wp","href":"https:\/\/api.w.org\/{rel}","templated":true}]}}