{"id":5714,"date":"2025-11-11T16:10:49","date_gmt":"2025-11-11T19:10:49","guid":{"rendered":"https:\/\/www.hereford.org.ar\/web\/?p=5714"},"modified":"2025-11-11T16:19:32","modified_gmt":"2025-11-11T19:19:32","slug":"expo-agroproductiva-rio-grande-2025","status":"publish","type":"post","link":"https:\/\/www.hereford.org.ar\/web\/expo-agroproductiva-rio-grande-2025\/","title":{"rendered":"Expo Agroproductiva: R\u00edo Grande 2025"},"content":{"rendered":"<p>[et_pb_section fb_built=\u00bb1&#8243; _builder_version=\u00bb4.27.4&#8243; _module_preset=\u00bbdefault\u00bb global_colors_info=\u00bb{}\u00bb][et_pb_row _builder_version=\u00bb4.27.4&#8243; _module_preset=\u00bbdefault\u00bb global_colors_info=\u00bb{}\u00bb][et_pb_column type=\u00bb4_4&#8243; _builder_version=\u00bb4.27.4&#8243; _module_preset=\u00bbdefault\u00bb global_colors_info=\u00bb{}\u00bb][et_pb_text _builder_version=\u00bb4.27.4&#8243; _module_preset=\u00bbdefault\u00bb text_font=\u00bb|700|||||||\u00bb text_font_size=\u00bb24px\u00bb header_text_align=\u00bbcenter\u00bb text_orientation=\u00bbcenter\u00bb custom_padding=\u00bb|8px||12px||\u00bb global_colors_info=\u00bb{}\u00bb]<\/p>\n<p style=\"text-align: center;\"><strong><span class=\"cf0\">Expo <\/span><span class=\"cf0\">Agroproductiva<\/span><span class=\"cf0\">: R\u00edo Grande 2025<\/span><\/strong><\/p>\n<p>[\/et_pb_text][\/et_pb_column][\/et_pb_row][et_pb_row _builder_version=\u00bb4.27.4&#8243; _module_preset=\u00bbdefault\u00bb global_colors_info=\u00bb{}\u00bb][et_pb_column type=\u00bb4_4&#8243; _builder_version=\u00bb4.27.4&#8243; _module_preset=\u00bbdefault\u00bb global_colors_info=\u00bb{}\u00bb][et_pb_image src=\u00bbhttps:\/\/www.hereford.org.ar\/web\/wp-content\/uploads\/2025\/11\/Foto-web-notas-700&#215;500-1-1.png\u00bb title_text=\u00bbFoto web notas 700&#215;500 (1)\u00bb _builder_version=\u00bb4.27.4&#8243; _module_preset=\u00bbdefault\u00bb width=\u00bb65%\u00bb max_width=\u00bb65%\u00bb module_alignment=\u00bbcenter\u00bb global_colors_info=\u00bb{}\u00bb][\/et_pb_image][\/et_pb_column][\/et_pb_row][et_pb_row _builder_version=\u00bb4.27.4&#8243; _module_preset=\u00bbdefault\u00bb global_colors_info=\u00bb{}\u00bb][et_pb_column type=\u00bb4_4&#8243; _builder_version=\u00bb4.27.4&#8243; _module_preset=\u00bbdefault\u00bb global_colors_info=\u00bb{}\u00bb][et_pb_text content_tablet=\u00bb<\/p>\n<p data-start=%22141%22 data-end=%22396%22 class=%22%22>Inici\u00f3 una nueva edici\u00f3n de la Prueba Pastoril Hereford en el campo del <strong>INTA Concepci\u00f3n del Uruguay<\/strong>, con el ingreso de <strong>121 animales<\/strong> provenientes de distintas caba\u00f1as. En este 4\u00b0 ciclo participan <strong>75 hembras y 46 machos<\/strong>, que llegaron en excelentes condiciones sanitarias y corporales.<\/p>\n<div class=%22%22 data-block=%22true%22 data-editor=%22e6nui%22 data-offset-key=%22bag3j-0-0%22>\n<div data-offset-key=%22bag3j-0-0%22 class=%22_1mf _1mj%22><span data-offset-key=%22bag3j-0-0%22> <\/span><\/div>\n<\/div>\n<div class=%22%22 data-block=%22true%22 data-editor=%22e6nui%22 data-offset-key=%2257iih-0-0%22>\n<div data-offset-key=%2257iih-0-0%22 class=%22_1mf _1mj%22><span data-offset-key=%2257iih-0-0%22>Seg\u00fan explic\u00f3 el <strong>Ing. Sebasti\u00e1n Vittone,<\/strong> Investigador del INTA Concepci\u00f3n del Uruguay y Coordinador de la Prueba Pastoril, los animales atraviesan inicialmente un protocolo sanitario desarrollado junto a Biog\u00e9nesis Bag\u00f3. Luego, tras 4 a 5 d\u00edas de adaptaci\u00f3n en corrales, se los divide por categor\u00eda y se inicia un primer per\u00edodo de 15 d\u00edas de pastoreo. Finalizada esta etapa, se realizan las mediciones de inicio de prueba: peso, altura, ecograf\u00eda y condici\u00f3n corporal, dando as\u00ed inicio a la competencia.<\/span><\/div>\n<\/div>\n<div class=%22%22 data-block=%22true%22 data-editor=%22e6nui%22 data-offset-key=%22236vf-0-0%22>\n<div data-offset-key=%22236vf-0-0%22 class=%22_1mf _1mj%22><span data-offset-key=%22236vf-0-0%22> <\/span><\/div>\n<\/div>\n<div class=%22%22 data-block=%22true%22 data-editor=%22e6nui%22 data-offset-key=%221i4ti-0-0%22>\n<div data-offset-key=%221i4ti-0-0%22 class=%22_1mf _1mj%22><span data-offset-key=%221i4ti-0-0%22>Se trata de una de las <strong>pruebas pastoriles m\u00e1s grandes de Sudam\u00e9rica<\/strong>, una instancia clave para evaluar el rendimiento productivo en condiciones reales de campo y seguir generando datos objetivos para el mejoramiento gen\u00e9tico de la raza.<\/span><\/div>\n<div data-offset-key=%221i4ti-0-0%22 class=%22_1mf _1mj%22><span data-offset-key=%221i4ti-0-0%22><\/span><\/div>\n<\/div>\n<p>\u00bb content_phone=\u00bb<\/p>\n<div class=%22%22 data-block=%22true%22 data-editor=%22dr79h%22 data-offset-key=%222bs60-0-0%22>\n<div data-offset-key=%222bs60-0-0%22 class=%22_1mf _1mj%22>\n<p><!--StartFragment --><\/p>\n<p class=%22pf0%22 style=%22text-align: justify;%22><span class=%22cf0%22>El s\u00e1bado 8 y domingo 9 de noviembre se llev\u00f3 a cabo la <strong>5\u00aa edici\u00f3n de la Expo <\/strong><\/span><strong><span class=%22cf0%22>Agroproductiva<\/span><\/strong><span class=%22cf0%22> en la <strong>Misi\u00f3n Salesiana de R\u00edo Grande,<\/strong> considerada el evento productivo m\u00e1s importante de la Patagonia Austral.<\/span><\/p>\n<p class=%22pf0%22 style=%22text-align: justify;%22><span class=%22cf0%22>Bajo los ejes \u201cTransici\u00f3n hacia la Soberan\u00eda Alimentaria\u201d, \u201cValor Agregado Local\u201d y \u201cEconom\u00eda Circular\u201d, el encuentro reuni\u00f3 a los principales actores del sector productivo regional, promoviendo una R\u00edo Grande sustentable y fortaleciendo los v\u00ednculos entre productores, instituciones y comunidad.<\/span><\/p>\n<p class=%22pf0%22 style=%22text-align: justify;%22><span class=%22cf0%22>Hereford Argentina, a trav\u00e9s de la Zonal Tierra del Fuego, particip\u00f3 con un <strong>stand institucional<\/strong>, donde se comparti\u00f3 informaci\u00f3n sobre el trabajo que realiza la Asociaci\u00f3n, los programas de mejoramiento gen\u00e9tico y las iniciativas que impulsan el desarrollo ganadero en el sur del pa\u00eds.<\/span><\/p>\n<p><!--EndFragment --><\/p>\n<\/div>\n<\/div>\n<div class=%22%22 data-block=%22true%22 data-editor=%22dr79h%22 data-offset-key=%2253oga-0-0%22><\/div>\n<div class=%22x14z9mp xat24cr x1lziwak x1vvkbs xtlvy1s x126k92a%22><\/div>\n<div class=%22x14z9mp xat24cr x1lziwak x1vvkbs xtlvy1s x126k92a%22><\/div>\n<div class=%22%22 data-block=%22true%22 data-editor=%22e6nui%22 data-offset-key=%221i4ti-0-0%22>\n<div data-offset-key=%221i4ti-0-0%22 class=%22_1mf _1mj%22><\/div>\n<\/div>\n<div class=%22%22 data-block=%22true%22 data-editor=%22e6nui%22 data-offset-key=%221i4ti-0-0%22>\n<div data-offset-key=%221i4ti-0-0%22 class=%22_1mf _1mj%22><\/div>\n<\/div>\n<div class=%22%22 data-block=%22true%22 data-editor=%22e6nui%22 data-offset-key=%221i4ti-0-0%22>\n<div data-offset-key=%221i4ti-0-0%22 class=%22_1mf _1mj%22><span data-offset-key=%221i4ti-0-0%22><\/span><\/div>\n<\/div>\n<p>\u00bb content_last_edited=\u00bbon|phone\u00bb _builder_version=\u00bb4.27.4&#8243; _module_preset=\u00bbdefault\u00bb custom_padding=\u00bb|16px||16px||\u00bb hover_enabled=\u00bb0&#8243; global_colors_info=\u00bb{}\u00bb sticky_enabled=\u00bb0&#8243;]<\/p>\n<p style=\"text-align: justify;\"><!--StartFragment --><\/p>\n<p><!--StartFragment --><\/p>\n<p class=\"pf0\" style=\"text-align: justify;\"><!--StartFragment --><\/p>\n<p class=\"pf0\" style=\"text-align: justify;\"><span class=\"cf0\">El s\u00e1bado 8 y domingo 9 de noviembre se llev\u00f3 a cabo la <strong>5\u00aa edici\u00f3n de la Expo <\/strong><\/span><strong><span class=\"cf0\">Agroproductiva<\/span><\/strong><span class=\"cf0\"> en la <strong>Misi\u00f3n Salesiana de R\u00edo Grande,<\/strong> considerada el evento productivo m\u00e1s importante de la Patagonia Austral.<\/span><\/p>\n<p class=\"pf0\" style=\"text-align: justify;\"><span class=\"cf0\">Bajo los ejes \u201cTransici\u00f3n hacia la Soberan\u00eda Alimentaria\u201d, \u201cValor Agregado Local\u201d y \u201cEconom\u00eda Circular\u201d, el encuentro reuni\u00f3 a los principales actores del sector productivo regional, promoviendo una R\u00edo Grande sustentable y fortaleciendo los v\u00ednculos entre productores, instituciones y comunidad.<\/span><\/p>\n<p class=\"pf0\" style=\"text-align: justify;\"><span class=\"cf0\">Hereford Argentina, a trav\u00e9s de la Zonal Tierra del Fuego, particip\u00f3 con un <strong>stand institucional<\/strong>, donde se comparti\u00f3 informaci\u00f3n sobre el trabajo que realiza la Asociaci\u00f3n, los programas de mejoramiento gen\u00e9tico y las iniciativas que impulsan el desarrollo ganadero en el sur del pa\u00eds.<\/span><\/p>\n<p class=\"pf0\" style=\"text-align: justify;\"><!--EndFragment --><\/p>\n<p><!--EndFragment --><\/p>\n<p style=\"text-align: justify;\"><!--EndFragment --><\/p>\n<p>[\/et_pb_text][\/et_pb_column][\/et_pb_row][\/et_pb_section]<\/p>\n","protected":false},"excerpt":{"rendered":"<p>Expo Agroproductiva: R\u00edo&#8230;<\/p>\n","protected":false},"author":5,"featured_media":5716,"comment_status":"closed","ping_status":"open","sticky":false,"template":"","format":"standard","meta":{"_et_pb_use_builder":"on","_et_pb_old_content":"","_et_gb_content_width":"","site-sidebar-layout":"default","site-content-layout":"","ast-site-content-layout":"default","site-content-style":"default","site-sidebar-style":"default","ast-global-header-display":"","ast-banner-title-visibility":"","ast-main-header-display":"","ast-hfb-above-header-display":"","ast-hfb-below-header-display":"","ast-hfb-mobile-header-display":"","site-post-title":"","ast-breadcrumbs-content":"","ast-featured-img":"","footer-sml-layout":"","ast-disable-related-posts":"","theme-transparent-header-meta":"","adv-header-id-meta":"","stick-header-meta":"","header-above-stick-meta":"","header-main-stick-meta":"","header-below-stick-meta":"","astra-migrate-meta-layouts":"set","ast-page-background-enabled":"default","ast-page-background-meta":{"desktop":{"background-color":"var(--ast-global-color-4)","background-image":"","background-repeat":"repeat","background-position":"center center","background-size":"auto","background-attachment":"scroll","background-type":"","background-media":"","overlay-type":"","overlay-color":"","overlay-opacity":"","overlay-gradient":""},"tablet":{"background-color":"","background-image":"","background-repeat":"repeat","background-position":"center center","background-size":"auto","background-attachment":"scroll","background-type":"","background-media":"","overlay-type":"","overlay-color":"","overlay-opacity":"","overlay-gradient":""},"mobile":{"background-color":"","background-image":"","background-repeat":"repeat","background-position":"center center","background-size":"auto","background-attachment":"scroll","background-type":"","background-media":"","overlay-type":"","overlay-color":"","overlay-opacity":"","overlay-gradient":""}},"ast-content-background-meta":{"desktop":{"background-color":"var(--ast-global-color-5)","background-image":"","background-repeat":"repeat","background-position":"center center","background-size":"auto","background-attachment":"scroll","background-type":"","background-media":"","overlay-type":"","overlay-color":"","overlay-opacity":"","overlay-gradient":""},"tablet":{"background-color":"var(--ast-global-color-5)","background-image":"","background-repeat":"repeat","background-position":"center center","background-size":"auto","background-attachment":"scroll","background-type":"","background-media":"","overlay-type":"","overlay-color":"","overlay-opacity":"","overlay-gradient":""},"mobile":{"background-color":"var(--ast-global-color-5)","background-image":"","background-repeat":"repeat","background-position":"center center","background-size":"auto","background-attachment":"scroll","background-type":"","background-media":"","overlay-type":"","overlay-color":"","overlay-opacity":"","overlay-gradient":""}},"footnotes":""},"categories":[1],"tags":[],"class_list":["post-5714","post","type-post","status-publish","format-standard","has-post-thumbnail","hentry","category-uncategorized"],"_links":{"self":[{"href":"https:\/\/www.hereford.org.ar\/web\/wp-json\/wp\/v2\/posts\/5714","targetHints":{"allow":["GET"]}}],"collection":[{"href":"https:\/\/www.hereford.org.ar\/web\/wp-json\/wp\/v2\/posts"}],"about":[{"href":"https:\/\/www.hereford.org.ar\/web\/wp-json\/wp\/v2\/types\/post"}],"author":[{"embeddable":true,"href":"https:\/\/www.hereford.org.ar\/web\/wp-json\/wp\/v2\/users\/5"}],"replies":[{"embeddable":true,"href":"https:\/\/www.hereford.org.ar\/web\/wp-json\/wp\/v2\/comments?post=5714"}],"version-history":[{"count":4,"href":"https:\/\/www.hereford.org.ar\/web\/wp-json\/wp\/v2\/posts\/5714\/revisions"}],"predecessor-version":[{"id":5720,"href":"https:\/\/www.hereford.org.ar\/web\/wp-json\/wp\/v2\/posts\/5714\/revisions\/5720"}],"wp:featuredmedia":[{"embeddable":true,"href":"https:\/\/www.hereford.org.ar\/web\/wp-json\/wp\/v2\/media\/5716"}],"wp:attachment":[{"href":"https:\/\/www.hereford.org.ar\/web\/wp-json\/wp\/v2\/media?parent=5714"}],"wp:term":[{"taxonomy":"category","embeddable":true,"href":"https:\/\/www.hereford.org.ar\/web\/wp-json\/wp\/v2\/categories?post=5714"},{"taxonomy":"post_tag","embeddable":true,"href":"https:\/\/www.hereford.org.ar\/web\/wp-json\/wp\/v2\/tags?post=5714"}],"curies":[{"name":"wp","href":"https:\/\/api.w.org\/{rel}","templated":true}]}}