{"id":5685,"date":"2025-11-04T14:29:05","date_gmt":"2025-11-04T17:29:05","guid":{"rendered":"https:\/\/www.hereford.org.ar\/web\/?p=5685"},"modified":"2025-11-04T14:34:09","modified_gmt":"2025-11-04T17:34:09","slug":"la-carne-hereford-ganadora-de-la-medalla-de-bronce-en-el-campeonato-mundial-de-carnes-2025","status":"publish","type":"post","link":"https:\/\/www.hereford.org.ar\/web\/la-carne-hereford-ganadora-de-la-medalla-de-bronce-en-el-campeonato-mundial-de-carnes-2025\/","title":{"rendered":"La carne Hereford, ganadora de la Medalla de Bronce en el Campeonato Mundial de Carnes 2025"},"content":{"rendered":"<p>[et_pb_section fb_built=\u00bb1&#8243; _builder_version=\u00bb4.27.4&#8243; _module_preset=\u00bbdefault\u00bb global_colors_info=\u00bb{}\u00bb theme_builder_area=\u00bbpost_content\u00bb][et_pb_row _builder_version=\u00bb4.27.4&#8243; _module_preset=\u00bbdefault\u00bb global_colors_info=\u00bb{}\u00bb theme_builder_area=\u00bbpost_content\u00bb][et_pb_column type=\u00bb4_4&#8243; _builder_version=\u00bb4.27.4&#8243; _module_preset=\u00bbdefault\u00bb global_colors_info=\u00bb{}\u00bb theme_builder_area=\u00bbpost_content\u00bb][et_pb_text _builder_version=\u00bb4.27.4&#8243; _module_preset=\u00bbdefault\u00bb text_font=\u00bb|700|||||||\u00bb text_font_size=\u00bb24px\u00bb header_text_align=\u00bbcenter\u00bb text_orientation=\u00bbcenter\u00bb custom_padding=\u00bb|8px||12px||\u00bb hover_enabled=\u00bb0&#8243; global_colors_info=\u00bb{}\u00bb theme_builder_area=\u00bbpost_content\u00bb sticky_enabled=\u00bb0&#8243;]<\/p>\n<p style=\"text-align: center;\"><strong><span class=\"cf0\">La carne Hereford, ganadora de la Medalla de Bronce en el Campeonato Mundial de Carnes 2025<br \/><\/span><!--EndFragment --><\/strong><\/p>\n<p>[\/et_pb_text][\/et_pb_column][\/et_pb_row][et_pb_row _builder_version=\u00bb4.27.4&#8243; _module_preset=\u00bbdefault\u00bb global_colors_info=\u00bb{}\u00bb theme_builder_area=\u00bbpost_content\u00bb][et_pb_column type=\u00bb4_4&#8243; _builder_version=\u00bb4.27.4&#8243; _module_preset=\u00bbdefault\u00bb global_colors_info=\u00bb{}\u00bb theme_builder_area=\u00bbpost_content\u00bb][et_pb_image src=\u00bbhttps:\/\/www.hereford.org.ar\/web\/wp-content\/uploads\/2025\/11\/Foto-web-notas-700&#215;500-4.png\u00bb title_text=\u00bbFoto web notas 700&#215;500 (4)\u00bb _builder_version=\u00bb4.27.4&#8243; _module_preset=\u00bbdefault\u00bb width=\u00bb65%\u00bb max_width=\u00bb65%\u00bb module_alignment=\u00bbcenter\u00bb hover_enabled=\u00bb0&#8243; global_colors_info=\u00bb{}\u00bb theme_builder_area=\u00bbpost_content\u00bb sticky_enabled=\u00bb0&#8243;][\/et_pb_image][\/et_pb_column][\/et_pb_row][et_pb_row _builder_version=\u00bb4.27.4&#8243; _module_preset=\u00bbdefault\u00bb global_colors_info=\u00bb{}\u00bb theme_builder_area=\u00bbpost_content\u00bb][et_pb_column type=\u00bb4_4&#8243; _builder_version=\u00bb4.27.4&#8243; _module_preset=\u00bbdefault\u00bb global_colors_info=\u00bb{}\u00bb theme_builder_area=\u00bbpost_content\u00bb][et_pb_text content_tablet=\u00bb<\/p>\n<p data-start=%22141%22 data-end=%22396%22 class=%22%22>Inici\u00f3 una nueva edici\u00f3n de la Prueba Pastoril Hereford en el campo del <strong>INTA Concepci\u00f3n del Uruguay<\/strong>, con el ingreso de <strong>121 animales<\/strong> provenientes de distintas caba\u00f1as. En este 4\u00b0 ciclo participan <strong>75 hembras y 46 machos<\/strong>, que llegaron en excelentes condiciones sanitarias y corporales.<\/p>\n<div class=%22%22 data-block=%22true%22 data-editor=%22e6nui%22 data-offset-key=%22bag3j-0-0%22>\n<div data-offset-key=%22bag3j-0-0%22 class=%22_1mf _1mj%22><span data-offset-key=%22bag3j-0-0%22> <\/span><\/div>\n<\/div>\n<div class=%22%22 data-block=%22true%22 data-editor=%22e6nui%22 data-offset-key=%2257iih-0-0%22>\n<div data-offset-key=%2257iih-0-0%22 class=%22_1mf _1mj%22><span data-offset-key=%2257iih-0-0%22>Seg\u00fan explic\u00f3 el <strong>Ing. Sebasti\u00e1n Vittone,<\/strong> Investigador del INTA Concepci\u00f3n del Uruguay y Coordinador de la Prueba Pastoril, los animales atraviesan inicialmente un protocolo sanitario desarrollado junto a Biog\u00e9nesis Bag\u00f3. Luego, tras 4 a 5 d\u00edas de adaptaci\u00f3n en corrales, se los divide por categor\u00eda y se inicia un primer per\u00edodo de 15 d\u00edas de pastoreo. Finalizada esta etapa, se realizan las mediciones de inicio de prueba: peso, altura, ecograf\u00eda y condici\u00f3n corporal, dando as\u00ed inicio a la competencia.<\/span><\/div>\n<\/div>\n<div class=%22%22 data-block=%22true%22 data-editor=%22e6nui%22 data-offset-key=%22236vf-0-0%22>\n<div data-offset-key=%22236vf-0-0%22 class=%22_1mf _1mj%22><span data-offset-key=%22236vf-0-0%22> <\/span><\/div>\n<\/div>\n<div class=%22%22 data-block=%22true%22 data-editor=%22e6nui%22 data-offset-key=%221i4ti-0-0%22>\n<div data-offset-key=%221i4ti-0-0%22 class=%22_1mf _1mj%22><span data-offset-key=%221i4ti-0-0%22>Se trata de una de las <strong>pruebas pastoriles m\u00e1s grandes de Sudam\u00e9rica<\/strong>, una instancia clave para evaluar el rendimiento productivo en condiciones reales de campo y seguir generando datos objetivos para el mejoramiento gen\u00e9tico de la raza.<\/span><\/div>\n<div data-offset-key=%221i4ti-0-0%22 class=%22_1mf _1mj%22><span data-offset-key=%221i4ti-0-0%22><\/span><\/div>\n<\/div>\n<p>\u00bb content_phone=\u00bb<\/p>\n<div class=%22%22 data-block=%22true%22 data-editor=%22dr79h%22 data-offset-key=%222bs60-0-0%22>\n<div data-offset-key=%222bs60-0-0%22 class=%22_1mf _1mj%22>\n<p>La <strong>carne Hereford<\/strong> volvi\u00f3 a destacarse a nivel internacional al obtener la <strong>Medalla de Bronce<\/strong> en la categor\u00eda <strong>Bife Angosto alimentado a grano<\/strong>, durante el <strong>Campeonato Mundial de Carnes (CMDC\u00ae)<\/strong> realizado el <strong>30 de octubre<\/strong> en <strong>La Rural de Palermo<\/strong>, Buenos Aires.<\/p>\n<p>El corte premiado perteneci\u00f3 a <strong>El Mercedino, matadero y frigor\u00edfico<\/strong>, el mismo que producen y comercializan a diario dentro de su L\u00ednea Premium de cortes envasados al vac\u00edo de novillos, reafirmando la excelencia gen\u00e9tica y la calidad diferencial que distinguen a la raza.<\/p>\n<p>El <strong>CMDC\u00ae<\/strong> es una competencia internacional que busca identificar los mejores <strong>bifes de chorizo y ojos de bife del mundo<\/strong>, as\u00ed como reconocer a quienes los producen, d\u00f3nde y c\u00f3mo lo hacen. El evento reuni\u00f3 a <strong>productores, industriales, chefs, investigadores y consumidores<\/strong>, promoviendo la <strong>trazabilidad, la transparencia y la mejora continua<\/strong> en toda la cadena c\u00e1rnica.<\/p>\n<p>Con un <strong>procedimiento t\u00e9cnico \u00fanico en el mundo<\/strong>, el campeonato evalu\u00f3 los cortes seg\u00fan tres criterios: <strong>jugosidad, sabor y terneza<\/strong>, a trav\u00e9s de un sistema de puntuaci\u00f3n digital que permiti\u00f3 obtener resultados con precisi\u00f3n.<br \/>Los cortes se clasificaron seg\u00fan su origen \u2014animales alimentados a pasto o a grano\u2014, y fueron sometidos a una cata a ciegas por jurados especializados de distintos pa\u00edses.<\/p>\n<p>En representaci\u00f3n de <strong>Hereford Argentina<\/strong>, particip\u00f3 como jurado <strong>Mart\u00edn Deym<\/strong>, socio y director de la Asociaci\u00f3n, quien integr\u00f3 una mesa junto a presidentes de otras razas bovinas.<\/p>\n<p>\u201c<em>Tuve la oportunidad de participar como jurado en el Campeonato Mundial de Carnes. El proceso fue muy interesante: a cada jurado se le asignaba una mesa con un chef responsable, y a trav\u00e9s de una aplicaci\u00f3n calific\u00e1bamos de 1 a 100 tres atributos principales: jugosidad, sabor y terneza. En total se evaluaron 14 cortes \u2014siete provenientes de animales a pasto y siete <\/em><em>de feedlot\u2014, tanto ojos de bife como bifes angostos<\/em>\u201d, destac\u00f3 Deym.<\/p>\n<\/div>\n<\/div>\n<div class=%22%22 data-block=%22true%22 data-editor=%22dr79h%22 data-offset-key=%2253oga-0-0%22><\/div>\n<div class=%22x14z9mp xat24cr x1lziwak x1vvkbs xtlvy1s x126k92a%22><\/div>\n<div class=%22x14z9mp xat24cr x1lziwak x1vvkbs xtlvy1s x126k92a%22><\/div>\n<div class=%22%22 data-block=%22true%22 data-editor=%22e6nui%22 data-offset-key=%221i4ti-0-0%22>\n<div data-offset-key=%221i4ti-0-0%22 class=%22_1mf _1mj%22><\/div>\n<\/div>\n<div class=%22%22 data-block=%22true%22 data-editor=%22e6nui%22 data-offset-key=%221i4ti-0-0%22>\n<div data-offset-key=%221i4ti-0-0%22 class=%22_1mf _1mj%22><\/div>\n<\/div>\n<div class=%22%22 data-block=%22true%22 data-editor=%22e6nui%22 data-offset-key=%221i4ti-0-0%22>\n<div data-offset-key=%221i4ti-0-0%22 class=%22_1mf _1mj%22><span data-offset-key=%221i4ti-0-0%22><\/span><\/div>\n<\/div>\n<p>\u00bb content_last_edited=\u00bbon|phone\u00bb _builder_version=\u00bb4.27.4&#8243; _module_preset=\u00bbdefault\u00bb custom_padding=\u00bb|16px||16px||\u00bb hover_enabled=\u00bb0&#8243; global_colors_info=\u00bb{}\u00bb theme_builder_area=\u00bbpost_content\u00bb sticky_enabled=\u00bb0&#8243;]<\/p>\n<p style=\"text-align: justify;\"><!--StartFragment --><\/p>\n<p>La <strong>carne Hereford<\/strong> volvi\u00f3 a destacarse a nivel internacional al obtener la <strong>Medalla de Bronce<\/strong> en la categor\u00eda <strong>Bife Angosto alimentado a grano<\/strong>, durante el <strong>Campeonato Mundial de Carnes (CMDC\u00ae)<\/strong> realizado el <strong>30 de octubre<\/strong> en <strong>La Rural de Palermo<\/strong>, Buenos Aires.<\/p>\n<p>El corte premiado perteneci\u00f3 a <strong>El Mercedino, matadero y frigor\u00edfico<\/strong>, el mismo que producen y comercializan a diario dentro de su L\u00ednea Premium de cortes envasados al vac\u00edo de novillos, reafirmando la excelencia gen\u00e9tica y la calidad diferencial que distinguen a la raza.<\/p>\n<p>El <strong>CMDC\u00ae<\/strong> es una competencia internacional que busca identificar los mejores <strong>bifes de chorizo y ojos de bife del mundo<\/strong>, as\u00ed como reconocer a quienes los producen, d\u00f3nde y c\u00f3mo lo hacen. El evento reuni\u00f3 a <strong>productores, industriales, chefs, investigadores y consumidores<\/strong>, promoviendo la <strong>trazabilidad, la transparencia y la mejora continua<\/strong> en toda la cadena c\u00e1rnica.<\/p>\n<p>Con un <strong>procedimiento t\u00e9cnico \u00fanico en el mundo<\/strong>, el campeonato evalu\u00f3 los cortes seg\u00fan tres criterios: <strong>jugosidad, sabor y terneza<\/strong>, a trav\u00e9s de un sistema de puntuaci\u00f3n digital que permiti\u00f3 obtener resultados con precisi\u00f3n.<br \/>Los cortes se clasificaron seg\u00fan su origen \u2014animales alimentados a pasto o a grano\u2014, y fueron sometidos a una cata a ciegas por jurados especializados de distintos pa\u00edses.<\/p>\n<p>En representaci\u00f3n de <strong>Hereford Argentina<\/strong>, particip\u00f3 como jurado <strong>Mart\u00edn Deym<\/strong>, socio y director de la Asociaci\u00f3n, quien integr\u00f3 una mesa junto a presidentes de otras razas bovinas.<\/p>\n<p>\u201c<em>Tuve la oportunidad de participar como jurado en el Campeonato Mundial de Carnes. El proceso fue muy interesante: a cada jurado se le asignaba una mesa con un chef responsable, y a trav\u00e9s de una aplicaci\u00f3n calific\u00e1bamos de 1 a 100 tres atributos principales: jugosidad, sabor y terneza. En total se evaluaron 14 cortes \u2014siete provenientes de animales a pasto y siete <\/em><em>de feedlot\u2014, tanto ojos de bife como bifes angostos<\/em>\u201d, destac\u00f3 Deym.<\/p>\n<p style=\"text-align: justify;\"><!--EndFragment --><\/p>\n<p>[\/et_pb_text][et_pb_image src=\u00bbhttps:\/\/www.hereford.org.ar\/web\/wp-content\/uploads\/2025\/11\/MAX1067-todo-1024&#215;683-1.jpg\u00bb _builder_version=\u00bb4.27.4&#8243; _module_preset=\u00bbdefault\u00bb theme_builder_area=\u00bbpost_content\u00bb title_text=\u00bbMAX1067-todo-1024&#215;683&#8243; align=\u00bbcenter\u00bb width=\u00bb54%\u00bb max_width=\u00bb54%\u00bb module_alignment=\u00bbcenter\u00bb hover_enabled=\u00bb0&#8243; sticky_enabled=\u00bb0&#8243;][\/et_pb_image][et_pb_text content_tablet=\u00bb<\/p>\n<p data-start=%22141%22 data-end=%22396%22 class=%22%22>Inici\u00f3 una nueva edici\u00f3n de la Prueba Pastoril Hereford en el campo del <strong>INTA Concepci\u00f3n del Uruguay<\/strong>, con el ingreso de <strong>121 animales<\/strong> provenientes de distintas caba\u00f1as. En este 4\u00b0 ciclo participan <strong>75 hembras y 46 machos<\/strong>, que llegaron en excelentes condiciones sanitarias y corporales.<\/p>\n<div class=%22%22 data-block=%22true%22 data-editor=%22e6nui%22 data-offset-key=%22bag3j-0-0%22>\n<div data-offset-key=%22bag3j-0-0%22 class=%22_1mf _1mj%22><span data-offset-key=%22bag3j-0-0%22> <\/span><\/div>\n<\/div>\n<div class=%22%22 data-block=%22true%22 data-editor=%22e6nui%22 data-offset-key=%2257iih-0-0%22>\n<div data-offset-key=%2257iih-0-0%22 class=%22_1mf _1mj%22><span data-offset-key=%2257iih-0-0%22>Seg\u00fan explic\u00f3 el <strong>Ing. Sebasti\u00e1n Vittone,<\/strong> Investigador del INTA Concepci\u00f3n del Uruguay y Coordinador de la Prueba Pastoril, los animales atraviesan inicialmente un protocolo sanitario desarrollado junto a Biog\u00e9nesis Bag\u00f3. Luego, tras 4 a 5 d\u00edas de adaptaci\u00f3n en corrales, se los divide por categor\u00eda y se inicia un primer per\u00edodo de 15 d\u00edas de pastoreo. Finalizada esta etapa, se realizan las mediciones de inicio de prueba: peso, altura, ecograf\u00eda y condici\u00f3n corporal, dando as\u00ed inicio a la competencia.<\/span><\/div>\n<\/div>\n<div class=%22%22 data-block=%22true%22 data-editor=%22e6nui%22 data-offset-key=%22236vf-0-0%22>\n<div data-offset-key=%22236vf-0-0%22 class=%22_1mf _1mj%22><span data-offset-key=%22236vf-0-0%22> <\/span><\/div>\n<\/div>\n<div class=%22%22 data-block=%22true%22 data-editor=%22e6nui%22 data-offset-key=%221i4ti-0-0%22>\n<div data-offset-key=%221i4ti-0-0%22 class=%22_1mf _1mj%22><span data-offset-key=%221i4ti-0-0%22>Se trata de una de las <strong>pruebas pastoriles m\u00e1s grandes de Sudam\u00e9rica<\/strong>, una instancia clave para evaluar el rendimiento productivo en condiciones reales de campo y seguir generando datos objetivos para el mejoramiento gen\u00e9tico de la raza.<\/span><\/div>\n<div data-offset-key=%221i4ti-0-0%22 class=%22_1mf _1mj%22><span data-offset-key=%221i4ti-0-0%22><\/span><\/div>\n<\/div>\n<p>\u00bb content_phone=\u00bb<\/p>\n<div class=%22%22 data-block=%22true%22 data-editor=%22dr79h%22 data-offset-key=%222bs60-0-0%22>\n<div data-offset-key=%222bs60-0-0%22 class=%22_1mf _1mj%22>\n<p><em>\u201cFue una experiencia espectacular, \u00fanica en su tipo. Que la carne <strong>Hereford<\/strong> participe y compita con otras razas es fundamental para seguir produciendo de manera m\u00e1s eficiente y con mayor calidad, que es lo que demandan los mercados del mundo. Felicitaciones a <strong>Luis Barcos<\/strong>, organizador del evento, por esta gran iniciativa que lleg\u00f3 para quedarse.\u201d\u00a0<\/em><\/p>\n<p>La jornada, que se extendi\u00f3 desde el mediod\u00eda hasta la tarde, incluy\u00f3 <strong>paneles t\u00e9cnicos, disertaciones y un c\u00f3ctel de cierre con entrega de premios<\/strong>, donde se reconoci\u00f3 a los ganadores de cada categor\u00eda.<\/p>\n<p>La distinci\u00f3n obtenida por <strong>El Mercedino<\/strong> representa un <strong>nuevo hito para la carne Hereford<\/strong>, reafirmando su posicionamiento como sin\u00f3nimo de <strong>calidad, confianza y excelencia<\/strong> en el mercado nacional e internacional.<\/p>\n<\/div>\n<\/div>\n<div class=%22%22 data-block=%22true%22 data-editor=%22dr79h%22 data-offset-key=%2253oga-0-0%22><\/div>\n<div class=%22x14z9mp xat24cr x1lziwak x1vvkbs xtlvy1s x126k92a%22><\/div>\n<div class=%22x14z9mp xat24cr x1lziwak x1vvkbs xtlvy1s x126k92a%22><\/div>\n<div class=%22%22 data-block=%22true%22 data-editor=%22e6nui%22 data-offset-key=%221i4ti-0-0%22>\n<div data-offset-key=%221i4ti-0-0%22 class=%22_1mf _1mj%22><\/div>\n<\/div>\n<div class=%22%22 data-block=%22true%22 data-editor=%22e6nui%22 data-offset-key=%221i4ti-0-0%22>\n<div data-offset-key=%221i4ti-0-0%22 class=%22_1mf _1mj%22><\/div>\n<\/div>\n<div class=%22%22 data-block=%22true%22 data-editor=%22e6nui%22 data-offset-key=%221i4ti-0-0%22>\n<div data-offset-key=%221i4ti-0-0%22 class=%22_1mf _1mj%22><span data-offset-key=%221i4ti-0-0%22><\/span><\/div>\n<\/div>\n<p>\u00bb content_last_edited=\u00bbon|phone\u00bb _builder_version=\u00bb4.27.4&#8243; _module_preset=\u00bbdefault\u00bb custom_padding=\u00bb|16px||16px||\u00bb hover_enabled=\u00bb0&#8243; global_colors_info=\u00bb{}\u00bb theme_builder_area=\u00bbpost_content\u00bb sticky_enabled=\u00bb0&#8243;]<\/p>\n<p style=\"text-align: justify;\"><!--StartFragment --><\/p>\n<p><em>\u201cFue una experiencia espectacular, \u00fanica en su tipo. Que la carne <strong>Hereford<\/strong> participe y compita con otras razas es fundamental para seguir produciendo de manera m\u00e1s eficiente y con mayor calidad, que es lo que demandan los mercados del mundo. Felicitaciones a <strong>Luis Barcos<\/strong>, organizador del evento, por esta gran iniciativa que lleg\u00f3 para quedarse.\u201d\u00a0<\/em><\/p>\n<p>La jornada, que se extendi\u00f3 desde el mediod\u00eda hasta la tarde, incluy\u00f3 <strong>paneles t\u00e9cnicos, disertaciones y un c\u00f3ctel de cierre con entrega de premios<\/strong>, donde se reconoci\u00f3 a los ganadores de cada categor\u00eda.<\/p>\n<p>La distinci\u00f3n obtenida por <strong>El Mercedino<\/strong> representa un <strong>nuevo hito para la carne Hereford<\/strong>, reafirmando su posicionamiento como sin\u00f3nimo de <strong>calidad, confianza y excelencia<\/strong> en el mercado nacional e internacional.<\/p>\n<p style=\"text-align: justify;\"><!--EndFragment --><\/p>\n<p>[\/et_pb_text][et_pb_gallery _builder_version=\u00bb4.27.4&#8243; _module_preset=\u00bbdefault\u00bb theme_builder_area=\u00bbpost_content\u00bb gallery_ids=\u00bb5691,5692,5693,5694,5695,5696,5697,5698,5699&#8243; posts_number=\u00bb8&#8243; show_title_and_caption=\u00bboff\u00bb hover_enabled=\u00bb0&#8243; sticky_enabled=\u00bb0&#8243;][\/et_pb_gallery][\/et_pb_column][\/et_pb_row][\/et_pb_section]<\/p>\n","protected":false},"excerpt":{"rendered":"<p>La carne Hereford, ganadora&#8230;<\/p>\n","protected":false},"author":5,"featured_media":5687,"comment_status":"closed","ping_status":"open","sticky":false,"template":"","format":"standard","meta":{"_et_pb_use_builder":"on","_et_pb_old_content":"","_et_gb_content_width":"","site-sidebar-layout":"default","site-content-layout":"","ast-site-content-layout":"default","site-content-style":"default","site-sidebar-style":"default","ast-global-header-display":"","ast-banner-title-visibility":"","ast-main-header-display":"","ast-hfb-above-header-display":"","ast-hfb-below-header-display":"","ast-hfb-mobile-header-display":"","site-post-title":"","ast-breadcrumbs-content":"","ast-featured-img":"","footer-sml-layout":"","ast-disable-related-posts":"","theme-transparent-header-meta":"","adv-header-id-meta":"","stick-header-meta":"","header-above-stick-meta":"","header-main-stick-meta":"","header-below-stick-meta":"","astra-migrate-meta-layouts":"set","ast-page-background-enabled":"default","ast-page-background-meta":{"desktop":{"background-color":"var(--ast-global-color-4)","background-image":"","background-repeat":"repeat","background-position":"center center","background-size":"auto","background-attachment":"scroll","background-type":"","background-media":"","overlay-type":"","overlay-color":"","overlay-opacity":"","overlay-gradient":""},"tablet":{"background-color":"","background-image":"","background-repeat":"repeat","background-position":"center center","background-size":"auto","background-attachment":"scroll","background-type":"","background-media":"","overlay-type":"","overlay-color":"","overlay-opacity":"","overlay-gradient":""},"mobile":{"background-color":"","background-image":"","background-repeat":"repeat","background-position":"center center","background-size":"auto","background-attachment":"scroll","background-type":"","background-media":"","overlay-type":"","overlay-color":"","overlay-opacity":"","overlay-gradient":""}},"ast-content-background-meta":{"desktop":{"background-color":"var(--ast-global-color-5)","background-image":"","background-repeat":"repeat","background-position":"center center","background-size":"auto","background-attachment":"scroll","background-type":"","background-media":"","overlay-type":"","overlay-color":"","overlay-opacity":"","overlay-gradient":""},"tablet":{"background-color":"var(--ast-global-color-5)","background-image":"","background-repeat":"repeat","background-position":"center center","background-size":"auto","background-attachment":"scroll","background-type":"","background-media":"","overlay-type":"","overlay-color":"","overlay-opacity":"","overlay-gradient":""},"mobile":{"background-color":"var(--ast-global-color-5)","background-image":"","background-repeat":"repeat","background-position":"center center","background-size":"auto","background-attachment":"scroll","background-type":"","background-media":"","overlay-type":"","overlay-color":"","overlay-opacity":"","overlay-gradient":""}},"footnotes":""},"categories":[1],"tags":[],"class_list":["post-5685","post","type-post","status-publish","format-standard","has-post-thumbnail","hentry","category-uncategorized"],"_links":{"self":[{"href":"https:\/\/www.hereford.org.ar\/web\/wp-json\/wp\/v2\/posts\/5685","targetHints":{"allow":["GET"]}}],"collection":[{"href":"https:\/\/www.hereford.org.ar\/web\/wp-json\/wp\/v2\/posts"}],"about":[{"href":"https:\/\/www.hereford.org.ar\/web\/wp-json\/wp\/v2\/types\/post"}],"author":[{"embeddable":true,"href":"https:\/\/www.hereford.org.ar\/web\/wp-json\/wp\/v2\/users\/5"}],"replies":[{"embeddable":true,"href":"https:\/\/www.hereford.org.ar\/web\/wp-json\/wp\/v2\/comments?post=5685"}],"version-history":[{"count":4,"href":"https:\/\/www.hereford.org.ar\/web\/wp-json\/wp\/v2\/posts\/5685\/revisions"}],"predecessor-version":[{"id":5701,"href":"https:\/\/www.hereford.org.ar\/web\/wp-json\/wp\/v2\/posts\/5685\/revisions\/5701"}],"wp:featuredmedia":[{"embeddable":true,"href":"https:\/\/www.hereford.org.ar\/web\/wp-json\/wp\/v2\/media\/5687"}],"wp:attachment":[{"href":"https:\/\/www.hereford.org.ar\/web\/wp-json\/wp\/v2\/media?parent=5685"}],"wp:term":[{"taxonomy":"category","embeddable":true,"href":"https:\/\/www.hereford.org.ar\/web\/wp-json\/wp\/v2\/categories?post=5685"},{"taxonomy":"post_tag","embeddable":true,"href":"https:\/\/www.hereford.org.ar\/web\/wp-json\/wp\/v2\/tags?post=5685"}],"curies":[{"name":"wp","href":"https:\/\/api.w.org\/{rel}","templated":true}]}}