{"id":5599,"date":"2025-10-24T12:17:34","date_gmt":"2025-10-24T15:17:34","guid":{"rendered":"https:\/\/www.hereford.org.ar\/web\/?p=5599"},"modified":"2025-11-03T12:40:23","modified_gmt":"2025-11-03T15:40:23","slug":"hereford-argentina-participa-en-la-conferencia-mundial-hereford-2025","status":"publish","type":"post","link":"https:\/\/www.hereford.org.ar\/web\/hereford-argentina-participa-en-la-conferencia-mundial-hereford-2025\/","title":{"rendered":"Hereford Argentina participa en la Conferencia Mundial Hereford 2025"},"content":{"rendered":"<p>[et_pb_section fb_built=\u00bb1&#8243; _builder_version=\u00bb4.27.4&#8243; _module_preset=\u00bbdefault\u00bb global_colors_info=\u00bb{}\u00bb][et_pb_row _builder_version=\u00bb4.27.4&#8243; _module_preset=\u00bbdefault\u00bb global_colors_info=\u00bb{}\u00bb][et_pb_column type=\u00bb4_4&#8243; _builder_version=\u00bb4.27.4&#8243; _module_preset=\u00bbdefault\u00bb global_colors_info=\u00bb{}\u00bb][et_pb_text _builder_version=\u00bb4.27.4&#8243; _module_preset=\u00bbdefault\u00bb text_font=\u00bb|700|||||||\u00bb text_font_size=\u00bb24px\u00bb header_text_align=\u00bbcenter\u00bb text_orientation=\u00bbcenter\u00bb custom_padding=\u00bb|8px||12px||\u00bb hover_enabled=\u00bb0&#8243; global_colors_info=\u00bb{}\u00bb sticky_enabled=\u00bb0&#8243;]<\/p>\n<p style=\"text-align: center;\"><strong>Hereford Argentina particip\u00f3 en la Conferencia Mundial Hereford 2025<\/strong><\/p>\n<p>[\/et_pb_text][\/et_pb_column][\/et_pb_row][et_pb_row _builder_version=\u00bb4.27.4&#8243; _module_preset=\u00bbdefault\u00bb global_colors_info=\u00bb{}\u00bb][et_pb_column type=\u00bb4_4&#8243; _builder_version=\u00bb4.27.4&#8243; _module_preset=\u00bbdefault\u00bb global_colors_info=\u00bb{}\u00bb][et_pb_image src=\u00bbhttps:\/\/www.hereford.org.ar\/web\/wp-content\/uploads\/2025\/10\/Foto-web-notas-700&#215;500-2.png\u00bb title_text=\u00bbFoto web notas 700&#215;500 (2)\u00bb _builder_version=\u00bb4.27.4&#8243; _module_preset=\u00bbdefault\u00bb width=\u00bb65%\u00bb max_width=\u00bb65%\u00bb module_alignment=\u00bbcenter\u00bb global_colors_info=\u00bb{}\u00bb][\/et_pb_image][\/et_pb_column][\/et_pb_row][et_pb_row _builder_version=\u00bb4.27.4&#8243; _module_preset=\u00bbdefault\u00bb global_colors_info=\u00bb{}\u00bb][et_pb_column type=\u00bb4_4&#8243; _builder_version=\u00bb4.27.4&#8243; _module_preset=\u00bbdefault\u00bb global_colors_info=\u00bb{}\u00bb][et_pb_text content_tablet=\u00bb<\/p>\n<p data-start=%22141%22 data-end=%22396%22 class=%22%22>Inici\u00f3 una nueva edici\u00f3n de la Prueba Pastoril Hereford en el campo del <strong>INTA Concepci\u00f3n del Uruguay<\/strong>, con el ingreso de <strong>121 animales<\/strong> provenientes de distintas caba\u00f1as. En este 4\u00b0 ciclo participan <strong>75 hembras y 46 machos<\/strong>, que llegaron en excelentes condiciones sanitarias y corporales.<\/p>\n<div class=%22%22 data-block=%22true%22 data-editor=%22e6nui%22 data-offset-key=%22bag3j-0-0%22>\n<div data-offset-key=%22bag3j-0-0%22 class=%22_1mf _1mj%22><span data-offset-key=%22bag3j-0-0%22> <\/span><\/div>\n<\/div>\n<div class=%22%22 data-block=%22true%22 data-editor=%22e6nui%22 data-offset-key=%2257iih-0-0%22>\n<div data-offset-key=%2257iih-0-0%22 class=%22_1mf _1mj%22><span data-offset-key=%2257iih-0-0%22>Seg\u00fan explic\u00f3 el <strong>Ing. Sebasti\u00e1n Vittone,<\/strong> Investigador del INTA Concepci\u00f3n del Uruguay y Coordinador de la Prueba Pastoril, los animales atraviesan inicialmente un protocolo sanitario desarrollado junto a Biog\u00e9nesis Bag\u00f3. Luego, tras 4 a 5 d\u00edas de adaptaci\u00f3n en corrales, se los divide por categor\u00eda y se inicia un primer per\u00edodo de 15 d\u00edas de pastoreo. Finalizada esta etapa, se realizan las mediciones de inicio de prueba: peso, altura, ecograf\u00eda y condici\u00f3n corporal, dando as\u00ed inicio a la competencia.<\/span><\/div>\n<\/div>\n<div class=%22%22 data-block=%22true%22 data-editor=%22e6nui%22 data-offset-key=%22236vf-0-0%22>\n<div data-offset-key=%22236vf-0-0%22 class=%22_1mf _1mj%22><span data-offset-key=%22236vf-0-0%22> <\/span><\/div>\n<\/div>\n<div class=%22%22 data-block=%22true%22 data-editor=%22e6nui%22 data-offset-key=%221i4ti-0-0%22>\n<div data-offset-key=%221i4ti-0-0%22 class=%22_1mf _1mj%22><span data-offset-key=%221i4ti-0-0%22>Se trata de una de las <strong>pruebas pastoriles m\u00e1s grandes de Sudam\u00e9rica<\/strong>, una instancia clave para evaluar el rendimiento productivo en condiciones reales de campo y seguir generando datos objetivos para el mejoramiento gen\u00e9tico de la raza.<\/span><\/div>\n<div data-offset-key=%221i4ti-0-0%22 class=%22_1mf _1mj%22><span data-offset-key=%221i4ti-0-0%22><\/span><\/div>\n<\/div>\n<p>\u00bb content_phone=\u00bb<\/p>\n<div class=%22%22 data-block=%22true%22 data-editor=%22dr79h%22 data-offset-key=%222bs60-0-0%22>\n<div data-offset-key=%222bs60-0-0%22 class=%22_1mf _1mj%22>\n<p><span style=%22font-weight: 400;%22>Del <\/span><b>16 al 29 de octubre<\/b><span style=%22font-weight: 400;%22>, <\/span><b>Hereford Argentina<\/b><span style=%22font-weight: 400;%22> particip\u00f3 en la <\/span><b>Conferencia Mundial Hereford 2025 (World Hereford Conference)<\/b><span style=%22font-weight: 400;%22>, un evento organizado por el <\/span><b>World Hereford Council<\/b><span style=%22font-weight: 400;%22> que reuni\u00f3 a m\u00e1s de <\/span><b>700 criadores, t\u00e9cnicos, referentes y l\u00edderes de la industria ganadera<\/b><span style=%22font-weight: 400;%22> de m\u00e1s de 20 pa\u00edses en <\/span><b>Kansas City, Estados Unidos<\/b><span style=%22font-weight: 400;%22>.<\/span><\/p>\n<p><span style=%22font-weight: 400;%22>El encuentro, con sede en la <\/span><b>Asociaci\u00f3n Americana de Hereford<\/b><span style=%22font-weight: 400;%22>, promovi\u00f3 espacios de intercambio, aprendizaje y cooperaci\u00f3n internacional, abordando los <\/span><b>desaf\u00edos y oportunidades<\/b><span style=%22font-weight: 400;%22> que enfrenta la raza en el contexto global. La conferencia combin\u00f3 charlas t\u00e9cnicas, sesiones educativas, feria comercial, y giras previas y posteriores, ofreciendo una mirada integral sobre la evoluci\u00f3n del Hereford en el mundo.\u00a0<\/span><\/p>\n<p><span style=%22font-weight: 400;%22>Durante los primeros d\u00edas se desarroll\u00f3 la gira <\/span><b>\u201cHerefords in Big Sky Country\u201d<\/b><span style=%22font-weight: 400;%22>, en el estado de <\/span><b>Montana<\/b><span style=%22font-weight: 400;%22>, que brind\u00f3 una mirada privilegiada a la <\/span><b>gen\u00e9tica de \u00e9lite<\/b><span style=%22font-weight: 400;%22>, las <\/span><b>tradiciones ganaderas<\/b><span style=%22font-weight: 400;%22> y el <\/span><b>impacto del ganado Hereford<\/b><span style=%22font-weight: 400;%22> en la regi\u00f3n. Entre las actividades destacadas se realizaron visitas a <\/span><b>Churchill Cattle Company<\/b><span style=%22font-weight: 400;%22>, <\/span><b>Feddes Herefords<\/b><span style=%22font-weight: 400;%22>, y un almuerzo de camarader\u00eda en <\/span><b>Storey Hereford Ranch<\/b><span style=%22font-weight: 400;%22>, adem\u00e1s de recorridas por otros establecimientos y puntos de inter\u00e9s vinculados a la historia y el desarrollo de la raza en el norte de los Estados Unidos.\u00a0<\/span><\/p>\n<\/div>\n<\/div>\n<div class=%22%22 data-block=%22true%22 data-editor=%22dr79h%22 data-offset-key=%2253oga-0-0%22><\/div>\n<div class=%22x14z9mp xat24cr x1lziwak x1vvkbs xtlvy1s x126k92a%22><\/div>\n<div class=%22x14z9mp xat24cr x1lziwak x1vvkbs xtlvy1s x126k92a%22><\/div>\n<div class=%22%22 data-block=%22true%22 data-editor=%22e6nui%22 data-offset-key=%221i4ti-0-0%22>\n<div data-offset-key=%221i4ti-0-0%22 class=%22_1mf _1mj%22><\/div>\n<\/div>\n<div class=%22%22 data-block=%22true%22 data-editor=%22e6nui%22 data-offset-key=%221i4ti-0-0%22>\n<div data-offset-key=%221i4ti-0-0%22 class=%22_1mf _1mj%22><\/div>\n<\/div>\n<div class=%22%22 data-block=%22true%22 data-editor=%22e6nui%22 data-offset-key=%221i4ti-0-0%22>\n<div data-offset-key=%221i4ti-0-0%22 class=%22_1mf _1mj%22><span data-offset-key=%221i4ti-0-0%22><\/span><\/div>\n<\/div>\n<p>\u00bb content_last_edited=\u00bbon|desktop\u00bb _builder_version=\u00bb4.27.4&#8243; _module_preset=\u00bbdefault\u00bb custom_padding=\u00bb|16px||16px||\u00bb hover_enabled=\u00bb0&#8243; global_colors_info=\u00bb{}\u00bb sticky_enabled=\u00bb0&#8243;]<\/p>\n<p><span style=\"font-weight: 400;\">Del <\/span><b>16 al 29 de octubre<\/b><span style=\"font-weight: 400;\">, <\/span><b>Hereford Argentina<\/b><span style=\"font-weight: 400;\"> particip\u00f3 en la <\/span><b>Conferencia Mundial Hereford 2025 (World Hereford Conference)<\/b><span style=\"font-weight: 400;\">, un evento organizado por el <\/span><b>World Hereford Council<\/b><span style=\"font-weight: 400;\"> que reuni\u00f3 a m\u00e1s de <\/span><b>700 criadores, t\u00e9cnicos, referentes y l\u00edderes de la industria ganadera<\/b><span style=\"font-weight: 400;\"> de m\u00e1s de 20 pa\u00edses en <\/span><b>Kansas City, Estados Unidos<\/b><span style=\"font-weight: 400;\">.<\/span><\/p>\n<p><span style=\"font-weight: 400;\">El encuentro, con sede en la <\/span><b>Asociaci\u00f3n Americana de Hereford<\/b><span style=\"font-weight: 400;\">, promovi\u00f3 espacios de intercambio, aprendizaje y cooperaci\u00f3n internacional, abordando los <\/span><b>desaf\u00edos y oportunidades<\/b><span style=\"font-weight: 400;\"> que enfrenta la raza en el contexto global. La conferencia combin\u00f3 charlas t\u00e9cnicas, sesiones educativas, feria comercial, y giras previas y posteriores, ofreciendo una mirada integral sobre la evoluci\u00f3n del Hereford en el mundo.\u00a0<\/span><\/p>\n<p><span style=\"font-weight: 400;\">Durante los primeros d\u00edas se desarroll\u00f3 la gira <\/span><b>\u201cHerefords in Big Sky Country\u201d<\/b><span style=\"font-weight: 400;\">, en el estado de <\/span><b>Montana<\/b><span style=\"font-weight: 400;\">, que brind\u00f3 una mirada privilegiada a la <\/span><b>gen\u00e9tica de \u00e9lite<\/b><span style=\"font-weight: 400;\">, las <\/span><b>tradiciones ganaderas<\/b><span style=\"font-weight: 400;\"> y el <\/span><b>impacto del ganado Hereford<\/b><span style=\"font-weight: 400;\"> en la regi\u00f3n. Entre las actividades destacadas se realizaron visitas a <\/span><b>Churchill Cattle Company<\/b><span style=\"font-weight: 400;\">, <\/span><b>Feddes Herefords<\/b><span style=\"font-weight: 400;\">, y un almuerzo de camarader\u00eda en <\/span><b>Storey Hereford Ranch<\/b><span style=\"font-weight: 400;\">, adem\u00e1s de recorridas por otros establecimientos y puntos de inter\u00e9s vinculados a la historia y el desarrollo de la raza en el norte de los Estados Unidos.\u00a0<\/span><\/p>\n<p>[\/et_pb_text][et_pb_image src=\u00bbhttps:\/\/www.hereford.org.ar\/web\/wp-content\/uploads\/2025\/10\/567271057_18424483135110044_823029004083938332_n.jpg\u00bb title_text=\u00bb567271057_18424483135110044_823029004083938332_n\u00bb align=\u00bbcenter\u00bb _builder_version=\u00bb4.27.4&#8243; _module_preset=\u00bbdefault\u00bb width=\u00bb38%\u00bb global_colors_info=\u00bb{}\u00bb][\/et_pb_image][et_pb_text content_tablet=\u00bb<\/p>\n<p data-start=%22141%22 data-end=%22396%22 class=%22%22>Inici\u00f3 una nueva edici\u00f3n de la Prueba Pastoril Hereford en el campo del <strong>INTA Concepci\u00f3n del Uruguay<\/strong>, con el ingreso de <strong>121 animales<\/strong> provenientes de distintas caba\u00f1as. En este 4\u00b0 ciclo participan <strong>75 hembras y 46 machos<\/strong>, que llegaron en excelentes condiciones sanitarias y corporales.<\/p>\n<div class=%22%22 data-block=%22true%22 data-editor=%22e6nui%22 data-offset-key=%22bag3j-0-0%22>\n<div data-offset-key=%22bag3j-0-0%22 class=%22_1mf _1mj%22><span data-offset-key=%22bag3j-0-0%22> <\/span><\/div>\n<\/div>\n<div class=%22%22 data-block=%22true%22 data-editor=%22e6nui%22 data-offset-key=%2257iih-0-0%22>\n<div data-offset-key=%2257iih-0-0%22 class=%22_1mf _1mj%22><span data-offset-key=%2257iih-0-0%22>Seg\u00fan explic\u00f3 el <strong>Ing. Sebasti\u00e1n Vittone,<\/strong> Investigador del INTA Concepci\u00f3n del Uruguay y Coordinador de la Prueba Pastoril, los animales atraviesan inicialmente un protocolo sanitario desarrollado junto a Biog\u00e9nesis Bag\u00f3. Luego, tras 4 a 5 d\u00edas de adaptaci\u00f3n en corrales, se los divide por categor\u00eda y se inicia un primer per\u00edodo de 15 d\u00edas de pastoreo. Finalizada esta etapa, se realizan las mediciones de inicio de prueba: peso, altura, ecograf\u00eda y condici\u00f3n corporal, dando as\u00ed inicio a la competencia.<\/span><\/div>\n<\/div>\n<div class=%22%22 data-block=%22true%22 data-editor=%22e6nui%22 data-offset-key=%22236vf-0-0%22>\n<div data-offset-key=%22236vf-0-0%22 class=%22_1mf _1mj%22><span data-offset-key=%22236vf-0-0%22> <\/span><\/div>\n<\/div>\n<div class=%22%22 data-block=%22true%22 data-editor=%22e6nui%22 data-offset-key=%221i4ti-0-0%22>\n<div data-offset-key=%221i4ti-0-0%22 class=%22_1mf _1mj%22><span data-offset-key=%221i4ti-0-0%22>Se trata de una de las <strong>pruebas pastoriles m\u00e1s grandes de Sudam\u00e9rica<\/strong>, una instancia clave para evaluar el rendimiento productivo en condiciones reales de campo y seguir generando datos objetivos para el mejoramiento gen\u00e9tico de la raza.<\/span><\/div>\n<div data-offset-key=%221i4ti-0-0%22 class=%22_1mf _1mj%22><span data-offset-key=%221i4ti-0-0%22><\/span><\/div>\n<\/div>\n<p>\u00bb content_phone=\u00bb<\/p>\n<div class=%22%22 data-block=%22true%22 data-editor=%22dr79h%22 data-offset-key=%222bs60-0-0%22>\n<div data-offset-key=%222bs60-0-0%22 class=%22_1mf _1mj%22>\n<p><span style=%22font-weight: 400;%22>Posteriormente, los participantes continuaron con las giras <\/span><b>\u201cSandhills Sights and Mountain Views\u201d<\/b><span style=%22font-weight: 400;%22>, atravesando las onduladas colinas de <\/span><b>Sandhills, Nebraska<\/b><span style=%22font-weight: 400;%22>, y <\/span><b>\u201cSouthbound to Cowtown\u201d<\/b><span style=%22font-weight: 400;%22>, que recorri\u00f3 los estados de <\/span><b>Oklahoma y Texas<\/b><span style=%22font-weight: 400;%22> hasta llegar a <\/span><b>Fort Worth<\/b><span style=%22font-weight: 400;%22>, combinando historia, gen\u00e9tica y la cultura ganadera estadounidense.<\/span><\/p>\n<p><span style=%22font-weight: 400;%22>En el marco de la conferencia tambi\u00e9n se desarroll\u00f3 el <\/span><b>Concurso de J\u00f3venes Criadores<\/b><span style=%22font-weight: 400;%22>, que reuni\u00f3 a participantes de distintas ubicaciones, junto con una <\/span><b>feria comercial y sesiones educativas<\/b><span style=%22font-weight: 400;%22> centradas en innovaci\u00f3n, sostenibilidad y tecnolog\u00edas aplicadas al sector.<\/span><\/p>\n<p class=%22%22 data-pm-slice=%221 1 %91%93%22 style=%22text-align: justify;%22><span style=%22font-weight: 400;%22>Asimismo, se llev\u00f3 a cabo la <\/span><b>reuni\u00f3n de delegados del World Hereford Council<\/b><span style=%22font-weight: 400;%22>, donde representantes de las asociaciones miembro intercambiaron ideas, planificaron proyectos conjuntos y debatieron sobre el futuro de la raza y las pr\u00f3ximas ediciones de la conferencia mundial.\u00a0\u00a0<\/span><\/p>\n<p><span style=%22font-weight: 400;%22>En representaci\u00f3n de <\/span><b>Hereford Argentina<\/b><span style=%22font-weight: 400;%22>, la delegaci\u00f3n estuvo encabezada por el <\/span><b>presidente, Alejandro de la Tour (h)<\/b><span style=%22font-weight: 400;%22>, junto a los directores <\/span><b>Jos\u00e9 Goyanes<\/b><span style=%22font-weight: 400;%22>, <\/span><b>Carlos Bobrovsky<\/b><span style=%22font-weight: 400;%22> y <\/span><b>Sergio An\u00edbal Mundet<\/b><span style=%22font-weight: 400;%22>, quienes participaron activamente en las distintas instancias de trabajo e intercambio.<\/span><\/p>\n<p><span style=%22font-weight: 400;%22>La presencia argentina en este encuentro mundial result\u00f3 <\/span><b>altamente significativa<\/b><span style=%22font-weight: 400;%22>, no solo por el intercambio t\u00e9cnico y comercial que promovi\u00f3, sino tambi\u00e9n por el <\/span><b>rol protag\u00f3nico<\/b><span style=%22font-weight: 400;%22> de nuestro pa\u00eds dentro del mapa internacional de la raza. La conferencia reafirm\u00f3 la <\/span><b>excelencia gen\u00e9tica, el profesionalismo y la cooperaci\u00f3n<\/b><span style=%22font-weight: 400;%22> que distinguen al Hereford argentino en el mundo, proyectando con fuerza su futuro en la ganader\u00eda global.<\/span><\/p>\n<\/div>\n<\/div>\n<div class=%22%22 data-block=%22true%22 data-editor=%22dr79h%22 data-offset-key=%2253oga-0-0%22><\/div>\n<div class=%22x14z9mp xat24cr x1lziwak x1vvkbs xtlvy1s x126k92a%22><\/div>\n<div class=%22x14z9mp xat24cr x1lziwak x1vvkbs xtlvy1s x126k92a%22><\/div>\n<div class=%22%22 data-block=%22true%22 data-editor=%22e6nui%22 data-offset-key=%221i4ti-0-0%22>\n<div data-offset-key=%221i4ti-0-0%22 class=%22_1mf _1mj%22><\/div>\n<\/div>\n<div class=%22%22 data-block=%22true%22 data-editor=%22e6nui%22 data-offset-key=%221i4ti-0-0%22>\n<div data-offset-key=%221i4ti-0-0%22 class=%22_1mf _1mj%22><\/div>\n<\/div>\n<div class=%22%22 data-block=%22true%22 data-editor=%22e6nui%22 data-offset-key=%221i4ti-0-0%22>\n<div data-offset-key=%221i4ti-0-0%22 class=%22_1mf _1mj%22><span data-offset-key=%221i4ti-0-0%22><\/span><\/div>\n<\/div>\n<p>\u00bb content_last_edited=\u00bbon|phone\u00bb _builder_version=\u00bb4.27.4&#8243; _module_preset=\u00bbdefault\u00bb custom_padding=\u00bb|16px||16px||\u00bb hover_enabled=\u00bb0&#8243; global_colors_info=\u00bb{}\u00bb sticky_enabled=\u00bb0&#8243;]<\/p>\n<p><span style=\"font-weight: 400;\">Posteriormente, los participantes continuaron con las giras <\/span><b>\u201cSandhills Sights and Mountain Views\u201d<\/b><span style=\"font-weight: 400;\">, atravesando las onduladas colinas de <\/span><b>Sandhills, Nebraska<\/b><span style=\"font-weight: 400;\">, y <\/span><b>\u201cSouthbound to Cowtown\u201d<\/b><span style=\"font-weight: 400;\">, que recorri\u00f3 los estados de <\/span><b>Oklahoma y Texas<\/b><span style=\"font-weight: 400;\"> hasta llegar a <\/span><b>Fort Worth<\/b><span style=\"font-weight: 400;\">, combinando historia, gen\u00e9tica y la cultura ganadera estadounidense.<\/span><\/p>\n<p><span style=\"font-weight: 400;\">En el marco de la conferencia tambi\u00e9n se desarroll\u00f3 el <\/span><b>Concurso de J\u00f3venes Criadores<\/b><span style=\"font-weight: 400;\">, que reuni\u00f3 a participantes de distintas ubicaciones, junto con una <\/span><b>feria comercial y sesiones educativas<\/b><span style=\"font-weight: 400;\"> centradas en innovaci\u00f3n, sostenibilidad y tecnolog\u00edas aplicadas al sector.<\/span><\/p>\n<p class=\"\" data-pm-slice=\"1 1 []\" style=\"text-align: justify;\"><span style=\"font-weight: 400;\">Asimismo, se llev\u00f3 a cabo la <\/span><b>reuni\u00f3n de delegados del World Hereford Council<\/b><span style=\"font-weight: 400;\">, donde representantes de las asociaciones miembro intercambiaron ideas, planificaron proyectos conjuntos y debatieron sobre el futuro de la raza y las pr\u00f3ximas ediciones de la conferencia mundial.\u00a0\u00a0<\/span><\/p>\n<p><span style=\"font-weight: 400;\">En representaci\u00f3n de <\/span><b>Hereford Argentina<\/b><span style=\"font-weight: 400;\">, la delegaci\u00f3n estuvo encabezada por el <\/span><b>presidente, Alejandro de la Tour (h)<\/b><span style=\"font-weight: 400;\">, junto a los directores <\/span><b>Jos\u00e9 Goyanes<\/b><span style=\"font-weight: 400;\">, <\/span><b>Carlos Bobrovsky<\/b><span style=\"font-weight: 400;\"> y <\/span><b>Sergio An\u00edbal Mundet<\/b><span style=\"font-weight: 400;\">, quienes participaron activamente en las distintas instancias de trabajo e intercambio.<\/span><\/p>\n<p><span style=\"font-weight: 400;\">La presencia argentina en este encuentro mundial result\u00f3 <\/span><b>altamente significativa<\/b><span style=\"font-weight: 400;\">, no solo por el intercambio t\u00e9cnico y comercial que promovi\u00f3, sino tambi\u00e9n por el <\/span><b>rol protag\u00f3nico<\/b><span style=\"font-weight: 400;\"> de nuestro pa\u00eds dentro del mapa internacional de la raza. La conferencia reafirm\u00f3 la <\/span><b>excelencia gen\u00e9tica, el profesionalismo y la cooperaci\u00f3n<\/b><span style=\"font-weight: 400;\"> que distinguen al Hereford argentino en el mundo, proyectando con fuerza su futuro en la ganader\u00eda global.<\/span><\/p>\n<p>[\/et_pb_text][et_pb_gallery gallery_ids=\u00bb5622,5604,5609,5605,5606,5607,5610,5611,5612,5613,5614,5620,5621&#8243; posts_number=\u00bb8&#8243; show_title_and_caption=\u00bboff\u00bb _builder_version=\u00bb4.27.4&#8243; _module_preset=\u00bbdefault\u00bb global_colors_info=\u00bb{}\u00bb][\/et_pb_gallery][\/et_pb_column][\/et_pb_row][\/et_pb_section]<\/p>\n","protected":false},"excerpt":{"rendered":"<p>Hereford Argentina particip\u00f3&#8230;<\/p>\n","protected":false},"author":5,"featured_media":5601,"comment_status":"closed","ping_status":"open","sticky":false,"template":"","format":"standard","meta":{"_et_pb_use_builder":"on","_et_pb_old_content":"","_et_gb_content_width":"","site-sidebar-layout":"default","site-content-layout":"","ast-site-content-layout":"default","site-content-style":"default","site-sidebar-style":"default","ast-global-header-display":"","ast-banner-title-visibility":"","ast-main-header-display":"","ast-hfb-above-header-display":"","ast-hfb-below-header-display":"","ast-hfb-mobile-header-display":"","site-post-title":"","ast-breadcrumbs-content":"","ast-featured-img":"","footer-sml-layout":"","ast-disable-related-posts":"","theme-transparent-header-meta":"","adv-header-id-meta":"","stick-header-meta":"","header-above-stick-meta":"","header-main-stick-meta":"","header-below-stick-meta":"","astra-migrate-meta-layouts":"set","ast-page-background-enabled":"default","ast-page-background-meta":{"desktop":{"background-color":"var(--ast-global-color-4)","background-image":"","background-repeat":"repeat","background-position":"center center","background-size":"auto","background-attachment":"scroll","background-type":"","background-media":"","overlay-type":"","overlay-color":"","overlay-opacity":"","overlay-gradient":""},"tablet":{"background-color":"","background-image":"","background-repeat":"repeat","background-position":"center center","background-size":"auto","background-attachment":"scroll","background-type":"","background-media":"","overlay-type":"","overlay-color":"","overlay-opacity":"","overlay-gradient":""},"mobile":{"background-color":"","background-image":"","background-repeat":"repeat","background-position":"center center","background-size":"auto","background-attachment":"scroll","background-type":"","background-media":"","overlay-type":"","overlay-color":"","overlay-opacity":"","overlay-gradient":""}},"ast-content-background-meta":{"desktop":{"background-color":"var(--ast-global-color-5)","background-image":"","background-repeat":"repeat","background-position":"center center","background-size":"auto","background-attachment":"scroll","background-type":"","background-media":"","overlay-type":"","overlay-color":"","overlay-opacity":"","overlay-gradient":""},"tablet":{"background-color":"var(--ast-global-color-5)","background-image":"","background-repeat":"repeat","background-position":"center center","background-size":"auto","background-attachment":"scroll","background-type":"","background-media":"","overlay-type":"","overlay-color":"","overlay-opacity":"","overlay-gradient":""},"mobile":{"background-color":"var(--ast-global-color-5)","background-image":"","background-repeat":"repeat","background-position":"center center","background-size":"auto","background-attachment":"scroll","background-type":"","background-media":"","overlay-type":"","overlay-color":"","overlay-opacity":"","overlay-gradient":""}},"footnotes":""},"categories":[1],"tags":[],"class_list":["post-5599","post","type-post","status-publish","format-standard","has-post-thumbnail","hentry","category-uncategorized"],"_links":{"self":[{"href":"https:\/\/www.hereford.org.ar\/web\/wp-json\/wp\/v2\/posts\/5599","targetHints":{"allow":["GET"]}}],"collection":[{"href":"https:\/\/www.hereford.org.ar\/web\/wp-json\/wp\/v2\/posts"}],"about":[{"href":"https:\/\/www.hereford.org.ar\/web\/wp-json\/wp\/v2\/types\/post"}],"author":[{"embeddable":true,"href":"https:\/\/www.hereford.org.ar\/web\/wp-json\/wp\/v2\/users\/5"}],"replies":[{"embeddable":true,"href":"https:\/\/www.hereford.org.ar\/web\/wp-json\/wp\/v2\/comments?post=5599"}],"version-history":[{"count":8,"href":"https:\/\/www.hereford.org.ar\/web\/wp-json\/wp\/v2\/posts\/5599\/revisions"}],"predecessor-version":[{"id":5653,"href":"https:\/\/www.hereford.org.ar\/web\/wp-json\/wp\/v2\/posts\/5599\/revisions\/5653"}],"wp:featuredmedia":[{"embeddable":true,"href":"https:\/\/www.hereford.org.ar\/web\/wp-json\/wp\/v2\/media\/5601"}],"wp:attachment":[{"href":"https:\/\/www.hereford.org.ar\/web\/wp-json\/wp\/v2\/media?parent=5599"}],"wp:term":[{"taxonomy":"category","embeddable":true,"href":"https:\/\/www.hereford.org.ar\/web\/wp-json\/wp\/v2\/categories?post=5599"},{"taxonomy":"post_tag","embeddable":true,"href":"https:\/\/www.hereford.org.ar\/web\/wp-json\/wp\/v2\/tags?post=5599"}],"curies":[{"name":"wp","href":"https:\/\/api.w.org\/{rel}","templated":true}]}}