{"id":5519,"date":"2025-10-14T15:25:41","date_gmt":"2025-10-14T18:25:41","guid":{"rendered":"https:\/\/www.hereford.org.ar\/web\/?p=5519"},"modified":"2025-10-14T15:38:35","modified_gmt":"2025-10-14T18:38:35","slug":"expo-ganadera-del-centro","status":"publish","type":"post","link":"https:\/\/www.hereford.org.ar\/web\/expo-ganadera-del-centro\/","title":{"rendered":"Expo Ganadera del Centro"},"content":{"rendered":"<p>[et_pb_section fb_built=\u00bb1&#8243; _builder_version=\u00bb4.27.4&#8243; _module_preset=\u00bbdefault\u00bb global_colors_info=\u00bb{}\u00bb][et_pb_row _builder_version=\u00bb4.27.4&#8243; _module_preset=\u00bbdefault\u00bb global_colors_info=\u00bb{}\u00bb][et_pb_column type=\u00bb4_4&#8243; _builder_version=\u00bb4.27.4&#8243; _module_preset=\u00bbdefault\u00bb global_colors_info=\u00bb{}\u00bb][et_pb_text _builder_version=\u00bb4.27.4&#8243; _module_preset=\u00bbdefault\u00bb text_font=\u00bb|700|||||||\u00bb text_font_size=\u00bb24px\u00bb header_text_align=\u00bbcenter\u00bb text_orientation=\u00bbcenter\u00bb custom_padding=\u00bb|8px||12px||\u00bb hover_enabled=\u00bb0&#8243; global_colors_info=\u00bb{}\u00bb sticky_enabled=\u00bb0&#8243;]<\/p>\n<p style=\"text-align: center;\"><strong>Expo Ganadera del Centro 2025<\/strong><\/p>\n<p>[\/et_pb_text][\/et_pb_column][\/et_pb_row][et_pb_row _builder_version=\u00bb4.27.4&#8243; _module_preset=\u00bbdefault\u00bb global_colors_info=\u00bb{}\u00bb][et_pb_column type=\u00bb4_4&#8243; _builder_version=\u00bb4.27.4&#8243; _module_preset=\u00bbdefault\u00bb global_colors_info=\u00bb{}\u00bb][et_pb_image src=\u00bbhttps:\/\/www.hereford.org.ar\/web\/wp-content\/uploads\/2025\/10\/Foto-web-notas-700&#215;500-3-1.png\u00bb title_text=\u00bbFoto web notas 700&#215;500 (3)\u00bb _builder_version=\u00bb4.27.4&#8243; _module_preset=\u00bbdefault\u00bb width=\u00bb65%\u00bb max_width=\u00bb65%\u00bb module_alignment=\u00bbcenter\u00bb global_colors_info=\u00bb{}\u00bb][\/et_pb_image][\/et_pb_column][\/et_pb_row][et_pb_row _builder_version=\u00bb4.27.4&#8243; _module_preset=\u00bbdefault\u00bb global_colors_info=\u00bb{}\u00bb][et_pb_column type=\u00bb4_4&#8243; _builder_version=\u00bb4.27.4&#8243; _module_preset=\u00bbdefault\u00bb global_colors_info=\u00bb{}\u00bb][et_pb_text content_tablet=\u00bb<\/p>\n<p data-start=%22141%22 data-end=%22396%22 class=%22%22>Inici\u00f3 una nueva edici\u00f3n de la Prueba Pastoril Hereford en el campo del <strong>INTA Concepci\u00f3n del Uruguay<\/strong>, con el ingreso de <strong>121 animales<\/strong> provenientes de distintas caba\u00f1as. En este 4\u00b0 ciclo participan <strong>75 hembras y 46 machos<\/strong>, que llegaron en excelentes condiciones sanitarias y corporales.<\/p>\n<div class=%22%22 data-block=%22true%22 data-editor=%22e6nui%22 data-offset-key=%22bag3j-0-0%22>\n<div data-offset-key=%22bag3j-0-0%22 class=%22_1mf _1mj%22><span data-offset-key=%22bag3j-0-0%22> <\/span><\/div>\n<\/div>\n<div class=%22%22 data-block=%22true%22 data-editor=%22e6nui%22 data-offset-key=%2257iih-0-0%22>\n<div data-offset-key=%2257iih-0-0%22 class=%22_1mf _1mj%22><span data-offset-key=%2257iih-0-0%22>Seg\u00fan explic\u00f3 el <strong>Ing. Sebasti\u00e1n Vittone,<\/strong> Investigador del INTA Concepci\u00f3n del Uruguay y Coordinador de la Prueba Pastoril, los animales atraviesan inicialmente un protocolo sanitario desarrollado junto a Biog\u00e9nesis Bag\u00f3. Luego, tras 4 a 5 d\u00edas de adaptaci\u00f3n en corrales, se los divide por categor\u00eda y se inicia un primer per\u00edodo de 15 d\u00edas de pastoreo. Finalizada esta etapa, se realizan las mediciones de inicio de prueba: peso, altura, ecograf\u00eda y condici\u00f3n corporal, dando as\u00ed inicio a la competencia.<\/span><\/div>\n<\/div>\n<div class=%22%22 data-block=%22true%22 data-editor=%22e6nui%22 data-offset-key=%22236vf-0-0%22>\n<div data-offset-key=%22236vf-0-0%22 class=%22_1mf _1mj%22><span data-offset-key=%22236vf-0-0%22> <\/span><\/div>\n<\/div>\n<div class=%22%22 data-block=%22true%22 data-editor=%22e6nui%22 data-offset-key=%221i4ti-0-0%22>\n<div data-offset-key=%221i4ti-0-0%22 class=%22_1mf _1mj%22><span data-offset-key=%221i4ti-0-0%22>Se trata de una de las <strong>pruebas pastoriles m\u00e1s grandes de Sudam\u00e9rica<\/strong>, una instancia clave para evaluar el rendimiento productivo en condiciones reales de campo y seguir generando datos objetivos para el mejoramiento gen\u00e9tico de la raza.<\/span><\/div>\n<div data-offset-key=%221i4ti-0-0%22 class=%22_1mf _1mj%22><span data-offset-key=%221i4ti-0-0%22><\/span><\/div>\n<\/div>\n<p>\u00bb content_phone=\u00bb<\/p>\n<div class=%22%22 data-block=%22true%22 data-editor=%22dr79h%22 data-offset-key=%222bs60-0-0%22>\n<div data-offset-key=%222bs60-0-0%22 class=%22_1mf _1mj%22>\n<p style=%22text-align: justify;%22>Hereford Argentina particip\u00f3 de la<strong> Expo Ganadera del Centro<\/strong>, realizada los d\u00edas 29 y 30 de septiembre de 2025 en el Centro de Convenciones de C\u00f3rdoba. Este encuentro reuni\u00f3 a productores, empresarios, expertos, cooperativas, startups y organismos p\u00fablicos, con el objetivo de impulsar la innovaci\u00f3n, la sustentabilidad y el crecimiento del sector ganadero.<\/p>\n<p style=%22text-align: justify;%22>Durante la exposici\u00f3n se brind\u00f3 una <strong>charla<\/strong> a cargo del <strong>Lic. Juan Manuel Alo\u00e9, Director Ejecutivo de Hereford Argentina<\/strong>, y del <strong>M.V. Maximiliano Peirone, Promotor T\u00e9cnico Regional<\/strong>. La presentaci\u00f3n abord\u00f3 los principales programas de mejoramiento gen\u00e9tico que impulsa la Asociaci\u00f3n.<\/p>\n<p style=%22text-align: justify;%22>Adem\u00e1s, Hereford Argentina cont\u00f3 con un <strong>stand institucional<\/strong>, donde se brind\u00f3 informaci\u00f3n sobre la raza, sus caracter\u00edsticas diferenciales y las acciones que la Asociaci\u00f3n lleva adelante para fortalecer su posicionamiento a nivel nacional e internacional. El espacio tambi\u00e9n permiti\u00f3 generar un punto de encuentro con criadores, estudiantes, t\u00e9cnicos y p\u00fablico general, interesados en conocer m\u00e1s sobre la raza y sus programas de mejora.<\/p>\n<p style=%22text-align: justify;%22>Agradecemos a la organizaci\u00f3n de la Expo Ganadera del Centro por invitarnos a formar parte de esta edici\u00f3n.<\/p>\n<\/div>\n<\/div>\n<div class=%22%22 data-block=%22true%22 data-editor=%22dr79h%22 data-offset-key=%2253oga-0-0%22><\/div>\n<div class=%22x14z9mp xat24cr x1lziwak x1vvkbs xtlvy1s x126k92a%22><\/div>\n<div class=%22x14z9mp xat24cr x1lziwak x1vvkbs xtlvy1s x126k92a%22><\/div>\n<div class=%22%22 data-block=%22true%22 data-editor=%22e6nui%22 data-offset-key=%221i4ti-0-0%22>\n<div data-offset-key=%221i4ti-0-0%22 class=%22_1mf _1mj%22><\/div>\n<\/div>\n<div class=%22%22 data-block=%22true%22 data-editor=%22e6nui%22 data-offset-key=%221i4ti-0-0%22>\n<div data-offset-key=%221i4ti-0-0%22 class=%22_1mf _1mj%22><\/div>\n<\/div>\n<div class=%22%22 data-block=%22true%22 data-editor=%22e6nui%22 data-offset-key=%221i4ti-0-0%22>\n<div data-offset-key=%221i4ti-0-0%22 class=%22_1mf _1mj%22><span data-offset-key=%221i4ti-0-0%22><\/span><\/div>\n<\/div>\n<p>\u00bb content_last_edited=\u00bbon|phone\u00bb _builder_version=\u00bb4.27.4&#8243; _module_preset=\u00bbdefault\u00bb custom_padding=\u00bb|16px||16px||\u00bb hover_enabled=\u00bb0&#8243; global_colors_info=\u00bb{}\u00bb sticky_enabled=\u00bb0&#8243;]<\/p>\n<p style=\"text-align: justify;\">Hereford Argentina particip\u00f3 de la<strong> Expo Ganadera del Centro<\/strong>, realizada los d\u00edas 29 y 30 de septiembre de 2025 en el Centro de Convenciones de C\u00f3rdoba. Este encuentro reuni\u00f3 a productores, empresarios, expertos, cooperativas, startups y organismos p\u00fablicos, con el objetivo de impulsar la innovaci\u00f3n, la sustentabilidad y el crecimiento del sector ganadero.<\/p>\n<p style=\"text-align: justify;\">Durante la exposici\u00f3n se brind\u00f3 una <strong>charla<\/strong> a cargo del <strong>Lic. Juan Manuel Alo\u00e9, Director Ejecutivo de Hereford Argentina<\/strong>, y del <strong>M.V. Maximiliano Peirone, Promotor T\u00e9cnico Regional<\/strong>. La presentaci\u00f3n abord\u00f3 los principales programas de mejoramiento gen\u00e9tico que impulsa la Asociaci\u00f3n.<\/p>\n<p style=\"text-align: justify;\">Adem\u00e1s, Hereford Argentina cont\u00f3 con un <strong>stand institucional<\/strong>, donde se brind\u00f3 informaci\u00f3n sobre la raza, sus caracter\u00edsticas diferenciales y las acciones que la Asociaci\u00f3n lleva adelante para fortalecer su posicionamiento a nivel nacional e internacional. El espacio tambi\u00e9n permiti\u00f3 generar un punto de encuentro con criadores, estudiantes, t\u00e9cnicos y p\u00fablico general, interesados en conocer m\u00e1s sobre la raza y sus programas de mejora.<\/p>\n<p style=\"text-align: justify;\">Agradecemos a la organizaci\u00f3n de la Expo Ganadera del Centro por invitarnos a formar parte de esta edici\u00f3n.<\/p>\n<p style=\"text-align: justify;\">\n[\/et_pb_text][\/et_pb_column][\/et_pb_row][\/et_pb_section]<\/p>\n","protected":false},"excerpt":{"rendered":"<p>Expo Ganadera del Centro&#8230;<\/p>\n","protected":false},"author":5,"featured_media":5521,"comment_status":"closed","ping_status":"open","sticky":false,"template":"","format":"standard","meta":{"_et_pb_use_builder":"on","_et_pb_old_content":"","_et_gb_content_width":"","site-sidebar-layout":"default","site-content-layout":"","ast-site-content-layout":"default","site-content-style":"default","site-sidebar-style":"default","ast-global-header-display":"","ast-banner-title-visibility":"","ast-main-header-display":"","ast-hfb-above-header-display":"","ast-hfb-below-header-display":"","ast-hfb-mobile-header-display":"","site-post-title":"","ast-breadcrumbs-content":"","ast-featured-img":"","footer-sml-layout":"","ast-disable-related-posts":"","theme-transparent-header-meta":"","adv-header-id-meta":"","stick-header-meta":"","header-above-stick-meta":"","header-main-stick-meta":"","header-below-stick-meta":"","astra-migrate-meta-layouts":"set","ast-page-background-enabled":"default","ast-page-background-meta":{"desktop":{"background-color":"var(--ast-global-color-4)","background-image":"","background-repeat":"repeat","background-position":"center center","background-size":"auto","background-attachment":"scroll","background-type":"","background-media":"","overlay-type":"","overlay-color":"","overlay-opacity":"","overlay-gradient":""},"tablet":{"background-color":"","background-image":"","background-repeat":"repeat","background-position":"center center","background-size":"auto","background-attachment":"scroll","background-type":"","background-media":"","overlay-type":"","overlay-color":"","overlay-opacity":"","overlay-gradient":""},"mobile":{"background-color":"","background-image":"","background-repeat":"repeat","background-position":"center center","background-size":"auto","background-attachment":"scroll","background-type":"","background-media":"","overlay-type":"","overlay-color":"","overlay-opacity":"","overlay-gradient":""}},"ast-content-background-meta":{"desktop":{"background-color":"var(--ast-global-color-5)","background-image":"","background-repeat":"repeat","background-position":"center center","background-size":"auto","background-attachment":"scroll","background-type":"","background-media":"","overlay-type":"","overlay-color":"","overlay-opacity":"","overlay-gradient":""},"tablet":{"background-color":"var(--ast-global-color-5)","background-image":"","background-repeat":"repeat","background-position":"center center","background-size":"auto","background-attachment":"scroll","background-type":"","background-media":"","overlay-type":"","overlay-color":"","overlay-opacity":"","overlay-gradient":""},"mobile":{"background-color":"var(--ast-global-color-5)","background-image":"","background-repeat":"repeat","background-position":"center center","background-size":"auto","background-attachment":"scroll","background-type":"","background-media":"","overlay-type":"","overlay-color":"","overlay-opacity":"","overlay-gradient":""}},"footnotes":""},"categories":[1],"tags":[],"class_list":["post-5519","post","type-post","status-publish","format-standard","has-post-thumbnail","hentry","category-uncategorized"],"_links":{"self":[{"href":"https:\/\/www.hereford.org.ar\/web\/wp-json\/wp\/v2\/posts\/5519","targetHints":{"allow":["GET"]}}],"collection":[{"href":"https:\/\/www.hereford.org.ar\/web\/wp-json\/wp\/v2\/posts"}],"about":[{"href":"https:\/\/www.hereford.org.ar\/web\/wp-json\/wp\/v2\/types\/post"}],"author":[{"embeddable":true,"href":"https:\/\/www.hereford.org.ar\/web\/wp-json\/wp\/v2\/users\/5"}],"replies":[{"embeddable":true,"href":"https:\/\/www.hereford.org.ar\/web\/wp-json\/wp\/v2\/comments?post=5519"}],"version-history":[{"count":6,"href":"https:\/\/www.hereford.org.ar\/web\/wp-json\/wp\/v2\/posts\/5519\/revisions"}],"predecessor-version":[{"id":5528,"href":"https:\/\/www.hereford.org.ar\/web\/wp-json\/wp\/v2\/posts\/5519\/revisions\/5528"}],"wp:featuredmedia":[{"embeddable":true,"href":"https:\/\/www.hereford.org.ar\/web\/wp-json\/wp\/v2\/media\/5521"}],"wp:attachment":[{"href":"https:\/\/www.hereford.org.ar\/web\/wp-json\/wp\/v2\/media?parent=5519"}],"wp:term":[{"taxonomy":"category","embeddable":true,"href":"https:\/\/www.hereford.org.ar\/web\/wp-json\/wp\/v2\/categories?post=5519"},{"taxonomy":"post_tag","embeddable":true,"href":"https:\/\/www.hereford.org.ar\/web\/wp-json\/wp\/v2\/tags?post=5519"}],"curies":[{"name":"wp","href":"https:\/\/api.w.org\/{rel}","templated":true}]}}