{"id":5481,"date":"2025-10-06T13:21:00","date_gmt":"2025-10-06T16:21:00","guid":{"rendered":"https:\/\/www.hereford.org.ar\/web\/?p=5481"},"modified":"2025-10-06T14:45:49","modified_gmt":"2025-10-06T17:45:49","slug":"se-realizo-la-38-expo-nacional-hereford-bahia-blanca-2025","status":"publish","type":"post","link":"https:\/\/www.hereford.org.ar\/web\/se-realizo-la-38-expo-nacional-hereford-bahia-blanca-2025\/","title":{"rendered":"Se realiz\u00f3 la 38\u00b0 Expo Nacional Hereford \u2013 Bah\u00eda Blanca 2025"},"content":{"rendered":"<p>[et_pb_section fb_built=\u00bb1&#8243; _builder_version=\u00bb4.27.4&#8243; _module_preset=\u00bbdefault\u00bb global_colors_info=\u00bb{}\u00bb theme_builder_area=\u00bbpost_content\u00bb][et_pb_row _builder_version=\u00bb4.27.4&#8243; _module_preset=\u00bbdefault\u00bb global_colors_info=\u00bb{}\u00bb theme_builder_area=\u00bbpost_content\u00bb][et_pb_column type=\u00bb4_4&#8243; _builder_version=\u00bb4.27.4&#8243; _module_preset=\u00bbdefault\u00bb global_colors_info=\u00bb{}\u00bb theme_builder_area=\u00bbpost_content\u00bb][et_pb_text _builder_version=\u00bb4.27.4&#8243; _module_preset=\u00bbdefault\u00bb text_font=\u00bb|700|||||||\u00bb text_font_size=\u00bb24px\u00bb header_text_align=\u00bbcenter\u00bb text_orientation=\u00bbcenter\u00bb custom_padding=\u00bb|8px||12px||\u00bb hover_enabled=\u00bb0&#8243; global_colors_info=\u00bb{}\u00bb theme_builder_area=\u00bbpost_content\u00bb sticky_enabled=\u00bb0&#8243;]<\/p>\n<p style=\"text-align: center;\"><strong>Se realiz\u00f3 la 38\u00b0 Expo Nacional Hereford \u2013 Bah\u00eda Blanca 2025<\/strong><\/p>\n<p>[\/et_pb_text][\/et_pb_column][\/et_pb_row][et_pb_row _builder_version=\u00bb4.27.4&#8243; _module_preset=\u00bbdefault\u00bb global_colors_info=\u00bb{}\u00bb theme_builder_area=\u00bbpost_content\u00bb][et_pb_column type=\u00bb4_4&#8243; _builder_version=\u00bb4.27.4&#8243; _module_preset=\u00bbdefault\u00bb global_colors_info=\u00bb{}\u00bb theme_builder_area=\u00bbpost_content\u00bb][et_pb_image src=\u00bbhttps:\/\/www.hereford.org.ar\/web\/wp-content\/uploads\/2025\/10\/1-GC-MACHO-PP-scaled.jpg\u00bb title_text=\u00bb1 GC MACHO PP\u00bb _builder_version=\u00bb4.27.4&#8243; _module_preset=\u00bbdefault\u00bb width=\u00bb65%\u00bb max_width=\u00bb65%\u00bb module_alignment=\u00bbcenter\u00bb hover_enabled=\u00bb0&#8243; global_colors_info=\u00bb{}\u00bb theme_builder_area=\u00bbpost_content\u00bb sticky_enabled=\u00bb0&#8243;][\/et_pb_image][et_pb_button button_url=\u00bbhttps:\/\/drive.google.com\/drive\/folders\/17S6kqvqsjDWs-a7hmbK-AGlGm5wI4pE9?usp=sharing\u00bb button_text=\u00bbDescargar fotograf\u00edas \u00bb button_alignment=\u00bbcenter\u00bb _builder_version=\u00bb4.27.4&#8243; _module_preset=\u00bbdefault\u00bb custom_button=\u00bbon\u00bb button_text_color=\u00bb#FFFFFF\u00bb button_bg_color=\u00bb#7CDA24&#8243; hover_enabled=\u00bb0&#8243; global_colors_info=\u00bb{}\u00bb theme_builder_area=\u00bbpost_content\u00bb sticky_enabled=\u00bb0&#8243;][\/et_pb_button][\/et_pb_column][\/et_pb_row][et_pb_row _builder_version=\u00bb4.27.4&#8243; _module_preset=\u00bbdefault\u00bb global_colors_info=\u00bb{}\u00bb theme_builder_area=\u00bbpost_content\u00bb][et_pb_column type=\u00bb4_4&#8243; _builder_version=\u00bb4.27.4&#8243; _module_preset=\u00bbdefault\u00bb global_colors_info=\u00bb{}\u00bb theme_builder_area=\u00bbpost_content\u00bb][et_pb_text content_tablet=\u00bb<\/p>\n<p data-start=%22141%22 data-end=%22396%22 class=%22%22>Inici\u00f3 una nueva edici\u00f3n de la Prueba Pastoril Hereford en el campo del <strong>INTA Concepci\u00f3n del Uruguay<\/strong>, con el ingreso de <strong>121 animales<\/strong> provenientes de distintas caba\u00f1as. En este 4\u00b0 ciclo participan <strong>75 hembras y 46 machos<\/strong>, que llegaron en excelentes condiciones sanitarias y corporales.<\/p>\n<div class=%22%22 data-block=%22true%22 data-editor=%22e6nui%22 data-offset-key=%22bag3j-0-0%22>\n<div data-offset-key=%22bag3j-0-0%22 class=%22_1mf _1mj%22><span data-offset-key=%22bag3j-0-0%22> <\/span><\/div>\n<\/div>\n<div class=%22%22 data-block=%22true%22 data-editor=%22e6nui%22 data-offset-key=%2257iih-0-0%22>\n<div data-offset-key=%2257iih-0-0%22 class=%22_1mf _1mj%22><span data-offset-key=%2257iih-0-0%22>Seg\u00fan explic\u00f3 el <strong>Ing. Sebasti\u00e1n Vittone,<\/strong> Investigador del INTA Concepci\u00f3n del Uruguay y Coordinador de la Prueba Pastoril, los animales atraviesan inicialmente un protocolo sanitario desarrollado junto a Biog\u00e9nesis Bag\u00f3. Luego, tras 4 a 5 d\u00edas de adaptaci\u00f3n en corrales, se los divide por categor\u00eda y se inicia un primer per\u00edodo de 15 d\u00edas de pastoreo. Finalizada esta etapa, se realizan las mediciones de inicio de prueba: peso, altura, ecograf\u00eda y condici\u00f3n corporal, dando as\u00ed inicio a la competencia.<\/span><\/div>\n<\/div>\n<div class=%22%22 data-block=%22true%22 data-editor=%22e6nui%22 data-offset-key=%22236vf-0-0%22>\n<div data-offset-key=%22236vf-0-0%22 class=%22_1mf _1mj%22><span data-offset-key=%22236vf-0-0%22> <\/span><\/div>\n<\/div>\n<div class=%22%22 data-block=%22true%22 data-editor=%22e6nui%22 data-offset-key=%221i4ti-0-0%22>\n<div data-offset-key=%221i4ti-0-0%22 class=%22_1mf _1mj%22><span data-offset-key=%221i4ti-0-0%22>Se trata de una de las <strong>pruebas pastoriles m\u00e1s grandes de Sudam\u00e9rica<\/strong>, una instancia clave para evaluar el rendimiento productivo en condiciones reales de campo y seguir generando datos objetivos para el mejoramiento gen\u00e9tico de la raza.<\/span><\/div>\n<div data-offset-key=%221i4ti-0-0%22 class=%22_1mf _1mj%22><span data-offset-key=%221i4ti-0-0%22><\/span><\/div>\n<\/div>\n<p>\u00bb content_phone=\u00bb<\/p>\n<div class=%22%22 data-block=%22true%22 data-editor=%22dr79h%22 data-offset-key=%222bs60-0-0%22>\n<div data-offset-key=%222bs60-0-0%22 class=%22_1mf _1mj%22>\n<p>Del 2 al 6 de octubre de 2025, la <strong>Sociedad Rural de Bah\u00eda Blanca<\/strong> fue sede de una nueva edici\u00f3n de la Expo Nacional, encuentro que reuni\u00f3 a caba\u00f1eros, criadores, jurados, t\u00e9cnicos y p\u00fablico general en una semana marcada por la calidad gen\u00e9tica, el trabajo en equipo y el esp\u00edritu de la raza.<\/p>\n<p><strong>Ingreso y admisi\u00f3n<\/strong><\/p>\n<p>El jueves 2 y viernes 3 se llev\u00f3 a cabo el proceso de ingreso y admisi\u00f3n de animales, instancia en la que se realizaron las mediciones correspondientes y la verificaci\u00f3n de antecedentes sanitarios, garantizando que cada ejemplar cumpliera con todos los requisitos para participar de la muestra.\u00a0La Caba\u00f1a La Oma fue la primera en ingresar a la exposici\u00f3n, marcando el inicio de las actividades oficiales.<\/p>\n<p><strong>Charlas t\u00e9cnicas<\/strong><\/p>\n<p>Durante la tarde del viernes se desarroll\u00f3 la charla t\u00e9cnica titulada \u201cPrueba de Consumo Residual (RFI)\u201d, a cargo de la Dra. Mar\u00eda Calaf\u00e9, asesora gen\u00e9tica de Hereford Argentina. La disertaci\u00f3n brind\u00f3 herramientas t\u00e9cnicas clave orientadas al mejoramiento y la eficiencia productiva dentro de la raza.<\/p>\n<p><strong>Jura de clasificaci\u00f3n<\/strong><\/p>\n<p>El s\u00e1bado por la ma\u00f1ana comenz\u00f3 la jura de clasificaci\u00f3n, tanto de forma presencial como por streaming, con ejemplares de alt\u00edsima calidad gen\u00e9tica y un trabajo destacado por parte de los caba\u00f1eros y expositores.<\/p>\n<p>El jurado fue el Sr. Leandro Grasso, quien tuvo a su cargo la evaluaci\u00f3n de los animales con el siguiente veredicto:<\/p>\n<p>\u2013<span>\u00a0<\/span><img draggable=%22false%22 role=%22img%22 class=%22emoji%22 alt=%22\ud83c\udfc6%22 src=%22https:\/\/s.w.org\/images\/core\/emoji\/16.0.1\/svg\/1f3c6.svg%22 \/><span>\u00a0<\/span><strong>Gran Campe\u00f3n Macho PP<\/strong>: Box 108. X993. Castillo, Fernando Juan<br \/>\u2013<span>\u00a0<\/span><strong>Rdo. Gran Campe\u00f3n Macho PP<\/strong>: Box 111. X331. Gualdesi Hnos, SRL.<br \/>\u2013<span>\u00a0<\/span><strong>Tercer Mejor Macho:<\/strong><span>\u00a0<\/span>Box 106. Garciarena, Ana Carolina<br \/>\u2013<span>\u00a0<\/span><strong>Mejor Macho de Bozal:<\/strong><span>\u00a0<\/span>Box 108. X993. Castillo, Fernando Juan<\/p>\n<p>\u2013<span>\u00a0<\/span><img draggable=%22false%22 role=%22img%22 class=%22emoji%22 alt=%22\ud83c\udfc6%22 src=%22https:\/\/s.w.org\/images\/core\/emoji\/16.0.1\/svg\/1f3c6.svg%22 \/><span>\u00a0<\/span><strong>Gran Campe\u00f3n Hembra PP<\/strong>: Box 129. X178. Ayling, Ernesto Nicolas.<br \/>\u2013<span>\u00a0<\/span><strong>Rdo. Gran Campe\u00f3n Hembra PP<\/strong>: Box 124. X918. Castillo, Fernando Juan<br \/>\u2013<span>\u00a0<\/span><strong>Tercer Mejor Hembra<\/strong>: X286, Box 135. Estancias y Caba\u00f1a La Centella S.A.<br \/>\u2013<span>\u00a0<\/span><strong>Mejor Hembra de Bozal:<\/strong><span>\u00a0<\/span>Box 129. Ayling, Ernesto Nicolas<\/p>\n<p>\u2013<span>\u00a0<\/span><img draggable=%22false%22 role=%22img%22 class=%22emoji%22 alt=%22\ud83c\udfc6%22 src=%22https:\/\/s.w.org\/images\/core\/emoji\/16.0.1\/svg\/1f3c6.svg%22 \/><span>\u00a0<\/span><strong>Gran Campe\u00f3n Ternero PP<\/strong>: Box 106. Garciarena, Ana Carolina<br \/>\u2013<span>\u00a0<\/span><strong>Rdo. Gran Campe\u00f3n Ternero PP<\/strong>: Box 104. X1025. Castillo, Fernando Juan<br \/>\u2013<span>\u00a0<\/span><strong>Tercer Mejor Ternero:<\/strong><span>\u00a0<\/span>Box 233. X13. Odiard, Manuel Alfredo.<\/p>\n<p>\u2013<span>\u00a0<\/span><img draggable=%22false%22 role=%22img%22 class=%22emoji%22 alt=%22\ud83c\udfc6%22 src=%22https:\/\/s.w.org\/images\/core\/emoji\/16.0.1\/svg\/1f3c6.svg%22 \/><span>\u00a0<\/span><strong>Gran Campe\u00f3n Ternera PP<\/strong>: Box 239. X555. Odiard, Manuel Alfredo.<br \/>\u2013<span>\u00a0<\/span><strong>Rdo. Gran Campe\u00f3n Ternera PP:<\/strong><span>\u00a0<\/span>Box 120. Estancia y Caba\u00f1a Santo Domingo S.C.A.<br \/>\u2013<span>\u00a0<\/span><strong>Tercer Mejor Ternera PP:<\/strong><span>\u00a0<\/span>Box 119. Castillo, Fernando Juan<\/p>\n<p>\u2013<span>\u00a0<\/span><img draggable=%22false%22 role=%22img%22 class=%22emoji%22 alt=%22\ud83c\udfc6%22 src=%22https:\/\/s.w.org\/images\/core\/emoji\/16.0.1\/svg\/1f3c6.svg%22 \/><span>\u00a0<\/span><strong>Mejor Ternero de Bozal:<\/strong><span>\u00a0<\/span>Box 120. Estancia y Caba\u00f1a Santo Domingo S.C.A.<br \/>\u2013<span>\u00a0<\/span><strong>Rdo. Mejor Ternero de Bozal:<\/strong><span>\u00a0<\/span>Box 104. Castillo, Fernando Juan<br \/>\u2013<span>\u00a0<\/span><strong>Tercer Mejor Ternero de Bozal:<\/strong><span>\u00a0<\/span>Box 233. X13. Odiard, Manuel Alfredo.<\/p>\n<p>A pesar de las condiciones clim\u00e1ticas adversas, con lluvias intermitentes, la jornada se desarroll\u00f3 con total normalidad y un alto nivel organizativo. El jurado Leandro Grasso destac\u00f3: <em>\u201cVimos un nivel de hacienda extraordinario que coron\u00f3 esta edici\u00f3n de la Expo Nacional. Estoy muy conforme con los animales presentados: toros de mucho nivel, realmente muy contento con lo que se mostr\u00f3 en pista.\u201d<\/em><\/p>\n<p><strong>Concurso de jurados<\/strong><\/p>\n<p>El domingo, la actividad continu\u00f3 con el Concurso de Jurados, que cont\u00f3 con una gran participaci\u00f3n de j\u00f3venes y miembros del Ateneo de la Sociedad Rural de Bah\u00eda Blanca, quienes se acercaron para compartir la experiencia y seguir aprendiendo sobre la raza. La jornada estuvo acompa\u00f1ada por una charla t\u00e9cnica a cargo del M.V. Mart\u00edn Jensen, Promotor T\u00e9cnico Regional de Hereford Argentina.<\/p>\n<p>Ventas y cierre<\/p>\n<p>La exposici\u00f3n culmin\u00f3 con las ventas de reproductores, que registraron muy buenos valores de mercado, reflejo de la calidad gen\u00e9tica de los animales presentados.<\/p>\n<p>Alejandro de la Tour (h), Presidente de Hereford Argentina, expres\u00f3:\u00a0\u201cFue una exposici\u00f3n de muy buen nivel, con una jura consistente a cargo de un criador muy reconocido en el sur bonaerense como Leandro Grasso. Es un gran a\u00f1o para la raza; seguimos trabajando arduamente para fortalecer su crecimiento y presencia en todo el pa\u00eds.\u201d<\/p>\n<p>Agradecemos especialmente a todos los expositores, a la Sociedad Rural de Bah\u00eda Blanca por su hospitalidad, al staff t\u00e9cnico y organizativo, y al p\u00fablico que acompa\u00f1\u00f3 con entusiasmo cada jornada de la exposici\u00f3n.<\/p>\n<\/div>\n<\/div>\n<div class=%22%22 data-block=%22true%22 data-editor=%22dr79h%22 data-offset-key=%2253oga-0-0%22><\/div>\n<div class=%22x14z9mp xat24cr x1lziwak x1vvkbs xtlvy1s x126k92a%22><\/div>\n<div class=%22x14z9mp xat24cr x1lziwak x1vvkbs xtlvy1s x126k92a%22><\/div>\n<div class=%22%22 data-block=%22true%22 data-editor=%22e6nui%22 data-offset-key=%221i4ti-0-0%22>\n<div data-offset-key=%221i4ti-0-0%22 class=%22_1mf _1mj%22><\/div>\n<\/div>\n<div class=%22%22 data-block=%22true%22 data-editor=%22e6nui%22 data-offset-key=%221i4ti-0-0%22>\n<div data-offset-key=%221i4ti-0-0%22 class=%22_1mf _1mj%22><\/div>\n<\/div>\n<div class=%22%22 data-block=%22true%22 data-editor=%22e6nui%22 data-offset-key=%221i4ti-0-0%22>\n<div data-offset-key=%221i4ti-0-0%22 class=%22_1mf _1mj%22><span data-offset-key=%221i4ti-0-0%22><\/span><\/div>\n<\/div>\n<p>\u00bb content_last_edited=\u00bbon|phone\u00bb _builder_version=\u00bb4.27.4&#8243; _module_preset=\u00bbdefault\u00bb custom_padding=\u00bb|16px||16px||\u00bb hover_enabled=\u00bb0&#8243; global_colors_info=\u00bb{}\u00bb theme_builder_area=\u00bbpost_content\u00bb sticky_enabled=\u00bb0&#8243;]<\/p>\n<p>Del 2 al 6 de octubre de 2025, la <strong>Sociedad Rural de Bah\u00eda Blanca<\/strong> fue sede de una nueva edici\u00f3n de la Expo Nacional, encuentro que reuni\u00f3 a caba\u00f1eros, criadores, jurados, t\u00e9cnicos y p\u00fablico general en una semana marcada por la calidad gen\u00e9tica, el trabajo en equipo y el esp\u00edritu de la raza.<\/p>\n<p><strong>Ingreso y admisi\u00f3n<\/strong><\/p>\n<p>El jueves 2 y viernes 3 se llev\u00f3 a cabo el proceso de ingreso y admisi\u00f3n de animales, instancia en la que se realizaron las mediciones correspondientes y la verificaci\u00f3n de antecedentes sanitarios, garantizando que cada ejemplar cumpliera con todos los requisitos para participar de la muestra.\u00a0La Caba\u00f1a La Oma fue la primera en ingresar a la exposici\u00f3n, marcando el inicio de las actividades oficiales.<\/p>\n<p><strong>Charlas t\u00e9cnicas<\/strong><\/p>\n<p>Durante la tarde del viernes se desarroll\u00f3 la charla t\u00e9cnica titulada \u201cPrueba de Consumo Residual (RFI)\u201d, a cargo de la Dra. Mar\u00eda Calaf\u00e9, asesora gen\u00e9tica de Hereford Argentina. La disertaci\u00f3n brind\u00f3 herramientas t\u00e9cnicas clave orientadas al mejoramiento y la eficiencia productiva dentro de la raza.<\/p>\n<p><strong>Jura de clasificaci\u00f3n<\/strong><\/p>\n<p>El s\u00e1bado por la ma\u00f1ana comenz\u00f3 la jura de clasificaci\u00f3n, tanto de forma presencial como por streaming, con ejemplares de alt\u00edsima calidad gen\u00e9tica y un trabajo destacado por parte de los caba\u00f1eros y expositores.<\/p>\n<p>El jurado fue el Sr. Leandro Grasso, quien tuvo a su cargo la evaluaci\u00f3n de los animales con el siguiente veredicto:<\/p>\n<p>\u2013<span>\u00a0<\/span><img decoding=\"async\" draggable=\"false\" role=\"img\" class=\"emoji\" alt=\"\ud83c\udfc6\" src=\"https:\/\/s.w.org\/images\/core\/emoji\/16.0.1\/svg\/1f3c6.svg\" \/><span>\u00a0<\/span><strong>Gran Campe\u00f3n Macho PP<\/strong>: Box 108. X993. Castillo, Fernando Juan<br \/>\u2013<span>\u00a0<\/span><strong>Rdo. Gran Campe\u00f3n Macho PP<\/strong>: Box 111. X331. Gualdesi Hnos, SRL.<br \/>\u2013<span>\u00a0<\/span><strong>Tercer Mejor Macho:<\/strong><span>\u00a0<\/span>Box 106. Garciarena, Ana Carolina<br \/>\u2013<span>\u00a0<\/span><strong>Mejor Macho de Bozal:<\/strong><span>\u00a0<\/span>Box 108. X993. Castillo, Fernando Juan<\/p>\n<p>\u2013<span>\u00a0<\/span><img decoding=\"async\" draggable=\"false\" role=\"img\" class=\"emoji\" alt=\"\ud83c\udfc6\" src=\"https:\/\/s.w.org\/images\/core\/emoji\/16.0.1\/svg\/1f3c6.svg\" \/><span>\u00a0<\/span><strong>Gran Campe\u00f3n Hembra PP<\/strong>: Box 129. X178. Ayling, Ernesto Nicolas.<br \/>\u2013<span>\u00a0<\/span><strong>Rdo. Gran Campe\u00f3n Hembra PP<\/strong>: Box 124. X918. Castillo, Fernando Juan<br \/>\u2013<span>\u00a0<\/span><strong>Tercer Mejor Hembra<\/strong>: X286, Box 135. Estancias y Caba\u00f1a La Centella S.A.<br \/>\u2013<span>\u00a0<\/span><strong>Mejor Hembra de Bozal:<\/strong><span>\u00a0<\/span>Box 129. Ayling, Ernesto Nicolas<\/p>\n<p>\u2013<span>\u00a0<\/span><img decoding=\"async\" draggable=\"false\" role=\"img\" class=\"emoji\" alt=\"\ud83c\udfc6\" src=\"https:\/\/s.w.org\/images\/core\/emoji\/16.0.1\/svg\/1f3c6.svg\" \/><span>\u00a0<\/span><strong>Gran Campe\u00f3n Ternero PP<\/strong>: Box 106. Garciarena, Ana Carolina<br \/>\u2013<span>\u00a0<\/span><strong>Rdo. Gran Campe\u00f3n Ternero PP<\/strong>: Box 104. X1025. Castillo, Fernando Juan<br \/>\u2013<span>\u00a0<\/span><strong>Tercer Mejor Ternero:<\/strong><span>\u00a0<\/span>Box 233. X13. Odiard, Manuel Alfredo.<\/p>\n<p>\u2013<span>\u00a0<\/span><img decoding=\"async\" draggable=\"false\" role=\"img\" class=\"emoji\" alt=\"\ud83c\udfc6\" src=\"https:\/\/s.w.org\/images\/core\/emoji\/16.0.1\/svg\/1f3c6.svg\" \/><span>\u00a0<\/span><strong>Gran Campe\u00f3n Ternera PP<\/strong>: Box 239. X555. Odiard, Manuel Alfredo.<br \/>\u2013<span>\u00a0<\/span><strong>Rdo. Gran Campe\u00f3n Ternera PP:<\/strong><span>\u00a0<\/span>Box 120. Estancia y Caba\u00f1a Santo Domingo S.C.A.<br \/>\u2013<span>\u00a0<\/span><strong>Tercer Mejor Ternera PP:<\/strong><span>\u00a0<\/span>Box 119. Castillo, Fernando Juan<\/p>\n<p>\u2013<span>\u00a0<\/span><img decoding=\"async\" draggable=\"false\" role=\"img\" class=\"emoji\" alt=\"\ud83c\udfc6\" src=\"https:\/\/s.w.org\/images\/core\/emoji\/16.0.1\/svg\/1f3c6.svg\" \/><span>\u00a0<\/span><strong>Mejor Ternero de Bozal:<\/strong><span>\u00a0<\/span>Box 120. Estancia y Caba\u00f1a Santo Domingo S.C.A.<br \/>\u2013<span>\u00a0<\/span><strong>Rdo. Mejor Ternero de Bozal:<\/strong><span>\u00a0<\/span>Box 104. Castillo, Fernando Juan<br \/>\u2013<span>\u00a0<\/span><strong>Tercer Mejor Ternero de Bozal:<\/strong><span>\u00a0<\/span>Box 233. X13. Odiard, Manuel Alfredo.<\/p>\n<p>A pesar de las condiciones clim\u00e1ticas adversas, con lluvias intermitentes, la jornada se desarroll\u00f3 con total normalidad y un alto nivel organizativo. El jurado Leandro Grasso destac\u00f3: <em>\u201cVimos un nivel de hacienda extraordinario que coron\u00f3 esta edici\u00f3n de la Expo Nacional. Estoy muy conforme con los animales presentados: toros de mucho nivel, realmente muy contento con lo que se mostr\u00f3 en pista.\u201d<\/em><\/p>\n<p><strong>Concurso de jurados<\/strong><\/p>\n<p>El domingo, la actividad continu\u00f3 con el Concurso de Jurados, que cont\u00f3 con una gran participaci\u00f3n de j\u00f3venes y miembros del Ateneo de la Sociedad Rural de Bah\u00eda Blanca, quienes se acercaron para compartir la experiencia y seguir aprendiendo sobre la raza. La jornada estuvo acompa\u00f1ada por una charla t\u00e9cnica a cargo del M.V. Mart\u00edn Jensen, Promotor T\u00e9cnico Regional de Hereford Argentina.<\/p>\n<p>Ventas y cierre<\/p>\n<p>La exposici\u00f3n culmin\u00f3 con las ventas de reproductores, que registraron muy buenos valores de mercado, reflejo de la calidad gen\u00e9tica de los animales presentados.<\/p>\n<p>Alejandro de la Tour (h), Presidente de Hereford Argentina, expres\u00f3:\u00a0\u201cFue una exposici\u00f3n de muy buen nivel, con una jura consistente a cargo de un criador muy reconocido en el sur bonaerense como Leandro Grasso. Es un gran a\u00f1o para la raza; seguimos trabajando arduamente para fortalecer su crecimiento y presencia en todo el pa\u00eds.\u201d<\/p>\n<p>Agradecemos especialmente a todos los expositores, a la Sociedad Rural de Bah\u00eda Blanca por su hospitalidad, al staff t\u00e9cnico y organizativo, y al p\u00fablico que acompa\u00f1\u00f3 con entusiasmo cada jornada de la exposici\u00f3n.<\/p>\n<p>[\/et_pb_text][\/et_pb_column][\/et_pb_row][et_pb_row _builder_version=\u00bb4.27.4&#8243; _module_preset=\u00bbdefault\u00bb theme_builder_area=\u00bbpost_content\u00bb][et_pb_column _builder_version=\u00bb4.27.4&#8243; _module_preset=\u00bbdefault\u00bb type=\u00bb4_4&#8243; theme_builder_area=\u00bbpost_content\u00bb][et_pb_gallery _builder_version=\u00bb4.27.4&#8243; _module_preset=\u00bbdefault\u00bb theme_builder_area=\u00bbpost_content\u00bb gallery_ids=\u00bb5485,5486,5487,5488,5489,5490,5491,5492,5493,5494,5495,5496&#8243; hover_enabled=\u00bb0&#8243; sticky_enabled=\u00bb0&#8243; show_title_and_caption=\u00bboff\u00bb posts_number=\u00bb8&#8243;][\/et_pb_gallery][\/et_pb_column][\/et_pb_row][\/et_pb_section]<\/p>\n","protected":false},"excerpt":{"rendered":"<p>Se realiz\u00f3 la 38\u00b0 Expo&#8230;<\/p>\n","protected":false},"author":5,"featured_media":5483,"comment_status":"closed","ping_status":"open","sticky":false,"template":"","format":"standard","meta":{"_et_pb_use_builder":"on","_et_pb_old_content":"","_et_gb_content_width":"","site-sidebar-layout":"default","site-content-layout":"","ast-site-content-layout":"default","site-content-style":"default","site-sidebar-style":"default","ast-global-header-display":"","ast-banner-title-visibility":"","ast-main-header-display":"","ast-hfb-above-header-display":"","ast-hfb-below-header-display":"","ast-hfb-mobile-header-display":"","site-post-title":"","ast-breadcrumbs-content":"","ast-featured-img":"","footer-sml-layout":"","ast-disable-related-posts":"","theme-transparent-header-meta":"","adv-header-id-meta":"","stick-header-meta":"","header-above-stick-meta":"","header-main-stick-meta":"","header-below-stick-meta":"","astra-migrate-meta-layouts":"set","ast-page-background-enabled":"default","ast-page-background-meta":{"desktop":{"background-color":"var(--ast-global-color-4)","background-image":"","background-repeat":"repeat","background-position":"center center","background-size":"auto","background-attachment":"scroll","background-type":"","background-media":"","overlay-type":"","overlay-color":"","overlay-opacity":"","overlay-gradient":""},"tablet":{"background-color":"","background-image":"","background-repeat":"repeat","background-position":"center center","background-size":"auto","background-attachment":"scroll","background-type":"","background-media":"","overlay-type":"","overlay-color":"","overlay-opacity":"","overlay-gradient":""},"mobile":{"background-color":"","background-image":"","background-repeat":"repeat","background-position":"center center","background-size":"auto","background-attachment":"scroll","background-type":"","background-media":"","overlay-type":"","overlay-color":"","overlay-opacity":"","overlay-gradient":""}},"ast-content-background-meta":{"desktop":{"background-color":"var(--ast-global-color-5)","background-image":"","background-repeat":"repeat","background-position":"center center","background-size":"auto","background-attachment":"scroll","background-type":"","background-media":"","overlay-type":"","overlay-color":"","overlay-opacity":"","overlay-gradient":""},"tablet":{"background-color":"var(--ast-global-color-5)","background-image":"","background-repeat":"repeat","background-position":"center center","background-size":"auto","background-attachment":"scroll","background-type":"","background-media":"","overlay-type":"","overlay-color":"","overlay-opacity":"","overlay-gradient":""},"mobile":{"background-color":"var(--ast-global-color-5)","background-image":"","background-repeat":"repeat","background-position":"center center","background-size":"auto","background-attachment":"scroll","background-type":"","background-media":"","overlay-type":"","overlay-color":"","overlay-opacity":"","overlay-gradient":""}},"footnotes":""},"categories":[1],"tags":[],"class_list":["post-5481","post","type-post","status-publish","format-standard","has-post-thumbnail","hentry","category-uncategorized"],"_links":{"self":[{"href":"https:\/\/www.hereford.org.ar\/web\/wp-json\/wp\/v2\/posts\/5481","targetHints":{"allow":["GET"]}}],"collection":[{"href":"https:\/\/www.hereford.org.ar\/web\/wp-json\/wp\/v2\/posts"}],"about":[{"href":"https:\/\/www.hereford.org.ar\/web\/wp-json\/wp\/v2\/types\/post"}],"author":[{"embeddable":true,"href":"https:\/\/www.hereford.org.ar\/web\/wp-json\/wp\/v2\/users\/5"}],"replies":[{"embeddable":true,"href":"https:\/\/www.hereford.org.ar\/web\/wp-json\/wp\/v2\/comments?post=5481"}],"version-history":[{"count":3,"href":"https:\/\/www.hereford.org.ar\/web\/wp-json\/wp\/v2\/posts\/5481\/revisions"}],"predecessor-version":[{"id":5497,"href":"https:\/\/www.hereford.org.ar\/web\/wp-json\/wp\/v2\/posts\/5481\/revisions\/5497"}],"wp:featuredmedia":[{"embeddable":true,"href":"https:\/\/www.hereford.org.ar\/web\/wp-json\/wp\/v2\/media\/5483"}],"wp:attachment":[{"href":"https:\/\/www.hereford.org.ar\/web\/wp-json\/wp\/v2\/media?parent=5481"}],"wp:term":[{"taxonomy":"category","embeddable":true,"href":"https:\/\/www.hereford.org.ar\/web\/wp-json\/wp\/v2\/categories?post=5481"},{"taxonomy":"post_tag","embeddable":true,"href":"https:\/\/www.hereford.org.ar\/web\/wp-json\/wp\/v2\/tags?post=5481"}],"curies":[{"name":"wp","href":"https:\/\/api.w.org\/{rel}","templated":true}]}}