{"id":5418,"date":"2025-09-26T15:03:04","date_gmt":"2025-09-26T18:03:04","guid":{"rendered":"https:\/\/www.hereford.org.ar\/web\/?p=5418"},"modified":"2025-09-26T15:17:33","modified_gmt":"2025-09-26T18:17:33","slug":"expo-patrocinada-general-conesa","status":"publish","type":"post","link":"https:\/\/www.hereford.org.ar\/web\/expo-patrocinada-general-conesa\/","title":{"rendered":"Expo Patrocinada: General Conesa"},"content":{"rendered":"<p>[et_pb_section fb_built=\u00bb1&#8243; _builder_version=\u00bb4.27.4&#8243; _module_preset=\u00bbdefault\u00bb global_colors_info=\u00bb{}\u00bb theme_builder_area=\u00bbpost_content\u00bb][et_pb_row _builder_version=\u00bb4.27.4&#8243; _module_preset=\u00bbdefault\u00bb global_colors_info=\u00bb{}\u00bb theme_builder_area=\u00bbpost_content\u00bb][et_pb_column type=\u00bb4_4&#8243; _builder_version=\u00bb4.27.4&#8243; _module_preset=\u00bbdefault\u00bb global_colors_info=\u00bb{}\u00bb theme_builder_area=\u00bbpost_content\u00bb][et_pb_text _builder_version=\u00bb4.27.4&#8243; _module_preset=\u00bbdefault\u00bb text_font=\u00bb|700|||||||\u00bb text_font_size=\u00bb24px\u00bb header_text_align=\u00bbcenter\u00bb text_orientation=\u00bbcenter\u00bb custom_padding=\u00bb|8px||12px||\u00bb hover_enabled=\u00bb0&#8243; global_colors_info=\u00bb{}\u00bb theme_builder_area=\u00bbpost_content\u00bb sticky_enabled=\u00bb0&#8243;]<\/p>\n<p style=\"text-align: center;\"><strong>Expo Patrocinada: General Conesa<\/strong><\/p>\n<p>[\/et_pb_text][\/et_pb_column][\/et_pb_row][et_pb_row _builder_version=\u00bb4.27.4&#8243; _module_preset=\u00bbdefault\u00bb global_colors_info=\u00bb{}\u00bb theme_builder_area=\u00bbpost_content\u00bb][et_pb_column type=\u00bb4_4&#8243; _builder_version=\u00bb4.27.4&#8243; _module_preset=\u00bbdefault\u00bb global_colors_info=\u00bb{}\u00bb theme_builder_area=\u00bbpost_content\u00bb][et_pb_image src=\u00bbhttps:\/\/www.hereford.org.ar\/web\/wp-content\/uploads\/2025\/09\/Foto-web-notas-700&#215;500-6-1.png\u00bb title_text=\u00bbFoto web notas 700&#215;500 (6)\u00bb _builder_version=\u00bb4.27.4&#8243; _module_preset=\u00bbdefault\u00bb width=\u00bb65%\u00bb max_width=\u00bb65%\u00bb module_alignment=\u00bbcenter\u00bb hover_enabled=\u00bb0&#8243; global_colors_info=\u00bb{}\u00bb theme_builder_area=\u00bbpost_content\u00bb sticky_enabled=\u00bb0&#8243;][\/et_pb_image][et_pb_button button_text=\u00bbDescargar fotograf\u00edas \u00bb _builder_version=\u00bb4.27.4&#8243; _module_preset=\u00bbdefault\u00bb theme_builder_area=\u00bbpost_content\u00bb custom_button=\u00bbon\u00bb button_text_color=\u00bb#FFFFFF\u00bb button_bg_color=\u00bb#7CDA24&#8243; button_bg_enable_color=\u00bbon\u00bb hover_enabled=\u00bb0&#8243; sticky_enabled=\u00bb0&#8243; button_url=\u00bbhttps:\/\/drive.google.com\/drive\/folders\/1jaGQ5f9G3FaFKk1Hqp5ep_QI5__Sv-Et?usp=drive_link\u00bb button_alignment=\u00bbcenter\u00bb][\/et_pb_button][\/et_pb_column][\/et_pb_row][et_pb_row _builder_version=\u00bb4.27.4&#8243; _module_preset=\u00bbdefault\u00bb global_colors_info=\u00bb{}\u00bb theme_builder_area=\u00bbpost_content\u00bb][et_pb_column type=\u00bb4_4&#8243; _builder_version=\u00bb4.27.4&#8243; _module_preset=\u00bbdefault\u00bb global_colors_info=\u00bb{}\u00bb theme_builder_area=\u00bbpost_content\u00bb][et_pb_text content_tablet=\u00bb<\/p>\n<p data-start=%22141%22 data-end=%22396%22 class=%22%22>Inici\u00f3 una nueva edici\u00f3n de la Prueba Pastoril Hereford en el campo del <strong>INTA Concepci\u00f3n del Uruguay<\/strong>, con el ingreso de <strong>121 animales<\/strong> provenientes de distintas caba\u00f1as. En este 4\u00b0 ciclo participan <strong>75 hembras y 46 machos<\/strong>, que llegaron en excelentes condiciones sanitarias y corporales.<\/p>\n<div class=%22%22 data-block=%22true%22 data-editor=%22e6nui%22 data-offset-key=%22bag3j-0-0%22>\n<div data-offset-key=%22bag3j-0-0%22 class=%22_1mf _1mj%22><span data-offset-key=%22bag3j-0-0%22> <\/span><\/div>\n<\/div>\n<div class=%22%22 data-block=%22true%22 data-editor=%22e6nui%22 data-offset-key=%2257iih-0-0%22>\n<div data-offset-key=%2257iih-0-0%22 class=%22_1mf _1mj%22><span data-offset-key=%2257iih-0-0%22>Seg\u00fan explic\u00f3 el <strong>Ing. Sebasti\u00e1n Vittone,<\/strong> Investigador del INTA Concepci\u00f3n del Uruguay y Coordinador de la Prueba Pastoril, los animales atraviesan inicialmente un protocolo sanitario desarrollado junto a Biog\u00e9nesis Bag\u00f3. Luego, tras 4 a 5 d\u00edas de adaptaci\u00f3n en corrales, se los divide por categor\u00eda y se inicia un primer per\u00edodo de 15 d\u00edas de pastoreo. Finalizada esta etapa, se realizan las mediciones de inicio de prueba: peso, altura, ecograf\u00eda y condici\u00f3n corporal, dando as\u00ed inicio a la competencia.<\/span><\/div>\n<\/div>\n<div class=%22%22 data-block=%22true%22 data-editor=%22e6nui%22 data-offset-key=%22236vf-0-0%22>\n<div data-offset-key=%22236vf-0-0%22 class=%22_1mf _1mj%22><span data-offset-key=%22236vf-0-0%22> <\/span><\/div>\n<\/div>\n<div class=%22%22 data-block=%22true%22 data-editor=%22e6nui%22 data-offset-key=%221i4ti-0-0%22>\n<div data-offset-key=%221i4ti-0-0%22 class=%22_1mf _1mj%22><span data-offset-key=%221i4ti-0-0%22>Se trata de una de las <strong>pruebas pastoriles m\u00e1s grandes de Sudam\u00e9rica<\/strong>, una instancia clave para evaluar el rendimiento productivo en condiciones reales de campo y seguir generando datos objetivos para el mejoramiento gen\u00e9tico de la raza.<\/span><\/div>\n<div data-offset-key=%221i4ti-0-0%22 class=%22_1mf _1mj%22><span data-offset-key=%221i4ti-0-0%22><\/span><\/div>\n<\/div>\n<p>\u00bb content_phone=\u00bb<\/p>\n<p>Del 19 al 21 de septiembre se llev\u00f3 a cabo una nueva exposici\u00f3n de nuestra raza en la <strong>Sociedad Rural de Conesa<\/strong>, con la participaci\u00f3n de 16 caba\u00f1as y 110 animales.<\/p>\n<p>La<strong> jura estuvo a cargo del Sr. Javier Ezcurra<\/strong>, mientras que el remate, conducido por las firmas consignatarias Amado Moron e Hijos y Lesiuk Hnos., se destac\u00f3 por su agilidad y din\u00e1mica comercial.<\/p>\n<p><strong>Veredicto de jura:<\/strong><\/p>\n<ul>\n<li>Gran Campe\u00f3n Macho PP: X154. La Cantera de Sosa, Juan Manuel<\/li>\n<li>Rdo. Gran Campe\u00f3n Macho PP: X951. Laguna del Toro de Otamendi y C\u00eda. S.R.L.<\/li>\n<li>Gran Campe\u00f3n Hembra PP: X192. La Txapela de Suc. de Jaca \u00c1ngel<\/li>\n<li>Rdo. Gran Campe\u00f3n Hembra PP: X224. La Txapela de Suc. de Jaca \u00c1ngel<\/li>\n<li>Lote Gran Campe\u00f3n Macho PP: La Cantera de Sosa, Juan Manuel<\/li>\n<li>Lote Rdo. Gran Campe\u00f3n Macho PP: R\u00edo Pico de Gonzalo, Juli\u00e1n Adolfo<\/li>\n<li>Rdo. Superior a corral: X138. Santa Elena de Aldo\u00a0J.\u00a0Baltuska<\/li>\n<li>Gran Campe\u00f3n Macho PR: 3002. Los Murmullos de Garruchos S.A.<\/li>\n<li>Rdo. Gran Campe\u00f3n Macho PR: 2343. R\u00edo Fr\u00edo de Ganadera Esquel S.A.R.I.F.<\/li>\n<li>Lote Gran Campe\u00f3n Macho PR: 2352. R\u00edo Fr\u00edo de Ganadera Esquel S.A.R.I.F.<\/li>\n<li>Lote Rdo. Gran Campe\u00f3n Macho PR: Don Pirincho de Barile Gabriel<\/li>\n<li>Lote Gran Campe\u00f3n Hembra PR: San Mar\u00f3n de Cab. San Mar\u00f3n S.R.L.<\/li>\n<li>Lote Rdo. Gran Campe\u00f3n Hembra PR: Don Manuel de Sucs. de Oscar Acu\u00f1a<\/li>\n<\/ul>\n<p>Durante la entrega de premios participaron representantes de la Sociedad Rural de Conesa: Roberto Guti\u00e9rrez (presidente), Julia Aramburu (vicepresidente), Alberto Anzola e Ignacio Mart\u00edn Lavayen.<\/p>\n<p>En representaci\u00f3n de Hereford Argentina estuvieron presentes Romina Sagarzazu, Juan Carlos Maas, Jos\u00e9 Mar\u00eda Morrogh Bernard, Bernardo Ambrosetto y Mat\u00edas Ochandorena.<\/p>\n<p>\ud83d\udc49 Agradecemos a la Sociedad Rural de Conesa por recibirnos, a las caba\u00f1as participantes y al p\u00fablico que acompa\u00f1\u00f3 con entusiasmo esta expo que contin\u00faa consolidando la fortaleza de nuestra raza en la Patagonia.<\/p>\n<div class=%22x14z9mp xat24cr x1lziwak x1vvkbs xtlvy1s x126k92a%22><\/div>\n<div class=%22x14z9mp xat24cr x1lziwak x1vvkbs xtlvy1s x126k92a%22><\/div>\n<div class=%22%22 data-block=%22true%22 data-editor=%22e6nui%22 data-offset-key=%221i4ti-0-0%22>\n<div data-offset-key=%221i4ti-0-0%22 class=%22_1mf _1mj%22><\/div>\n<\/div>\n<div class=%22%22 data-block=%22true%22 data-editor=%22e6nui%22 data-offset-key=%221i4ti-0-0%22>\n<div data-offset-key=%221i4ti-0-0%22 class=%22_1mf _1mj%22><\/div>\n<\/div>\n<div class=%22%22 data-block=%22true%22 data-editor=%22e6nui%22 data-offset-key=%221i4ti-0-0%22>\n<div data-offset-key=%221i4ti-0-0%22 class=%22_1mf _1mj%22><span data-offset-key=%221i4ti-0-0%22><\/span><\/div>\n<\/div>\n<p>\u00bb content_last_edited=\u00bbon|phone\u00bb _builder_version=\u00bb4.27.4&#8243; _module_preset=\u00bbdefault\u00bb custom_padding=\u00bb|16px||16px||\u00bb hover_enabled=\u00bb0&#8243; global_colors_info=\u00bb{}\u00bb theme_builder_area=\u00bbpost_content\u00bb sticky_enabled=\u00bb0&#8243;]<\/p>\n<p>Del 19 al 21 de septiembre se llev\u00f3 a cabo una nueva exposici\u00f3n de nuestra raza en la <strong>Sociedad Rural de Conesa<\/strong>, con la participaci\u00f3n de 16 caba\u00f1as y 110 animales.<\/p>\n<p>La<strong> jura estuvo a cargo del Sr. Javier Ezcurra<\/strong>, mientras que el remate, conducido por las firmas consignatarias Amado Moron e Hijos y Lesiuk Hnos., se destac\u00f3 por su agilidad y din\u00e1mica comercial.<\/p>\n<p><strong>Veredicto de jura:<\/strong><\/p>\n<ul>\n<li>Gran Campe\u00f3n Macho PP: X154. La Cantera de Sosa, Juan Manuel<\/li>\n<li>Rdo. Gran Campe\u00f3n Macho PP: X951. Laguna del Toro de Otamendi y C\u00eda. S.R.L.<\/li>\n<li>Gran Campe\u00f3n Hembra PP: X192. La Txapela de Suc. de Jaca \u00c1ngel<\/li>\n<li>Rdo. Gran Campe\u00f3n Hembra PP: X224. La Txapela de Suc. de Jaca \u00c1ngel<\/li>\n<li>Lote Gran Campe\u00f3n Macho PP: La Cantera de Sosa, Juan Manuel<\/li>\n<li>Lote Rdo. Gran Campe\u00f3n Macho PP: R\u00edo Pico de Gonzalo, Juli\u00e1n Adolfo<\/li>\n<li>Rdo. Superior a corral: X138. Santa Elena de Aldo\u00a0J.\u00a0Baltuska<\/li>\n<li>Gran Campe\u00f3n Macho PR: 3002. Los Murmullos de Garruchos S.A.<\/li>\n<li>Rdo. Gran Campe\u00f3n Macho PR: 2343. R\u00edo Fr\u00edo de Ganadera Esquel S.A.R.I.F.<\/li>\n<li>Lote Gran Campe\u00f3n Macho PR: 2352. R\u00edo Fr\u00edo de Ganadera Esquel S.A.R.I.F.<\/li>\n<li>Lote Rdo. Gran Campe\u00f3n Macho PR: Don Pirincho de Barile Gabriel<\/li>\n<li>Lote Gran Campe\u00f3n Hembra PR: San Mar\u00f3n de Cab. San Mar\u00f3n S.R.L.<\/li>\n<li>Lote Rdo. Gran Campe\u00f3n Hembra PR: Don Manuel de Sucs. de Oscar Acu\u00f1a<\/li>\n<\/ul>\n<p>Durante la entrega de premios participaron representantes de la Sociedad Rural de Conesa: Roberto Guti\u00e9rrez (presidente), Julia Aramburu (vicepresidente), Alberto Anzola e Ignacio Mart\u00edn Lavayen.<\/p>\n<p>En representaci\u00f3n de Hereford Argentina estuvieron presentes Romina Sagarzazu, Juan Carlos Maas, Jos\u00e9 Mar\u00eda Morrogh Bernard, Bernardo Ambrosetto y Mat\u00edas Ochandorena.<\/p>\n<p>\ud83d\udc49 Agradecemos a la Sociedad Rural de Conesa por recibirnos, a las caba\u00f1as participantes y al p\u00fablico que acompa\u00f1\u00f3 con entusiasmo esta expo que contin\u00faa consolidando la fortaleza de nuestra raza en la Patagonia.<\/p>\n<p>&nbsp;<\/p>\n<p>[\/et_pb_text][\/et_pb_column][\/et_pb_row][\/et_pb_section]<\/p>\n","protected":false},"excerpt":{"rendered":"<p>Expo Patrocinada: General&#8230;<\/p>\n","protected":false},"author":5,"featured_media":5420,"comment_status":"closed","ping_status":"open","sticky":false,"template":"","format":"standard","meta":{"_et_pb_use_builder":"on","_et_pb_old_content":"","_et_gb_content_width":"","site-sidebar-layout":"default","site-content-layout":"","ast-site-content-layout":"default","site-content-style":"default","site-sidebar-style":"default","ast-global-header-display":"","ast-banner-title-visibility":"","ast-main-header-display":"","ast-hfb-above-header-display":"","ast-hfb-below-header-display":"","ast-hfb-mobile-header-display":"","site-post-title":"","ast-breadcrumbs-content":"","ast-featured-img":"","footer-sml-layout":"","ast-disable-related-posts":"","theme-transparent-header-meta":"","adv-header-id-meta":"","stick-header-meta":"","header-above-stick-meta":"","header-main-stick-meta":"","header-below-stick-meta":"","astra-migrate-meta-layouts":"set","ast-page-background-enabled":"default","ast-page-background-meta":{"desktop":{"background-color":"var(--ast-global-color-4)","background-image":"","background-repeat":"repeat","background-position":"center center","background-size":"auto","background-attachment":"scroll","background-type":"","background-media":"","overlay-type":"","overlay-color":"","overlay-opacity":"","overlay-gradient":""},"tablet":{"background-color":"","background-image":"","background-repeat":"repeat","background-position":"center center","background-size":"auto","background-attachment":"scroll","background-type":"","background-media":"","overlay-type":"","overlay-color":"","overlay-opacity":"","overlay-gradient":""},"mobile":{"background-color":"","background-image":"","background-repeat":"repeat","background-position":"center center","background-size":"auto","background-attachment":"scroll","background-type":"","background-media":"","overlay-type":"","overlay-color":"","overlay-opacity":"","overlay-gradient":""}},"ast-content-background-meta":{"desktop":{"background-color":"var(--ast-global-color-5)","background-image":"","background-repeat":"repeat","background-position":"center center","background-size":"auto","background-attachment":"scroll","background-type":"","background-media":"","overlay-type":"","overlay-color":"","overlay-opacity":"","overlay-gradient":""},"tablet":{"background-color":"var(--ast-global-color-5)","background-image":"","background-repeat":"repeat","background-position":"center center","background-size":"auto","background-attachment":"scroll","background-type":"","background-media":"","overlay-type":"","overlay-color":"","overlay-opacity":"","overlay-gradient":""},"mobile":{"background-color":"var(--ast-global-color-5)","background-image":"","background-repeat":"repeat","background-position":"center center","background-size":"auto","background-attachment":"scroll","background-type":"","background-media":"","overlay-type":"","overlay-color":"","overlay-opacity":"","overlay-gradient":""}},"footnotes":""},"categories":[1],"tags":[],"class_list":["post-5418","post","type-post","status-publish","format-standard","has-post-thumbnail","hentry","category-uncategorized"],"_links":{"self":[{"href":"https:\/\/www.hereford.org.ar\/web\/wp-json\/wp\/v2\/posts\/5418","targetHints":{"allow":["GET"]}}],"collection":[{"href":"https:\/\/www.hereford.org.ar\/web\/wp-json\/wp\/v2\/posts"}],"about":[{"href":"https:\/\/www.hereford.org.ar\/web\/wp-json\/wp\/v2\/types\/post"}],"author":[{"embeddable":true,"href":"https:\/\/www.hereford.org.ar\/web\/wp-json\/wp\/v2\/users\/5"}],"replies":[{"embeddable":true,"href":"https:\/\/www.hereford.org.ar\/web\/wp-json\/wp\/v2\/comments?post=5418"}],"version-history":[{"count":3,"href":"https:\/\/www.hereford.org.ar\/web\/wp-json\/wp\/v2\/posts\/5418\/revisions"}],"predecessor-version":[{"id":5422,"href":"https:\/\/www.hereford.org.ar\/web\/wp-json\/wp\/v2\/posts\/5418\/revisions\/5422"}],"wp:featuredmedia":[{"embeddable":true,"href":"https:\/\/www.hereford.org.ar\/web\/wp-json\/wp\/v2\/media\/5420"}],"wp:attachment":[{"href":"https:\/\/www.hereford.org.ar\/web\/wp-json\/wp\/v2\/media?parent=5418"}],"wp:term":[{"taxonomy":"category","embeddable":true,"href":"https:\/\/www.hereford.org.ar\/web\/wp-json\/wp\/v2\/categories?post=5418"},{"taxonomy":"post_tag","embeddable":true,"href":"https:\/\/www.hereford.org.ar\/web\/wp-json\/wp\/v2\/tags?post=5418"}],"curies":[{"name":"wp","href":"https:\/\/api.w.org\/{rel}","templated":true}]}}