{"id":5398,"date":"2025-09-26T09:47:08","date_gmt":"2025-09-26T12:47:08","guid":{"rendered":"https:\/\/www.hereford.org.ar\/web\/?p=5398"},"modified":"2025-09-26T09:56:00","modified_gmt":"2025-09-26T12:56:00","slug":"expo-patrocinada-curuzu-cuatia-2025","status":"publish","type":"post","link":"https:\/\/www.hereford.org.ar\/web\/expo-patrocinada-curuzu-cuatia-2025\/","title":{"rendered":"Expo Patrocinada: Curuz\u00fa Cuati\u00e1 2025"},"content":{"rendered":"<p>[et_pb_section fb_built=\u00bb1&#8243; _builder_version=\u00bb4.27.4&#8243; _module_preset=\u00bbdefault\u00bb global_colors_info=\u00bb{}\u00bb theme_builder_area=\u00bbpost_content\u00bb][et_pb_row _builder_version=\u00bb4.27.4&#8243; _module_preset=\u00bbdefault\u00bb global_colors_info=\u00bb{}\u00bb theme_builder_area=\u00bbpost_content\u00bb][et_pb_column type=\u00bb4_4&#8243; _builder_version=\u00bb4.27.4&#8243; _module_preset=\u00bbdefault\u00bb global_colors_info=\u00bb{}\u00bb theme_builder_area=\u00bbpost_content\u00bb][et_pb_text _builder_version=\u00bb4.27.4&#8243; _module_preset=\u00bbdefault\u00bb text_font=\u00bb|700|||||||\u00bb text_font_size=\u00bb24px\u00bb header_text_align=\u00bbcenter\u00bb text_orientation=\u00bbcenter\u00bb custom_padding=\u00bb|8px||12px||\u00bb hover_enabled=\u00bb0&#8243; global_colors_info=\u00bb{}\u00bb theme_builder_area=\u00bbpost_content\u00bb sticky_enabled=\u00bb0&#8243;]<\/p>\n<p style=\"text-align: center;\"><strong>Expo Patrocinada: Curuz\u00fa Cuati\u00e1 2025<\/strong><\/p>\n<p>[\/et_pb_text][\/et_pb_column][\/et_pb_row][et_pb_row _builder_version=\u00bb4.27.4&#8243; _module_preset=\u00bbdefault\u00bb global_colors_info=\u00bb{}\u00bb theme_builder_area=\u00bbpost_content\u00bb][et_pb_column type=\u00bb4_4&#8243; _builder_version=\u00bb4.27.4&#8243; _module_preset=\u00bbdefault\u00bb global_colors_info=\u00bb{}\u00bb theme_builder_area=\u00bbpost_content\u00bb][et_pb_image src=\u00bbhttps:\/\/www.hereford.org.ar\/web\/wp-content\/uploads\/2025\/09\/Foto-web-notas-700&#215;500-5-1.png\u00bb title_text=\u00bbFoto web notas 700&#215;500 (5)\u00bb _builder_version=\u00bb4.27.4&#8243; _module_preset=\u00bbdefault\u00bb width=\u00bb65%\u00bb max_width=\u00bb65%\u00bb module_alignment=\u00bbcenter\u00bb hover_enabled=\u00bb0&#8243; global_colors_info=\u00bb{}\u00bb theme_builder_area=\u00bbpost_content\u00bb sticky_enabled=\u00bb0&#8243;][\/et_pb_image][\/et_pb_column][\/et_pb_row][et_pb_row _builder_version=\u00bb4.27.4&#8243; _module_preset=\u00bbdefault\u00bb global_colors_info=\u00bb{}\u00bb theme_builder_area=\u00bbpost_content\u00bb][et_pb_column type=\u00bb4_4&#8243; _builder_version=\u00bb4.27.4&#8243; _module_preset=\u00bbdefault\u00bb global_colors_info=\u00bb{}\u00bb theme_builder_area=\u00bbpost_content\u00bb][et_pb_text content_tablet=\u00bb<\/p>\n<p data-start=%22141%22 data-end=%22396%22 class=%22%22>Inici\u00f3 una nueva edici\u00f3n de la Prueba Pastoril Hereford en el campo del <strong>INTA Concepci\u00f3n del Uruguay<\/strong>, con el ingreso de <strong>121 animales<\/strong> provenientes de distintas caba\u00f1as. En este 4\u00b0 ciclo participan <strong>75 hembras y 46 machos<\/strong>, que llegaron en excelentes condiciones sanitarias y corporales.<\/p>\n<div class=%22%22 data-block=%22true%22 data-editor=%22e6nui%22 data-offset-key=%22bag3j-0-0%22>\n<div data-offset-key=%22bag3j-0-0%22 class=%22_1mf _1mj%22><span data-offset-key=%22bag3j-0-0%22> <\/span><\/div>\n<\/div>\n<div class=%22%22 data-block=%22true%22 data-editor=%22e6nui%22 data-offset-key=%2257iih-0-0%22>\n<div data-offset-key=%2257iih-0-0%22 class=%22_1mf _1mj%22><span data-offset-key=%2257iih-0-0%22>Seg\u00fan explic\u00f3 el <strong>Ing. Sebasti\u00e1n Vittone,<\/strong> Investigador del INTA Concepci\u00f3n del Uruguay y Coordinador de la Prueba Pastoril, los animales atraviesan inicialmente un protocolo sanitario desarrollado junto a Biog\u00e9nesis Bag\u00f3. Luego, tras 4 a 5 d\u00edas de adaptaci\u00f3n en corrales, se los divide por categor\u00eda y se inicia un primer per\u00edodo de 15 d\u00edas de pastoreo. Finalizada esta etapa, se realizan las mediciones de inicio de prueba: peso, altura, ecograf\u00eda y condici\u00f3n corporal, dando as\u00ed inicio a la competencia.<\/span><\/div>\n<\/div>\n<div class=%22%22 data-block=%22true%22 data-editor=%22e6nui%22 data-offset-key=%22236vf-0-0%22>\n<div data-offset-key=%22236vf-0-0%22 class=%22_1mf _1mj%22><span data-offset-key=%22236vf-0-0%22> <\/span><\/div>\n<\/div>\n<div class=%22%22 data-block=%22true%22 data-editor=%22e6nui%22 data-offset-key=%221i4ti-0-0%22>\n<div data-offset-key=%221i4ti-0-0%22 class=%22_1mf _1mj%22><span data-offset-key=%221i4ti-0-0%22>Se trata de una de las <strong>pruebas pastoriles m\u00e1s grandes de Sudam\u00e9rica<\/strong>, una instancia clave para evaluar el rendimiento productivo en condiciones reales de campo y seguir generando datos objetivos para el mejoramiento gen\u00e9tico de la raza.<\/span><\/div>\n<div data-offset-key=%221i4ti-0-0%22 class=%22_1mf _1mj%22><span data-offset-key=%221i4ti-0-0%22><\/span><\/div>\n<\/div>\n<p>\u00bb content_phone=\u00bb<\/p>\n<p>En el marco de la 1<strong>03\u00b0 Exposici\u00f3n Rural de Curuz\u00fa Cuati\u00e1<\/strong> realizada del 18 al 20 de septiembre de 2025, nuestra raza dijo presente en la pista de jura con un excelente nivel de ejemplares Puro de Pedigree y Puro Registrado.<\/p>\n<p>Les compartimos el veredicto del <strong>jurado, M.V. Carlos Rold\u00e1n y sus secretarios M.V. Matias Ayala y Tadeo Krzeczkow<\/strong>ski<\/p>\n<p>&#8211; LOTE GRAN CAMPE\u00d3N HEMBRA &#8211; Corral 70 de La Lucrecia<br \/>&#8211; GRAN CAMPE\u00d3N HEMBRA y Mejor Hembra Individual RP X5854 de La Lucrecia<br \/>&#8211; RDO. GRAN CAMPE\u00d3N HEMBRA RP x2903 de De La Frontera.<br \/>&#8211; LOTE GRAN CAMPE\u00d3N MACHO &#8211; Corral 77 de Maivarepa<br \/>&#8211; GRAN CAMPE\u00d3N MACHO y mejor macho individual RP X971 de Cab. De La Frontera<br \/>&#8211; RDO. GRAN CAMPE\u00d3N MACHO RP X460 de Cab. De La Frontera.<\/p>\n<p><strong>PURO REGISTRADO<\/strong><br \/>&#8211; Lote Gran Campe\u00f3n Macho P.R. &#8211; La Cassina<br \/>&#8211; Lote Rdo. Gran Campe\u00f3n &#8211; La Reconquista<br \/>&#8211; Mejor Macho de lote &#8211; RP D199 de La Reconquista<br \/>&#8211; 2do Mejor macho de lote &#8211; RP 3 de La Cassina<br \/>&#8211; Gran Campe\u00f3n Macho P.R. RP D199 de La Reconquista<br \/>&#8211; Rdo. Gran Campe\u00f3n Macho P.R. RP D197 de La Reconquista<\/p>\n<p><strong>Agradecemos<\/strong> a todas las caba\u00f1as y sus equipos que participaron de la expo. Felicitarlos por el nivel de gen\u00e9tica y la preparaci\u00f3n de los ejemplares presentados.\u00a0Tambi\u00e9n al jurado, nuestro equipo de trabajo y al Ateneo Hereford Mesopot\u00e1mico por hacer posible que la jornada fuese tan amena. Y por \u00faltimo, a la Sociedad Rural de Curuz\u00fa Cuati\u00e1 y todos los que llevaron adelante la Expo.<\/p>\n<div class=%22x14z9mp xat24cr x1lziwak x1vvkbs xtlvy1s x126k92a%22><\/div>\n<div class=%22x14z9mp xat24cr x1lziwak x1vvkbs xtlvy1s x126k92a%22><\/div>\n<div class=%22%22 data-block=%22true%22 data-editor=%22e6nui%22 data-offset-key=%221i4ti-0-0%22>\n<div data-offset-key=%221i4ti-0-0%22 class=%22_1mf _1mj%22><\/div>\n<\/div>\n<div class=%22%22 data-block=%22true%22 data-editor=%22e6nui%22 data-offset-key=%221i4ti-0-0%22>\n<div data-offset-key=%221i4ti-0-0%22 class=%22_1mf _1mj%22><\/div>\n<\/div>\n<div class=%22%22 data-block=%22true%22 data-editor=%22e6nui%22 data-offset-key=%221i4ti-0-0%22>\n<div data-offset-key=%221i4ti-0-0%22 class=%22_1mf _1mj%22><span data-offset-key=%221i4ti-0-0%22><\/span><\/div>\n<\/div>\n<p>\u00bb content_last_edited=\u00bbon|phone\u00bb _builder_version=\u00bb4.27.4&#8243; _module_preset=\u00bbdefault\u00bb custom_padding=\u00bb|16px||16px||\u00bb hover_enabled=\u00bb0&#8243; global_colors_info=\u00bb{}\u00bb theme_builder_area=\u00bbpost_content\u00bb sticky_enabled=\u00bb0&#8243;]<\/p>\n<p>En el marco de la 1<strong>03\u00b0 Exposici\u00f3n Rural de Curuz\u00fa Cuati\u00e1<\/strong> realizada del 18 al 20 de septiembre de 2025, nuestra raza dijo presente en la pista de jura con un excelente nivel de ejemplares Puro de Pedigree y Puro Registrado.<\/p>\n<p>Les compartimos el veredicto del <strong>jurado, M.V. Carlos Rold\u00e1n y sus secretarios M.V. Matias Ayala y Tadeo Krzeczkow<\/strong>ski<\/p>\n<p>&#8211; LOTE GRAN CAMPE\u00d3N HEMBRA &#8211; Corral 70 de La Lucrecia<br \/>&#8211; GRAN CAMPE\u00d3N HEMBRA y Mejor Hembra Individual RP X5854 de La Lucrecia<br \/>&#8211; RDO. GRAN CAMPE\u00d3N HEMBRA RP x2903 de De La Frontera.<br \/>&#8211; LOTE GRAN CAMPE\u00d3N MACHO &#8211; Corral 77 de Maivarepa<br \/>&#8211; GRAN CAMPE\u00d3N MACHO y mejor macho individual RP X971 de Cab. De La Frontera<br \/>&#8211; RDO. GRAN CAMPE\u00d3N MACHO RP X460 de Cab. De La Frontera.<\/p>\n<p><strong>PURO REGISTRADO<\/strong><br \/>&#8211; Lote Gran Campe\u00f3n Macho P.R. &#8211; La Cassina<br \/>&#8211; Lote Rdo. Gran Campe\u00f3n &#8211; La Reconquista<br \/>&#8211; Mejor Macho de lote &#8211; RP D199 de La Reconquista<br \/>&#8211; 2do Mejor macho de lote &#8211; RP 3 de La Cassina<br \/>&#8211; Gran Campe\u00f3n Macho P.R. RP D199 de La Reconquista<br \/>&#8211; Rdo. Gran Campe\u00f3n Macho P.R. RP D197 de La Reconquista<\/p>\n<p><strong>Agradecemos<\/strong> a todas las caba\u00f1as y sus equipos que participaron de la expo. Felicitarlos por el nivel de gen\u00e9tica y la preparaci\u00f3n de los ejemplares presentados.\u00a0Tambi\u00e9n al jurado, nuestro equipo de trabajo y al Ateneo Hereford Mesopot\u00e1mico por hacer posible que la jornada fuese tan amena. Y por \u00faltimo, a la Sociedad Rural de Curuz\u00fa Cuati\u00e1 y todos los que llevaron adelante la Expo.<\/p>\n<p>[\/et_pb_text][et_pb_gallery gallery_ids=\u00bb5403,5404,5405,5406,5407,5408,5409,5410,5411,5412,5413,5414,5415,5416&#8243; posts_number=\u00bb8&#8243; show_title_and_caption=\u00bboff\u00bb _builder_version=\u00bb4.27.4&#8243; _module_preset=\u00bbdefault\u00bb hover_enabled=\u00bb0&#8243; global_colors_info=\u00bb{}\u00bb theme_builder_area=\u00bbpost_content\u00bb sticky_enabled=\u00bb0&#8243;][\/et_pb_gallery][\/et_pb_column][\/et_pb_row][\/et_pb_section]<\/p>\n","protected":false},"excerpt":{"rendered":"<p>Expo Patrocinada: Curuz\u00fa&#8230;<\/p>\n","protected":false},"author":5,"featured_media":5400,"comment_status":"closed","ping_status":"open","sticky":false,"template":"","format":"standard","meta":{"_et_pb_use_builder":"on","_et_pb_old_content":"","_et_gb_content_width":"","site-sidebar-layout":"default","site-content-layout":"","ast-site-content-layout":"default","site-content-style":"default","site-sidebar-style":"default","ast-global-header-display":"","ast-banner-title-visibility":"","ast-main-header-display":"","ast-hfb-above-header-display":"","ast-hfb-below-header-display":"","ast-hfb-mobile-header-display":"","site-post-title":"","ast-breadcrumbs-content":"","ast-featured-img":"","footer-sml-layout":"","ast-disable-related-posts":"","theme-transparent-header-meta":"","adv-header-id-meta":"","stick-header-meta":"","header-above-stick-meta":"","header-main-stick-meta":"","header-below-stick-meta":"","astra-migrate-meta-layouts":"set","ast-page-background-enabled":"default","ast-page-background-meta":{"desktop":{"background-color":"var(--ast-global-color-4)","background-image":"","background-repeat":"repeat","background-position":"center center","background-size":"auto","background-attachment":"scroll","background-type":"","background-media":"","overlay-type":"","overlay-color":"","overlay-opacity":"","overlay-gradient":""},"tablet":{"background-color":"","background-image":"","background-repeat":"repeat","background-position":"center center","background-size":"auto","background-attachment":"scroll","background-type":"","background-media":"","overlay-type":"","overlay-color":"","overlay-opacity":"","overlay-gradient":""},"mobile":{"background-color":"","background-image":"","background-repeat":"repeat","background-position":"center center","background-size":"auto","background-attachment":"scroll","background-type":"","background-media":"","overlay-type":"","overlay-color":"","overlay-opacity":"","overlay-gradient":""}},"ast-content-background-meta":{"desktop":{"background-color":"var(--ast-global-color-5)","background-image":"","background-repeat":"repeat","background-position":"center center","background-size":"auto","background-attachment":"scroll","background-type":"","background-media":"","overlay-type":"","overlay-color":"","overlay-opacity":"","overlay-gradient":""},"tablet":{"background-color":"var(--ast-global-color-5)","background-image":"","background-repeat":"repeat","background-position":"center center","background-size":"auto","background-attachment":"scroll","background-type":"","background-media":"","overlay-type":"","overlay-color":"","overlay-opacity":"","overlay-gradient":""},"mobile":{"background-color":"var(--ast-global-color-5)","background-image":"","background-repeat":"repeat","background-position":"center center","background-size":"auto","background-attachment":"scroll","background-type":"","background-media":"","overlay-type":"","overlay-color":"","overlay-opacity":"","overlay-gradient":""}},"footnotes":""},"categories":[1],"tags":[],"class_list":["post-5398","post","type-post","status-publish","format-standard","has-post-thumbnail","hentry","category-uncategorized"],"_links":{"self":[{"href":"https:\/\/www.hereford.org.ar\/web\/wp-json\/wp\/v2\/posts\/5398","targetHints":{"allow":["GET"]}}],"collection":[{"href":"https:\/\/www.hereford.org.ar\/web\/wp-json\/wp\/v2\/posts"}],"about":[{"href":"https:\/\/www.hereford.org.ar\/web\/wp-json\/wp\/v2\/types\/post"}],"author":[{"embeddable":true,"href":"https:\/\/www.hereford.org.ar\/web\/wp-json\/wp\/v2\/users\/5"}],"replies":[{"embeddable":true,"href":"https:\/\/www.hereford.org.ar\/web\/wp-json\/wp\/v2\/comments?post=5398"}],"version-history":[{"count":3,"href":"https:\/\/www.hereford.org.ar\/web\/wp-json\/wp\/v2\/posts\/5398\/revisions"}],"predecessor-version":[{"id":5417,"href":"https:\/\/www.hereford.org.ar\/web\/wp-json\/wp\/v2\/posts\/5398\/revisions\/5417"}],"wp:featuredmedia":[{"embeddable":true,"href":"https:\/\/www.hereford.org.ar\/web\/wp-json\/wp\/v2\/media\/5400"}],"wp:attachment":[{"href":"https:\/\/www.hereford.org.ar\/web\/wp-json\/wp\/v2\/media?parent=5398"}],"wp:term":[{"taxonomy":"category","embeddable":true,"href":"https:\/\/www.hereford.org.ar\/web\/wp-json\/wp\/v2\/categories?post=5398"},{"taxonomy":"post_tag","embeddable":true,"href":"https:\/\/www.hereford.org.ar\/web\/wp-json\/wp\/v2\/tags?post=5398"}],"curies":[{"name":"wp","href":"https:\/\/api.w.org\/{rel}","templated":true}]}}