{"id":5252,"date":"2025-09-17T16:10:22","date_gmt":"2025-09-17T19:10:22","guid":{"rendered":"https:\/\/www.hereford.org.ar\/web\/?p=5252"},"modified":"2025-09-17T16:37:34","modified_gmt":"2025-09-17T19:37:34","slug":"1o-prueba-pastoril-de-vaquillas-hereford-region-mesopotamica","status":"publish","type":"post","link":"https:\/\/www.hereford.org.ar\/web\/1o-prueba-pastoril-de-vaquillas-hereford-region-mesopotamica\/","title":{"rendered":"1\u00ba Prueba pastoril de vaquillas Hereford \u2013 Regi\u00f3n Mesopot\u00e1mica"},"content":{"rendered":"<p>[et_pb_section fb_built=\u00bb1&#8243; _builder_version=\u00bb4.27.4&#8243; _module_preset=\u00bbdefault\u00bb global_colors_info=\u00bb{}\u00bb theme_builder_area=\u00bbpost_content\u00bb][et_pb_row _builder_version=\u00bb4.27.4&#8243; _module_preset=\u00bbdefault\u00bb global_colors_info=\u00bb{}\u00bb theme_builder_area=\u00bbpost_content\u00bb][et_pb_column type=\u00bb4_4&#8243; _builder_version=\u00bb4.27.4&#8243; _module_preset=\u00bbdefault\u00bb global_colors_info=\u00bb{}\u00bb theme_builder_area=\u00bbpost_content\u00bb][et_pb_text _builder_version=\u00bb4.27.4&#8243; _module_preset=\u00bbdefault\u00bb text_font=\u00bb|700|||||||\u00bb text_font_size=\u00bb24px\u00bb header_text_align=\u00bbcenter\u00bb text_orientation=\u00bbcenter\u00bb custom_padding=\u00bb|8px||12px||\u00bb hover_enabled=\u00bb0&#8243; global_colors_info=\u00bb{}\u00bb theme_builder_area=\u00bbpost_content\u00bb sticky_enabled=\u00bb0&#8243;]<\/p>\n<p style=\"text-align: center;\"><strong>1\u00ba Prueba pastoril de vaquillas Hereford \u2013 Regi\u00f3n Mesopot\u00e1mica<br \/><\/strong><\/p>\n<p>[\/et_pb_text][\/et_pb_column][\/et_pb_row][et_pb_row _builder_version=\u00bb4.27.4&#8243; _module_preset=\u00bbdefault\u00bb global_colors_info=\u00bb{}\u00bb theme_builder_area=\u00bbpost_content\u00bb][et_pb_column type=\u00bb4_4&#8243; _builder_version=\u00bb4.27.4&#8243; _module_preset=\u00bbdefault\u00bb global_colors_info=\u00bb{}\u00bb theme_builder_area=\u00bbpost_content\u00bb][et_pb_image src=\u00bbhttps:\/\/www.hereford.org.ar\/web\/wp-content\/uploads\/2025\/09\/Foto-web-notas-700&#215;500-2-1.png\u00bb title_text=\u00bbFoto web notas 700&#215;500 (2)\u00bb _builder_version=\u00bb4.27.4&#8243; _module_preset=\u00bbdefault\u00bb width=\u00bb65%\u00bb max_width=\u00bb65%\u00bb module_alignment=\u00bbcenter\u00bb hover_enabled=\u00bb0&#8243; global_colors_info=\u00bb{}\u00bb theme_builder_area=\u00bbpost_content\u00bb sticky_enabled=\u00bb0&#8243;][\/et_pb_image][\/et_pb_column][\/et_pb_row][et_pb_row _builder_version=\u00bb4.27.4&#8243; _module_preset=\u00bbdefault\u00bb theme_builder_area=\u00bbpost_content\u00bb][et_pb_column _builder_version=\u00bb4.27.4&#8243; _module_preset=\u00bbdefault\u00bb type=\u00bb4_4&#8243; theme_builder_area=\u00bbpost_content\u00bb][et_pb_button button_text=\u00bbDescargar informe\u00bb _builder_version=\u00bb4.27.4&#8243; _module_preset=\u00bbdefault\u00bb theme_builder_area=\u00bbpost_content\u00bb button_url=\u00bbhttps:\/\/www.hereford.org.ar\/web\/wp-content\/uploads\/2025\/09\/1o-Prueba-pastoril-de-vaquillas-Hereford-\u2013-Region-Mesopotamica.pdf\u00bb custom_button=\u00bbon\u00bb button_bg_color=\u00bb#0a590a\u00bb button_bg_enable_color=\u00bbon\u00bb button_alignment=\u00bbcenter\u00bb background_layout=\u00bbdark\u00bb hover_enabled=\u00bb0&#8243; sticky_enabled=\u00bb0&#8243;][\/et_pb_button][\/et_pb_column][\/et_pb_row][et_pb_row _builder_version=\u00bb4.27.4&#8243; _module_preset=\u00bbdefault\u00bb global_colors_info=\u00bb{}\u00bb theme_builder_area=\u00bbpost_content\u00bb][et_pb_column type=\u00bb4_4&#8243; _builder_version=\u00bb4.27.4&#8243; _module_preset=\u00bbdefault\u00bb global_colors_info=\u00bb{}\u00bb theme_builder_area=\u00bbpost_content\u00bb][et_pb_text content_tablet=\u00bb<\/p>\n<p data-start=%22141%22 data-end=%22396%22 class=%22%22>Inici\u00f3 una nueva edici\u00f3n de la Prueba Pastoril Hereford en el campo del <strong>INTA Concepci\u00f3n del Uruguay<\/strong>, con el ingreso de <strong>121 animales<\/strong> provenientes de distintas caba\u00f1as. En este 4\u00b0 ciclo participan <strong>75 hembras y 46 machos<\/strong>, que llegaron en excelentes condiciones sanitarias y corporales.<\/p>\n<div class=%22%22 data-block=%22true%22 data-editor=%22e6nui%22 data-offset-key=%22bag3j-0-0%22>\n<div data-offset-key=%22bag3j-0-0%22 class=%22_1mf _1mj%22><span data-offset-key=%22bag3j-0-0%22> <\/span><\/div>\n<\/div>\n<div class=%22%22 data-block=%22true%22 data-editor=%22e6nui%22 data-offset-key=%2257iih-0-0%22>\n<div data-offset-key=%2257iih-0-0%22 class=%22_1mf _1mj%22><span data-offset-key=%2257iih-0-0%22>Seg\u00fan explic\u00f3 el <strong>Ing. Sebasti\u00e1n Vittone,<\/strong> Investigador del INTA Concepci\u00f3n del Uruguay y Coordinador de la Prueba Pastoril, los animales atraviesan inicialmente un protocolo sanitario desarrollado junto a Biog\u00e9nesis Bag\u00f3. Luego, tras 4 a 5 d\u00edas de adaptaci\u00f3n en corrales, se los divide por categor\u00eda y se inicia un primer per\u00edodo de 15 d\u00edas de pastoreo. Finalizada esta etapa, se realizan las mediciones de inicio de prueba: peso, altura, ecograf\u00eda y condici\u00f3n corporal, dando as\u00ed inicio a la competencia.<\/span><\/div>\n<\/div>\n<div class=%22%22 data-block=%22true%22 data-editor=%22e6nui%22 data-offset-key=%22236vf-0-0%22>\n<div data-offset-key=%22236vf-0-0%22 class=%22_1mf _1mj%22><span data-offset-key=%22236vf-0-0%22> <\/span><\/div>\n<\/div>\n<div class=%22%22 data-block=%22true%22 data-editor=%22e6nui%22 data-offset-key=%221i4ti-0-0%22>\n<div data-offset-key=%221i4ti-0-0%22 class=%22_1mf _1mj%22><span data-offset-key=%221i4ti-0-0%22>Se trata de una de las <strong>pruebas pastoriles m\u00e1s grandes de Sudam\u00e9rica<\/strong>, una instancia clave para evaluar el rendimiento productivo en condiciones reales de campo y seguir generando datos objetivos para el mejoramiento gen\u00e9tico de la raza.<\/span><\/div>\n<div data-offset-key=%221i4ti-0-0%22 class=%22_1mf _1mj%22><span data-offset-key=%221i4ti-0-0%22><\/span><\/div>\n<\/div>\n<p>\u00bb content_phone=\u00bb<\/p>\n<p><strong><em>Sc. M\u00e9d. Vet. Sebasti\u00e1n Vittone, M. Sc. <\/em><\/strong><strong><em>Alejo R\u00e9, M. Sc. <\/em><\/strong><strong><em>Daniela Pinget, Dra. Ing. Agr. <\/em><\/strong><strong><em>Mar\u00eda Eugenia Munilla<\/em><\/strong><\/p>\n<p style=%22text-align: justify;%22>El INTA Concepci\u00f3n del Uruguay y la Asociaci\u00f3n Argentina de Criadores Hereford finalizaron la tercera prueba pastoril de toritos y en simult\u00e1neo, llevaron adelante la primera prueba de vaquillas. La propuesta surgi\u00f3 a partir de reuniones donde los caba\u00f1eros propusieron llevar adelante la evaluaci\u00f3n de crecimiento y desarrollo reproductivo de las hembras para valorizar el potencial de la raza.<\/p>\n<p style=%22text-align: justify;%22><img src=%22https:\/\/www.hereford.org.ar\/web\/wp-content\/uploads\/2025\/09\/01-300x115.png%22 width=%22399%22 height=%22153%22 alt=%22%22 class=%22wp-image-5261 alignnone size-medium%22 \/><\/p>\n<p><strong>Caracter\u00edsticas de la prueba y seguimiento de la producci\u00f3n<\/strong><\/p>\n<p style=%22text-align: justify;%22>La prueba pastoril inici\u00f3 en el oto\u00f1o de 2024. Un total de 31 terneras de 6 a 9 meses de edad provenientes de 12 caba\u00f1as iniciaron su recr\u00eda en una rotaci\u00f3n sobre pasturas polif\u00edticas, verdeos de invierno y finalizaron la evaluaci\u00f3n sobre sorgo forrajero. Las semillas de los distintos recursos forrajeros implantados fueron aportadas por Barembrug en el marco de un Convenio de Asistencia T\u00e9cnica. Adem\u00e1s, los animales recibieron una suplementaci\u00f3n mineral (Cluster Min B254, Los Vascos SRL) que se ofreci\u00f3 durante los 13 meses de evaluaci\u00f3n.<\/p>\n<p style=%22text-align: justify;%22>El objetivo de las pruebas pastoriles es valorizar el nivel de producci\u00f3n de reproductores para conocer el potencial de la raza en la zona y volcar la informaci\u00f3n al sector ganadero. En la prueba de la Regi\u00f3n Mesopot\u00e1mica se registr\u00f3 el peso de las vaquillas mensualmente, mientras que las variables de altura, per\u00edmetro tor\u00e1cico, espesor de grasa dorsal (EGD) y \u00e1rea de ojo de bife (AOB) se midieron cada 90 d\u00edas. Tambi\u00e9n se midi\u00f3 la docilidad al salir de la balanza\/cepo en una escala de 1 a 5 (1= d\u00f3cil, 2= inquieta, 3= nerviosa, 4= impredecible, 5= agresiva).<\/p>\n<p style=%22text-align: justify;%22>A los 14,5 y 21,2 meses de edad se determin\u00f3 el grado de desarrollo reproductivo (GDR) en escala de 1 a 4 (1= sin desarrollo, 2= prepuberal, 3= transici\u00f3n, 4= p\u00faber) y antes de finalizar la prueba, se realiz\u00f3 un protocolo de IATF y repaso con toros. Adem\u00e1s, se realizaron 3 juras fenot\u00edpicas, en las que jurados de distintas procedencias clasificaron las vaquillas en 4 bloques seg\u00fan su aspecto f\u00edsico, centr\u00e1ndose en caracter\u00edsticas como la funcionalidad, la conformaci\u00f3n carnicera y el est\u00e1ndar racial y buscando un equilibrio entre funcionalidad y producci\u00f3n.<\/p>\n<p style=%22text-align: justify;%22><strong>Resultados de crecimiento y desarrollo reproductivo<\/strong><\/p>\n<p style=%22text-align: justify;%22>Los animales iniciaron con un promedio de 220 kg y finalizaron con 423 kg de peso vivo (22 meses de edad), registrando un aumento de peso de 538 g\/animal\/d\u00eda, con rangos que fueron de 423 a 632 g\/animal\/d\u00eda. Los resultados demostraron una evoluci\u00f3n favorable y sostenida en el tiempo en todos los animales marcando una diferencia de hasta 50% entre la menor y la mayor ganancia de peso. La evoluci\u00f3n de peso fue acompa\u00f1ada por el crecimiento en altura y per\u00edmetro tor\u00e1cico. El espesor de grasa dorsal final promedio fue de 7,4 cm y el \u00e1rea de ojo de bife de 71,4 cm<sup>2<\/sup>.<\/p>\n<p style=%22text-align: justify;%22>En las Figuras 1 y 2 se observa el % de hembras que presentaron GDR 2, 3 o 4 a los 14,5 y 21,2 meses de edad respectivamente.<\/p>\n<p style=%22text-align: justify;%22><img src=%22https:\/\/www.hereford.org.ar\/web\/wp-content\/uploads\/2025\/09\/02-300x142.png%22 width=%22351%22 height=%22166%22 alt=%22%22 class=%22wp-image-5263 alignnone size-medium%22 \/><\/p>\n<p style=%22text-align: justify;%22><strong>Figura 1 y 2.<\/strong> Grado de desarrollo reproductivo (GDR, escala de 1 a 4) de vaquillas Hereford a los 14,5 (izq.) y 21,2 (der.) meses de edad.<\/p>\n<p style=%22text-align: justify;%22><strong>Ranking de vaquillas <\/strong><\/p>\n<p style=%22text-align: justify;%22>Hacia el final de la prueba, se realiz\u00f3 un protocolo de IATF (pajuelas de \u201cInfinito\u201d, toro Polled Hereford provenientes del CLIA) y un repaso dos toros PP (Caba\u00f1a \u201cSan Mar\u00f3n\u201d y Caba\u00f1a \u201cMaivarep\u00e1\u201d). En la tabla siguiente se presenta el ranking de las vaquillas con su correspondiente \u00edndice compuesto a partir de los sub\u00edndices de ganancia de peso, carcasa, fenotipo y reproductivo). Adem\u00e1s, se brinda informaci\u00f3n sobre el padre, sobre la ganancia de peso durante la prueba y resultados de pre\u00f1ez.<\/p>\n<p style=%22text-align: justify;%22><img src=%22https:\/\/www.hereford.org.ar\/web\/wp-content\/uploads\/2025\/09\/003-290x300.png%22 width=%22486%22 height=%22503%22 alt=%22%22 class=%22wp-image-5265 alignnone size-medium%22 \/><\/p>\n<p><strong>Preparaci\u00f3n para remate: 25 de septiembre de 2025<\/strong><\/p>\n<p style=%22text-align: justify;%22>LA COMISI\u00d3N MESOPOT\u00c1MICA DE LA ASOCIACI\u00d3N CRIADORES DE HEREFORD REALIZ\u00d3 EL REGLAMENTO Y EL INTA CONCEPCI\u00d3N DEL URUGUAY FUE RESPONSABLE DE LA EJECUCI\u00d3N DE LA PRUEBA. AMBAS INSTITUCIONES INVITAN A LOS PRODUCTORES A PARTICIPAR DEL REMATE EL PR\u00d3XIMO 25 DE SEPTIEMBRE.<\/p>\n<p style=%22text-align: justify;%22>La venta de vaquillonas pre\u00f1adas con su historial completo de informaci\u00f3n referida a datos de origen, crecimiento y desarrollo durante la prueba representa una oportunidad para los productores ganaderos de la regi\u00f3n. El evento garantiza la combinaci\u00f3n de potencial gen\u00e9tico con niveles de producci\u00f3n. Adem\u00e1s de las vaquillas, saldr\u00e1n a venta toros de edad similar con sus correspondientes resultados de desempe\u00f1o productivo. En todos los casos, los animales disponen de una sanidad certificada y de una trazabilidad que asegura a los compradores, una inversi\u00f3n confiable de reproductores para incorporar a sus rodeos.<\/p>\n<div class=%22%22 data-block=%22true%22 data-editor=%22e6nui%22 data-offset-key=%221i4ti-0-0%22>\n<div data-offset-key=%221i4ti-0-0%22 class=%22_1mf _1mj%22><\/div>\n<\/div>\n<div class=%22%22 data-block=%22true%22 data-editor=%22e6nui%22 data-offset-key=%221i4ti-0-0%22>\n<div data-offset-key=%221i4ti-0-0%22 class=%22_1mf _1mj%22><\/div>\n<\/div>\n<div class=%22%22 data-block=%22true%22 data-editor=%22e6nui%22 data-offset-key=%221i4ti-0-0%22>\n<div data-offset-key=%221i4ti-0-0%22 class=%22_1mf _1mj%22><span data-offset-key=%221i4ti-0-0%22><\/span><\/div>\n<\/div>\n<p>\u00bb content_last_edited=\u00bbon|desktop\u00bb _builder_version=\u00bb4.27.4&#8243; _module_preset=\u00bbdefault\u00bb custom_padding=\u00bb|16px||16px||\u00bb hover_enabled=\u00bb0&#8243; global_colors_info=\u00bb{}\u00bb theme_builder_area=\u00bbpost_content\u00bb sticky_enabled=\u00bb0&#8243;]<\/p>\n<p><strong><em> Sc. M\u00e9d. Vet. Sebasti\u00e1n Vittone, M. Sc. <\/em><\/strong><strong><em>Alejo R\u00e9, M. Sc. <\/em><\/strong><strong><em>Daniela Pinget, Dra. Ing. Agr. <\/em><\/strong><strong><em>Mar\u00eda Eugenia Munilla<\/em><\/strong><\/p>\n<p style=\"text-align: justify;\">El INTA Concepci\u00f3n del Uruguay y la Asociaci\u00f3n Argentina de Criadores Hereford finalizaron la tercera prueba pastoril de toritos y en simult\u00e1neo, llevaron adelante la primera prueba de vaquillas. La propuesta surgi\u00f3 a partir de reuniones donde los caba\u00f1eros propusieron llevar adelante la evaluaci\u00f3n de crecimiento y desarrollo reproductivo de las hembras para valorizar el potencial de la raza.<\/p>\n<p style=\"text-align: justify;\"><img loading=\"lazy\" decoding=\"async\" src=\"https:\/\/www.hereford.org.ar\/web\/wp-content\/uploads\/2025\/09\/01-300x115.png\" width=\"399\" height=\"153\" alt=\"\" class=\"wp-image-5261 alignnone size-medium\" srcset=\"https:\/\/www.hereford.org.ar\/web\/wp-content\/uploads\/2025\/09\/01-300x115.png 300w, https:\/\/www.hereford.org.ar\/web\/wp-content\/uploads\/2025\/09\/01-768x295.png 768w, https:\/\/www.hereford.org.ar\/web\/wp-content\/uploads\/2025\/09\/01.png 1011w\" sizes=\"(max-width: 399px) 100vw, 399px\" \/><\/p>\n<p><strong>Caracter\u00edsticas de la prueba y seguimiento de la producci\u00f3n<\/strong><\/p>\n<p style=\"text-align: justify;\">La prueba pastoril inici\u00f3 en el oto\u00f1o de 2024. Un total de 31 terneras de 6 a 9 meses de edad provenientes de 12 caba\u00f1as iniciaron su recr\u00eda en una rotaci\u00f3n sobre pasturas polif\u00edticas, verdeos de invierno y finalizaron la evaluaci\u00f3n sobre sorgo forrajero. Las semillas de los distintos recursos forrajeros implantados fueron aportadas por Barembrug en el marco de un Convenio de Asistencia T\u00e9cnica. Adem\u00e1s, los animales recibieron una suplementaci\u00f3n mineral (Cluster Min B254, Los Vascos SRL) que se ofreci\u00f3 durante los 13 meses de evaluaci\u00f3n.<\/p>\n<p style=\"text-align: justify;\">El objetivo de las pruebas pastoriles es valorizar el nivel de producci\u00f3n de reproductores para conocer el potencial de la raza en la zona y volcar la informaci\u00f3n al sector ganadero. En la prueba de la Regi\u00f3n Mesopot\u00e1mica se registr\u00f3 el peso de las vaquillas mensualmente, mientras que las variables de altura, per\u00edmetro tor\u00e1cico, espesor de grasa dorsal (EGD) y \u00e1rea de ojo de bife (AOB) se midieron cada 90 d\u00edas. Tambi\u00e9n se midi\u00f3 la docilidad al salir de la balanza\/cepo en una escala de 1 a 5 (1= d\u00f3cil, 2= inquieta, 3= nerviosa, 4= impredecible, 5= agresiva).<\/p>\n<p style=\"text-align: justify;\">A los 14,5 y 21,2 meses de edad se determin\u00f3 el grado de desarrollo reproductivo (GDR) en escala de 1 a 4 (1= sin desarrollo, 2= prepuberal, 3= transici\u00f3n, 4= p\u00faber) y antes de finalizar la prueba, se realiz\u00f3 un protocolo de IATF y repaso con toros. Adem\u00e1s, se realizaron 3 juras fenot\u00edpicas, en las que jurados de distintas procedencias clasificaron las vaquillas en 4 bloques seg\u00fan su aspecto f\u00edsico, centr\u00e1ndose en caracter\u00edsticas como la funcionalidad, la conformaci\u00f3n carnicera y el est\u00e1ndar racial y buscando un equilibrio entre funcionalidad y producci\u00f3n.<\/p>\n<p style=\"text-align: justify;\"><strong>Resultados de crecimiento y desarrollo reproductivo<\/strong><\/p>\n<p style=\"text-align: justify;\">Los animales iniciaron con un promedio de 220 kg y finalizaron con 423 kg de peso vivo (22 meses de edad), registrando un aumento de peso de 538 g\/animal\/d\u00eda, con rangos que fueron de 423 a 632 g\/animal\/d\u00eda. Los resultados demostraron una evoluci\u00f3n favorable y sostenida en el tiempo en todos los animales marcando una diferencia de hasta 50% entre la menor y la mayor ganancia de peso. La evoluci\u00f3n de peso fue acompa\u00f1ada por el crecimiento en altura y per\u00edmetro tor\u00e1cico. El espesor de grasa dorsal final promedio fue de 7,4 cm y el \u00e1rea de ojo de bife de 71,4 cm<sup>2<\/sup>.<\/p>\n<p style=\"text-align: justify;\">En las Figuras 1 y 2 se observa el % de hembras que presentaron GDR 2, 3 o 4 a los 14,5 y 21,2 meses de edad respectivamente.<\/p>\n<p style=\"text-align: justify;\"><img loading=\"lazy\" decoding=\"async\" src=\"https:\/\/www.hereford.org.ar\/web\/wp-content\/uploads\/2025\/09\/02-300x142.png\" width=\"351\" height=\"166\" alt=\"\" class=\"wp-image-5263 alignnone size-medium\" srcset=\"https:\/\/www.hereford.org.ar\/web\/wp-content\/uploads\/2025\/09\/02-300x142.png 300w, https:\/\/www.hereford.org.ar\/web\/wp-content\/uploads\/2025\/09\/02-1024x485.png 1024w, https:\/\/www.hereford.org.ar\/web\/wp-content\/uploads\/2025\/09\/02-768x363.png 768w, https:\/\/www.hereford.org.ar\/web\/wp-content\/uploads\/2025\/09\/02.png 1027w\" sizes=\"(max-width: 351px) 100vw, 351px\" \/><\/p>\n<p style=\"text-align: justify;\"><strong>Figura 1 y 2.<\/strong> Grado de desarrollo reproductivo (GDR, escala de 1 a 4) de vaquillas Hereford a los 14,5 (izq.) y 21,2 (der.) meses de edad.<\/p>\n<p style=\"text-align: justify;\"><strong>Ranking de vaquillas <\/strong><\/p>\n<p style=\"text-align: justify;\">Hacia el final de la prueba, se realiz\u00f3 un protocolo de IATF (pajuelas de \u201cInfinito\u201d, toro Polled Hereford provenientes del CLIA) y un repaso dos toros PP (Caba\u00f1a \u201cSan Mar\u00f3n\u201d y Caba\u00f1a \u201cMaivarep\u00e1\u201d). En la tabla siguiente se presenta el ranking de las vaquillas con su correspondiente \u00edndice compuesto a partir de los sub\u00edndices de ganancia de peso, carcasa, fenotipo y reproductivo). Adem\u00e1s, se brinda informaci\u00f3n sobre el padre, sobre la ganancia de peso durante la prueba y resultados de pre\u00f1ez.<\/p>\n<p style=\"text-align: justify;\"><img loading=\"lazy\" decoding=\"async\" src=\"https:\/\/www.hereford.org.ar\/web\/wp-content\/uploads\/2025\/09\/003-290x300.png\" width=\"486\" height=\"503\" alt=\"\" class=\"wp-image-5265 alignnone size-medium\" srcset=\"https:\/\/www.hereford.org.ar\/web\/wp-content\/uploads\/2025\/09\/003-290x300.png 290w, https:\/\/www.hereford.org.ar\/web\/wp-content\/uploads\/2025\/09\/003-768x794.png 768w, https:\/\/www.hereford.org.ar\/web\/wp-content\/uploads\/2025\/09\/003.png 787w\" sizes=\"(max-width: 486px) 100vw, 486px\" \/><\/p>\n<p><strong>Preparaci\u00f3n para remate: 25 de septiembre de 2025<\/strong><\/p>\n<p style=\"text-align: justify;\">LA COMISI\u00d3N MESOPOT\u00c1MICA DE LA ASOCIACI\u00d3N CRIADORES DE HEREFORD REALIZ\u00d3 EL REGLAMENTO Y EL INTA CONCEPCI\u00d3N DEL URUGUAY FUE RESPONSABLE DE LA EJECUCI\u00d3N DE LA PRUEBA. AMBAS INSTITUCIONES INVITAN A LOS PRODUCTORES A PARTICIPAR DEL REMATE EL PR\u00d3XIMO 25 DE SEPTIEMBRE.<\/p>\n<p style=\"text-align: justify;\">La venta de vaquillonas pre\u00f1adas con su historial completo de informaci\u00f3n referida a datos de origen, crecimiento y desarrollo durante la prueba representa una oportunidad para los productores ganaderos de la regi\u00f3n. El evento garantiza la combinaci\u00f3n de potencial gen\u00e9tico con niveles de producci\u00f3n. Adem\u00e1s de las vaquillas, saldr\u00e1n a venta toros de edad similar con sus correspondientes resultados de desempe\u00f1o productivo. En todos los casos, los animales disponen de una sanidad certificada y de una trazabilidad que asegura a los compradores, una inversi\u00f3n confiable de reproductores para incorporar a sus rodeos.<\/p>\n<p>[\/et_pb_text][\/et_pb_column][\/et_pb_row][\/et_pb_section]<\/p>\n","protected":false},"excerpt":{"rendered":"<p>1\u00ba Prueba pastoril de&#8230;<\/p>\n","protected":false},"author":5,"featured_media":5254,"comment_status":"closed","ping_status":"open","sticky":false,"template":"","format":"standard","meta":{"_et_pb_use_builder":"on","_et_pb_old_content":"","_et_gb_content_width":"","site-sidebar-layout":"default","site-content-layout":"","ast-site-content-layout":"default","site-content-style":"default","site-sidebar-style":"default","ast-global-header-display":"","ast-banner-title-visibility":"","ast-main-header-display":"","ast-hfb-above-header-display":"","ast-hfb-below-header-display":"","ast-hfb-mobile-header-display":"","site-post-title":"","ast-breadcrumbs-content":"","ast-featured-img":"","footer-sml-layout":"","ast-disable-related-posts":"","theme-transparent-header-meta":"","adv-header-id-meta":"","stick-header-meta":"","header-above-stick-meta":"","header-main-stick-meta":"","header-below-stick-meta":"","astra-migrate-meta-layouts":"set","ast-page-background-enabled":"default","ast-page-background-meta":{"desktop":{"background-color":"var(--ast-global-color-4)","background-image":"","background-repeat":"repeat","background-position":"center center","background-size":"auto","background-attachment":"scroll","background-type":"","background-media":"","overlay-type":"","overlay-color":"","overlay-opacity":"","overlay-gradient":""},"tablet":{"background-color":"","background-image":"","background-repeat":"repeat","background-position":"center center","background-size":"auto","background-attachment":"scroll","background-type":"","background-media":"","overlay-type":"","overlay-color":"","overlay-opacity":"","overlay-gradient":""},"mobile":{"background-color":"","background-image":"","background-repeat":"repeat","background-position":"center center","background-size":"auto","background-attachment":"scroll","background-type":"","background-media":"","overlay-type":"","overlay-color":"","overlay-opacity":"","overlay-gradient":""}},"ast-content-background-meta":{"desktop":{"background-color":"var(--ast-global-color-5)","background-image":"","background-repeat":"repeat","background-position":"center center","background-size":"auto","background-attachment":"scroll","background-type":"","background-media":"","overlay-type":"","overlay-color":"","overlay-opacity":"","overlay-gradient":""},"tablet":{"background-color":"var(--ast-global-color-5)","background-image":"","background-repeat":"repeat","background-position":"center center","background-size":"auto","background-attachment":"scroll","background-type":"","background-media":"","overlay-type":"","overlay-color":"","overlay-opacity":"","overlay-gradient":""},"mobile":{"background-color":"var(--ast-global-color-5)","background-image":"","background-repeat":"repeat","background-position":"center center","background-size":"auto","background-attachment":"scroll","background-type":"","background-media":"","overlay-type":"","overlay-color":"","overlay-opacity":"","overlay-gradient":""}},"footnotes":""},"categories":[1],"tags":[],"class_list":["post-5252","post","type-post","status-publish","format-standard","has-post-thumbnail","hentry","category-uncategorized"],"_links":{"self":[{"href":"https:\/\/www.hereford.org.ar\/web\/wp-json\/wp\/v2\/posts\/5252","targetHints":{"allow":["GET"]}}],"collection":[{"href":"https:\/\/www.hereford.org.ar\/web\/wp-json\/wp\/v2\/posts"}],"about":[{"href":"https:\/\/www.hereford.org.ar\/web\/wp-json\/wp\/v2\/types\/post"}],"author":[{"embeddable":true,"href":"https:\/\/www.hereford.org.ar\/web\/wp-json\/wp\/v2\/users\/5"}],"replies":[{"embeddable":true,"href":"https:\/\/www.hereford.org.ar\/web\/wp-json\/wp\/v2\/comments?post=5252"}],"version-history":[{"count":5,"href":"https:\/\/www.hereford.org.ar\/web\/wp-json\/wp\/v2\/posts\/5252\/revisions"}],"predecessor-version":[{"id":5272,"href":"https:\/\/www.hereford.org.ar\/web\/wp-json\/wp\/v2\/posts\/5252\/revisions\/5272"}],"wp:featuredmedia":[{"embeddable":true,"href":"https:\/\/www.hereford.org.ar\/web\/wp-json\/wp\/v2\/media\/5254"}],"wp:attachment":[{"href":"https:\/\/www.hereford.org.ar\/web\/wp-json\/wp\/v2\/media?parent=5252"}],"wp:term":[{"taxonomy":"category","embeddable":true,"href":"https:\/\/www.hereford.org.ar\/web\/wp-json\/wp\/v2\/categories?post=5252"},{"taxonomy":"post_tag","embeddable":true,"href":"https:\/\/www.hereford.org.ar\/web\/wp-json\/wp\/v2\/tags?post=5252"}],"curies":[{"name":"wp","href":"https:\/\/api.w.org\/{rel}","templated":true}]}}