{"id":5220,"date":"2025-09-17T11:39:40","date_gmt":"2025-09-17T14:39:40","guid":{"rendered":"https:\/\/www.hereford.org.ar\/web\/?p=5220"},"modified":"2025-09-17T12:10:21","modified_gmt":"2025-09-17T15:10:21","slug":"se-realizo-la-13-expo-nacional-patagonica-en-carmen-de-patagones","status":"publish","type":"post","link":"https:\/\/www.hereford.org.ar\/web\/se-realizo-la-13-expo-nacional-patagonica-en-carmen-de-patagones\/","title":{"rendered":"Se realiz\u00f3 la 13\u00b0 Expo Nacional Patag\u00f3nica en Carmen de Patagones"},"content":{"rendered":"<p>[et_pb_section fb_built=\u00bb1&#8243; _builder_version=\u00bb4.27.4&#8243; _module_preset=\u00bbdefault\u00bb global_colors_info=\u00bb{}\u00bb theme_builder_area=\u00bbpost_content\u00bb][et_pb_row _builder_version=\u00bb4.27.4&#8243; _module_preset=\u00bbdefault\u00bb global_colors_info=\u00bb{}\u00bb theme_builder_area=\u00bbpost_content\u00bb][et_pb_column type=\u00bb4_4&#8243; _builder_version=\u00bb4.27.4&#8243; _module_preset=\u00bbdefault\u00bb global_colors_info=\u00bb{}\u00bb theme_builder_area=\u00bbpost_content\u00bb][et_pb_text _builder_version=\u00bb4.27.4&#8243; _module_preset=\u00bbdefault\u00bb text_font=\u00bb|700|||||||\u00bb text_font_size=\u00bb24px\u00bb header_text_align=\u00bbcenter\u00bb text_orientation=\u00bbcenter\u00bb custom_padding=\u00bb|8px||12px||\u00bb hover_enabled=\u00bb0&#8243; global_colors_info=\u00bb{}\u00bb theme_builder_area=\u00bbpost_content\u00bb sticky_enabled=\u00bb0&#8243;]<\/p>\n<p style=\"text-align: center;\"><strong>Se realiz\u00f3 la 13\u00b0 Expo Nacional Patag\u00f3nica en Carmen de Patagones<br \/><\/strong><\/p>\n<p>[\/et_pb_text][\/et_pb_column][\/et_pb_row][et_pb_row _builder_version=\u00bb4.27.4&#8243; _module_preset=\u00bbdefault\u00bb global_colors_info=\u00bb{}\u00bb theme_builder_area=\u00bbpost_content\u00bb][et_pb_column type=\u00bb4_4&#8243; _builder_version=\u00bb4.27.4&#8243; _module_preset=\u00bbdefault\u00bb global_colors_info=\u00bb{}\u00bb theme_builder_area=\u00bbpost_content\u00bb][et_pb_image src=\u00bbhttps:\/\/www.hereford.org.ar\/web\/wp-content\/uploads\/2025\/09\/Foto-web-notas-700&#215;500-1-3.png\u00bb title_text=\u00bbFoto web notas 700&#215;500 (1)\u00bb _builder_version=\u00bb4.27.4&#8243; _module_preset=\u00bbdefault\u00bb width=\u00bb65%\u00bb max_width=\u00bb65%\u00bb module_alignment=\u00bbcenter\u00bb hover_enabled=\u00bb0&#8243; global_colors_info=\u00bb{}\u00bb theme_builder_area=\u00bbpost_content\u00bb sticky_enabled=\u00bb0&#8243;][\/et_pb_image][\/et_pb_column][\/et_pb_row][et_pb_row _builder_version=\u00bb4.27.4&#8243; _module_preset=\u00bbdefault\u00bb global_colors_info=\u00bb{}\u00bb theme_builder_area=\u00bbpost_content\u00bb][et_pb_column type=\u00bb4_4&#8243; _builder_version=\u00bb4.27.4&#8243; _module_preset=\u00bbdefault\u00bb global_colors_info=\u00bb{}\u00bb theme_builder_area=\u00bbpost_content\u00bb][et_pb_text content_tablet=\u00bb<\/p>\n<p data-start=%22141%22 data-end=%22396%22 class=%22%22>Inici\u00f3 una nueva edici\u00f3n de la Prueba Pastoril Hereford en el campo del <strong>INTA Concepci\u00f3n del Uruguay<\/strong>, con el ingreso de <strong>121 animales<\/strong> provenientes de distintas caba\u00f1as. En este 4\u00b0 ciclo participan <strong>75 hembras y 46 machos<\/strong>, que llegaron en excelentes condiciones sanitarias y corporales.<\/p>\n<div class=%22%22 data-block=%22true%22 data-editor=%22e6nui%22 data-offset-key=%22bag3j-0-0%22>\n<div data-offset-key=%22bag3j-0-0%22 class=%22_1mf _1mj%22><span data-offset-key=%22bag3j-0-0%22> <\/span><\/div>\n<\/div>\n<div class=%22%22 data-block=%22true%22 data-editor=%22e6nui%22 data-offset-key=%2257iih-0-0%22>\n<div data-offset-key=%2257iih-0-0%22 class=%22_1mf _1mj%22><span data-offset-key=%2257iih-0-0%22>Seg\u00fan explic\u00f3 el <strong>Ing. Sebasti\u00e1n Vittone,<\/strong> Investigador del INTA Concepci\u00f3n del Uruguay y Coordinador de la Prueba Pastoril, los animales atraviesan inicialmente un protocolo sanitario desarrollado junto a Biog\u00e9nesis Bag\u00f3. Luego, tras 4 a 5 d\u00edas de adaptaci\u00f3n en corrales, se los divide por categor\u00eda y se inicia un primer per\u00edodo de 15 d\u00edas de pastoreo. Finalizada esta etapa, se realizan las mediciones de inicio de prueba: peso, altura, ecograf\u00eda y condici\u00f3n corporal, dando as\u00ed inicio a la competencia.<\/span><\/div>\n<\/div>\n<div class=%22%22 data-block=%22true%22 data-editor=%22e6nui%22 data-offset-key=%22236vf-0-0%22>\n<div data-offset-key=%22236vf-0-0%22 class=%22_1mf _1mj%22><span data-offset-key=%22236vf-0-0%22> <\/span><\/div>\n<\/div>\n<div class=%22%22 data-block=%22true%22 data-editor=%22e6nui%22 data-offset-key=%221i4ti-0-0%22>\n<div data-offset-key=%221i4ti-0-0%22 class=%22_1mf _1mj%22><span data-offset-key=%221i4ti-0-0%22>Se trata de una de las <strong>pruebas pastoriles m\u00e1s grandes de Sudam\u00e9rica<\/strong>, una instancia clave para evaluar el rendimiento productivo en condiciones reales de campo y seguir generando datos objetivos para el mejoramiento gen\u00e9tico de la raza.<\/span><\/div>\n<div data-offset-key=%221i4ti-0-0%22 class=%22_1mf _1mj%22><span data-offset-key=%221i4ti-0-0%22><\/span><\/div>\n<\/div>\n<p>\u00bb content_phone=\u00bb<\/p>\n<p>Del 11 al 14 de septiembre de 2025 se realiz\u00f3 la <strong>13\u00b0 Expo Nacional Patag\u00f3nica,<\/strong> en la sede de la <strong>Asociaci\u00f3n Rural de Patagones<\/strong>, con la participaci\u00f3n de m\u00e1s de 100 animales y 15 caba\u00f1as de la regi\u00f3n. La exposici\u00f3n comenz\u00f3 con la admisi\u00f3n, una etapa clave en la que se recibieron los animales y se efectuaron los controles sanitarios, mediciones biom\u00e9tricas y verificaciones de antecedentes. Este trabajo asegur\u00f3 el bienestar de la hacienda y garantiz\u00f3 la calidad de los ejemplares presentados en pista.<\/p>\n<p>Se llevaron adelante <strong>dos charlas<\/strong> de alto nivel:\u00a0\u201cSarna bovina, estrategias para su control\u201d, a cargo del <strong>M.V. Alex Correa, responsable t\u00e9cnico comercial de Biog\u00e9nesis Bag\u00f3<\/strong> en la Regi\u00f3n Patagonia y\u00a0\u201cEl nuevo amanecer de la ganader\u00eda: nutrici\u00f3n de toda la cancha\u201d, por el <strong>Ing. Agr. y PhD Dar\u00edo Colombatto<\/strong>, quien brind\u00f3 una visi\u00f3n innovadora para los sistemas productivos actuales y futuros.<\/p>\n<p><strong>Jura de clasificaci\u00f3n<\/strong><\/p>\n<p>La pista central fue escenario de una gran jornada de jura, que reuni\u00f3 a un p\u00fablico numeroso en un clima de camarader\u00eda y entusiasmo. El jurado, <strong>Sr. Ariel Macagno<\/strong>, destac\u00f3 la calidad y preparaci\u00f3n de los ejemplares, con el siguiente veredicto:<\/p>\n<p><strong>Animales a bozal<\/strong><\/p>\n<p>\ud83c\udfc6 Gran Campe\u00f3n Macho: Suc. Jaca \u00c1ngel \u2013 Caba\u00f1a La Txapela<br \/>\ud83c\udfc6 Gran Campeona Hembra: Luis Fernando Iribarren \u2013 Caba\u00f1a La Irma<br \/>\ud83c\udfc6 Gran Campe\u00f3n Ternero: Suc. Jaca \u00c1ngel \u2013 Caba\u00f1a La Txapela<br \/>\ud83c\udfc6 Gran Campeona Ternera: Suc. Jaca \u00c1ngel \u2013 Caba\u00f1a La Txapela<br \/>\ud83c\udfc6 Gran Campe\u00f3n Macho PR: Los Murmullos de Garruchos S.A.<\/p>\n<p><strong>Lotes<\/strong><\/p>\n<p>\ud83c\udfc6 Lote Gran Campe\u00f3n Macho PP: Gualdesi Hnos. S.R.L. \u2013 Caba\u00f1a Atig\u00fce<br \/>\ud83c\udfc6 Lote Gran Campeona Hembra PP: Caba\u00f1a Jotace \u2013 Juan Carlos Sagarzazu<br \/>\ud83c\udfc6 Lote Gran Campe\u00f3n Macho PR: Los Murmullos de Garruchos S.A.<br \/>\ud83c\udfc6 Lote Gran Campeona Hembra PR: Los Murmullos de Garruchos S.A.<\/p>\n<p>El domingo 14 se realiz\u00f3 un almuerzo de camarader\u00eda, previo al inicio de las ventas, en el que se entregaron los premios a las caba\u00f1as participantes. Fue un momento de celebraci\u00f3n y reconocimiento al esfuerzo de los criadores, en el que se destac\u00f3 la uni\u00f3n del sector y el esp\u00edritu familiar que caracteriza a la raza.<\/p>\n<p>El Promotor T\u00e9cnico Regional de Patagonia Norte, Bernardo Ambrosetto, expres\u00f3: %22Tuvimos animales acordes a tama\u00f1a exposici\u00f3n. Se cumplieron todas las actividades previstas y qued\u00f3 demostrado el compromiso de cada criador con la raza Hereford. La calidad fue realmente destacada y la respuesta del p\u00fablico acompa\u00f1\u00f3 en todo momento.%22<\/p>\n<p>Por su parte, el Vicepresidente de Hereford Argentina, Ing. Emilio Ortiz, sostuvo: %22Esta exposici\u00f3n tiene la gran virtud de convocar a criadores de toda la Patagonia, quienes con gran esfuerzo y dedicaci\u00f3n preparan a sus animales, incluso enfrentando dificultades clim\u00e1ticas como sequ\u00edas. El resultado fue una muestra de alt\u00edsimo nivel que nos llena de orgullo.%22<\/p>\n<p>Hereford Argentina agradece especialmente a la Asociaci\u00f3n Rural de Patagones, a la Cooperativa de Patagones y Viedma, a las caba\u00f1as participantes, y a todo el p\u00fablico que acompa\u00f1\u00f3 y dio vida a esta nueva edici\u00f3n de la Expo Nacional Patag\u00f3nica.<\/p>\n<p><a href=%22https:\/\/drive.google.com\/drive\/folders\/1OZTkH4X6JjzSh62ly-VRfuSpW2pJQcE9?usp=drive_link%22>Acceder al \u00e1lbum de fotograf\u00edas<\/a><\/p>\n<div class=%22%22 data-block=%22true%22 data-editor=%22e6nui%22 data-offset-key=%221i4ti-0-0%22>\n<div data-offset-key=%221i4ti-0-0%22 class=%22_1mf _1mj%22><\/div>\n<\/div>\n<div class=%22%22 data-block=%22true%22 data-editor=%22e6nui%22 data-offset-key=%221i4ti-0-0%22>\n<div data-offset-key=%221i4ti-0-0%22 class=%22_1mf _1mj%22><\/div>\n<\/div>\n<div class=%22%22 data-block=%22true%22 data-editor=%22e6nui%22 data-offset-key=%221i4ti-0-0%22>\n<div data-offset-key=%221i4ti-0-0%22 class=%22_1mf _1mj%22><span data-offset-key=%221i4ti-0-0%22><\/span><\/div>\n<\/div>\n<p>\u00bb content_last_edited=\u00bbon|desktop\u00bb _builder_version=\u00bb4.27.4&#8243; _module_preset=\u00bbdefault\u00bb custom_padding=\u00bb|16px||16px||\u00bb hover_enabled=\u00bb0&#8243; global_colors_info=\u00bb{}\u00bb theme_builder_area=\u00bbpost_content\u00bb sticky_enabled=\u00bb0&#8243;]<\/p>\n<p>Del 11 al 14 de septiembre de 2025 se realiz\u00f3 la <strong>13\u00b0 Expo Nacional Patag\u00f3nica,<\/strong> en la sede de la <strong>Asociaci\u00f3n Rural de Patagones<\/strong>, con la participaci\u00f3n de m\u00e1s de 100 animales y 15 caba\u00f1as de la regi\u00f3n. La exposici\u00f3n comenz\u00f3 con la admisi\u00f3n, una etapa clave en la que se recibieron los animales y se efectuaron los controles sanitarios, mediciones biom\u00e9tricas y verificaciones de antecedentes. Este trabajo asegur\u00f3 el bienestar de la hacienda y garantiz\u00f3 la calidad de los ejemplares presentados en pista.<\/p>\n<p>Se llevaron adelante <strong>dos charlas<\/strong> de alto nivel:\u00a0\u201cSarna bovina, estrategias para su control\u201d, a cargo del <strong>M.V. Alex Correa, responsable t\u00e9cnico comercial de Biog\u00e9nesis Bag\u00f3<\/strong> en la Regi\u00f3n Patagonia y\u00a0\u201cEl nuevo amanecer de la ganader\u00eda: nutrici\u00f3n de toda la cancha\u201d, por el <strong>Ing. Agr. y PhD Dar\u00edo Colombatto<\/strong>, quien brind\u00f3 una visi\u00f3n innovadora para los sistemas productivos actuales y futuros.<\/p>\n<p><strong>Jura de clasificaci\u00f3n<\/strong><\/p>\n<p>La pista central fue escenario de una gran jornada de jura, que reuni\u00f3 a un p\u00fablico numeroso en un clima de camarader\u00eda y entusiasmo. El jurado, <strong>Sr. Ariel Macagno<\/strong>, destac\u00f3 la calidad y preparaci\u00f3n de los ejemplares, con el siguiente veredicto:<\/p>\n<p><strong>Animales a bozal<\/strong><\/p>\n<p>\ud83c\udfc6 Gran Campe\u00f3n Macho: Suc. Jaca \u00c1ngel \u2013 Caba\u00f1a La Txapela<br \/>\ud83c\udfc6 Gran Campeona Hembra: Luis Fernando Iribarren \u2013 Caba\u00f1a La Irma<br \/>\ud83c\udfc6 Gran Campe\u00f3n Ternero: Suc. Jaca \u00c1ngel \u2013 Caba\u00f1a La Txapela<br \/>\ud83c\udfc6 Gran Campeona Ternera: Suc. Jaca \u00c1ngel \u2013 Caba\u00f1a La Txapela<br \/>\ud83c\udfc6 Gran Campe\u00f3n Macho PR: Los Murmullos de Garruchos S.A.<\/p>\n<p><strong>Lotes<\/strong><\/p>\n<p>\ud83c\udfc6 Lote Gran Campe\u00f3n Macho PP: Gualdesi Hnos. S.R.L. \u2013 Caba\u00f1a Atig\u00fce<br \/>\ud83c\udfc6 Lote Gran Campeona Hembra PP: Caba\u00f1a Jotace \u2013 Juan Carlos Sagarzazu<br \/>\ud83c\udfc6 Lote Gran Campe\u00f3n Macho PR: Los Murmullos de Garruchos S.A.<br \/>\ud83c\udfc6 Lote Gran Campeona Hembra PR: Los Murmullos de Garruchos S.A.<\/p>\n<p>El domingo 14 se realiz\u00f3 un almuerzo de camarader\u00eda, previo al inicio de las ventas, en el que se entregaron los premios a las caba\u00f1as participantes. Fue un momento de celebraci\u00f3n y reconocimiento al esfuerzo de los criadores, en el que se destac\u00f3 la uni\u00f3n del sector y el esp\u00edritu familiar que caracteriza a la raza.<\/p>\n<p>El Promotor T\u00e9cnico Regional de Patagonia Norte, Bernardo Ambrosetto, expres\u00f3: \u00abTuvimos animales acordes a tama\u00f1a exposici\u00f3n. Se cumplieron todas las actividades previstas y qued\u00f3 demostrado el compromiso de cada criador con la raza Hereford. La calidad fue realmente destacada y la respuesta del p\u00fablico acompa\u00f1\u00f3 en todo momento.\u00bb<\/p>\n<p>Por su parte, el Vicepresidente de Hereford Argentina, Ing. Emilio Ortiz, sostuvo: \u00abEsta exposici\u00f3n tiene la gran virtud de convocar a criadores de toda la Patagonia, quienes con gran esfuerzo y dedicaci\u00f3n preparan a sus animales, incluso enfrentando dificultades clim\u00e1ticas como sequ\u00edas. El resultado fue una muestra de alt\u00edsimo nivel que nos llena de orgullo.\u00bb<\/p>\n<p>Hereford Argentina agradece especialmente a la Asociaci\u00f3n Rural de Patagones, a la Cooperativa de Patagones y Viedma, a las caba\u00f1as participantes, y a todo el p\u00fablico que acompa\u00f1\u00f3 y dio vida a esta nueva edici\u00f3n de la Expo Nacional Patag\u00f3nica.<\/p>\n<p><a href=\"https:\/\/drive.google.com\/drive\/folders\/1OZTkH4X6JjzSh62ly-VRfuSpW2pJQcE9?usp=drive_link\">Acceder al \u00e1lbum de fotograf\u00edas<\/a><\/p>\n<p>[\/et_pb_text][et_pb_gallery gallery_ids=\u00bb5225,5226,5227,5228,5229,5230,5231,5232,5233,5234,5235,5236,5237,5238,5240&#8243; posts_number=\u00bb8&#8243; show_title_and_caption=\u00bboff\u00bb _builder_version=\u00bb4.27.4&#8243; _module_preset=\u00bbdefault\u00bb hover_enabled=\u00bb0&#8243; global_colors_info=\u00bb{}\u00bb theme_builder_area=\u00bbpost_content\u00bb sticky_enabled=\u00bb0&#8243;][\/et_pb_gallery][\/et_pb_column][\/et_pb_row][\/et_pb_section]<\/p>\n","protected":false},"excerpt":{"rendered":"<p>Se realiz\u00f3 la 13\u00b0 Expo&#8230;<\/p>\n","protected":false},"author":5,"featured_media":5222,"comment_status":"closed","ping_status":"open","sticky":false,"template":"","format":"standard","meta":{"_et_pb_use_builder":"on","_et_pb_old_content":"","_et_gb_content_width":"","site-sidebar-layout":"default","site-content-layout":"","ast-site-content-layout":"full-width-container","site-content-style":"default","site-sidebar-style":"default","ast-global-header-display":"","ast-banner-title-visibility":"","ast-main-header-display":"","ast-hfb-above-header-display":"","ast-hfb-below-header-display":"","ast-hfb-mobile-header-display":"","site-post-title":"","ast-breadcrumbs-content":"","ast-featured-img":"","footer-sml-layout":"","ast-disable-related-posts":"","theme-transparent-header-meta":"","adv-header-id-meta":"","stick-header-meta":"","header-above-stick-meta":"","header-main-stick-meta":"","header-below-stick-meta":"","astra-migrate-meta-layouts":"set","ast-page-background-enabled":"default","ast-page-background-meta":{"desktop":{"background-color":"var(--ast-global-color-4)","background-image":"","background-repeat":"repeat","background-position":"center center","background-size":"auto","background-attachment":"scroll","background-type":"","background-media":"","overlay-type":"","overlay-color":"","overlay-opacity":"","overlay-gradient":""},"tablet":{"background-color":"","background-image":"","background-repeat":"repeat","background-position":"center center","background-size":"auto","background-attachment":"scroll","background-type":"","background-media":"","overlay-type":"","overlay-color":"","overlay-opacity":"","overlay-gradient":""},"mobile":{"background-color":"","background-image":"","background-repeat":"repeat","background-position":"center center","background-size":"auto","background-attachment":"scroll","background-type":"","background-media":"","overlay-type":"","overlay-color":"","overlay-opacity":"","overlay-gradient":""}},"ast-content-background-meta":{"desktop":{"background-color":"var(--ast-global-color-5)","background-image":"","background-repeat":"repeat","background-position":"center center","background-size":"auto","background-attachment":"scroll","background-type":"","background-media":"","overlay-type":"","overlay-color":"","overlay-opacity":"","overlay-gradient":""},"tablet":{"background-color":"var(--ast-global-color-5)","background-image":"","background-repeat":"repeat","background-position":"center center","background-size":"auto","background-attachment":"scroll","background-type":"","background-media":"","overlay-type":"","overlay-color":"","overlay-opacity":"","overlay-gradient":""},"mobile":{"background-color":"var(--ast-global-color-5)","background-image":"","background-repeat":"repeat","background-position":"center center","background-size":"auto","background-attachment":"scroll","background-type":"","background-media":"","overlay-type":"","overlay-color":"","overlay-opacity":"","overlay-gradient":""}},"footnotes":""},"categories":[1],"tags":[],"class_list":["post-5220","post","type-post","status-publish","format-standard","has-post-thumbnail","hentry","category-uncategorized"],"_links":{"self":[{"href":"https:\/\/www.hereford.org.ar\/web\/wp-json\/wp\/v2\/posts\/5220","targetHints":{"allow":["GET"]}}],"collection":[{"href":"https:\/\/www.hereford.org.ar\/web\/wp-json\/wp\/v2\/posts"}],"about":[{"href":"https:\/\/www.hereford.org.ar\/web\/wp-json\/wp\/v2\/types\/post"}],"author":[{"embeddable":true,"href":"https:\/\/www.hereford.org.ar\/web\/wp-json\/wp\/v2\/users\/5"}],"replies":[{"embeddable":true,"href":"https:\/\/www.hereford.org.ar\/web\/wp-json\/wp\/v2\/comments?post=5220"}],"version-history":[{"count":3,"href":"https:\/\/www.hereford.org.ar\/web\/wp-json\/wp\/v2\/posts\/5220\/revisions"}],"predecessor-version":[{"id":5241,"href":"https:\/\/www.hereford.org.ar\/web\/wp-json\/wp\/v2\/posts\/5220\/revisions\/5241"}],"wp:featuredmedia":[{"embeddable":true,"href":"https:\/\/www.hereford.org.ar\/web\/wp-json\/wp\/v2\/media\/5222"}],"wp:attachment":[{"href":"https:\/\/www.hereford.org.ar\/web\/wp-json\/wp\/v2\/media?parent=5220"}],"wp:term":[{"taxonomy":"category","embeddable":true,"href":"https:\/\/www.hereford.org.ar\/web\/wp-json\/wp\/v2\/categories?post=5220"},{"taxonomy":"post_tag","embeddable":true,"href":"https:\/\/www.hereford.org.ar\/web\/wp-json\/wp\/v2\/tags?post=5220"}],"curies":[{"name":"wp","href":"https:\/\/api.w.org\/{rel}","templated":true}]}}