{"id":5138,"date":"2025-09-10T11:35:22","date_gmt":"2025-09-10T14:35:22","guid":{"rendered":"https:\/\/www.hereford.org.ar\/web\/?p=5138"},"modified":"2025-09-13T10:19:55","modified_gmt":"2025-09-13T13:19:55","slug":"exposicion-patrocinada-rio-colorado","status":"publish","type":"post","link":"https:\/\/www.hereford.org.ar\/web\/exposicion-patrocinada-rio-colorado\/","title":{"rendered":"Exposici\u00f3n Patrocinada R\u00edo Colorado"},"content":{"rendered":"<p>[et_pb_section fb_built=\u00bb1&#8243; _builder_version=\u00bb4.27.4&#8243; _module_preset=\u00bbdefault\u00bb global_colors_info=\u00bb{}\u00bb][et_pb_row _builder_version=\u00bb4.27.4&#8243; _module_preset=\u00bbdefault\u00bb global_colors_info=\u00bb{}\u00bb][et_pb_column type=\u00bb4_4&#8243; _builder_version=\u00bb4.27.4&#8243; _module_preset=\u00bbdefault\u00bb global_colors_info=\u00bb{}\u00bb][et_pb_text _builder_version=\u00bb4.27.4&#8243; _module_preset=\u00bbdefault\u00bb text_font=\u00bb|700|||||||\u00bb text_font_size=\u00bb24px\u00bb header_text_align=\u00bbcenter\u00bb text_orientation=\u00bbcenter\u00bb custom_padding=\u00bb|8px||12px||\u00bb global_colors_info=\u00bb{}\u00bb]<\/p>\n<p style=\"text-align: center;\"><strong>Exposici\u00f3n Patrocinada R\u00edo Colorado<\/strong><\/p>\n<p>[\/et_pb_text][\/et_pb_column][\/et_pb_row][et_pb_row _builder_version=\u00bb4.27.4&#8243; _module_preset=\u00bbdefault\u00bb global_colors_info=\u00bb{}\u00bb][et_pb_column type=\u00bb4_4&#8243; _builder_version=\u00bb4.27.4&#8243; _module_preset=\u00bbdefault\u00bb global_colors_info=\u00bb{}\u00bb][et_pb_image src=\u00bbhttps:\/\/www.hereford.org.ar\/web\/wp-content\/uploads\/2025\/09\/Foto-web-notas-700&#215;500-13.png\u00bb title_text=\u00bbFoto web notas 700&#215;500&#8243; _builder_version=\u00bb4.27.4&#8243; _module_preset=\u00bbdefault\u00bb width=\u00bb65%\u00bb max_width=\u00bb65%\u00bb module_alignment=\u00bbcenter\u00bb global_colors_info=\u00bb{}\u00bb][\/et_pb_image][\/et_pb_column][\/et_pb_row][et_pb_row _builder_version=\u00bb4.27.4&#8243; _module_preset=\u00bbdefault\u00bb global_colors_info=\u00bb{}\u00bb][et_pb_column type=\u00bb4_4&#8243; _builder_version=\u00bb4.27.4&#8243; _module_preset=\u00bbdefault\u00bb global_colors_info=\u00bb{}\u00bb][et_pb_text content_tablet=\u00bb<\/p>\n<p data-start=%22141%22 data-end=%22396%22 class=%22%22>Inici\u00f3 una nueva edici\u00f3n de la Prueba Pastoril Hereford en el campo del <strong>INTA Concepci\u00f3n del Uruguay<\/strong>, con el ingreso de <strong>121 animales<\/strong> provenientes de distintas caba\u00f1as. En este 4\u00b0 ciclo participan <strong>75 hembras y 46 machos<\/strong>, que llegaron en excelentes condiciones sanitarias y corporales.<\/p>\n<div class=%22%22 data-block=%22true%22 data-editor=%22e6nui%22 data-offset-key=%22bag3j-0-0%22>\n<div data-offset-key=%22bag3j-0-0%22 class=%22_1mf _1mj%22><span data-offset-key=%22bag3j-0-0%22> <\/span><\/div>\n<\/div>\n<div class=%22%22 data-block=%22true%22 data-editor=%22e6nui%22 data-offset-key=%2257iih-0-0%22>\n<div data-offset-key=%2257iih-0-0%22 class=%22_1mf _1mj%22><span data-offset-key=%2257iih-0-0%22>Seg\u00fan explic\u00f3 el <strong>Ing. Sebasti\u00e1n Vittone,<\/strong> Investigador del INTA Concepci\u00f3n del Uruguay y Coordinador de la Prueba Pastoril, los animales atraviesan inicialmente un protocolo sanitario desarrollado junto a Biog\u00e9nesis Bag\u00f3. Luego, tras 4 a 5 d\u00edas de adaptaci\u00f3n en corrales, se los divide por categor\u00eda y se inicia un primer per\u00edodo de 15 d\u00edas de pastoreo. Finalizada esta etapa, se realizan las mediciones de inicio de prueba: peso, altura, ecograf\u00eda y condici\u00f3n corporal, dando as\u00ed inicio a la competencia.<\/span><\/div>\n<\/div>\n<div class=%22%22 data-block=%22true%22 data-editor=%22e6nui%22 data-offset-key=%22236vf-0-0%22>\n<div data-offset-key=%22236vf-0-0%22 class=%22_1mf _1mj%22><span data-offset-key=%22236vf-0-0%22> <\/span><\/div>\n<\/div>\n<div class=%22%22 data-block=%22true%22 data-editor=%22e6nui%22 data-offset-key=%221i4ti-0-0%22>\n<div data-offset-key=%221i4ti-0-0%22 class=%22_1mf _1mj%22><span data-offset-key=%221i4ti-0-0%22>Se trata de una de las <strong>pruebas pastoriles m\u00e1s grandes de Sudam\u00e9rica<\/strong>, una instancia clave para evaluar el rendimiento productivo en condiciones reales de campo y seguir generando datos objetivos para el mejoramiento gen\u00e9tico de la raza.<\/span><\/div>\n<div data-offset-key=%221i4ti-0-0%22 class=%22_1mf _1mj%22><span data-offset-key=%221i4ti-0-0%22><\/span><\/div>\n<\/div>\n<p>\u00bb content_phone=\u00bb<\/p>\n<p>Del <strong>4 al 7 de septiembre,<\/strong> estuvimos presentes en la <strong>Sociedad Rural de R\u00edo Colorado (R\u00edo Negro)<\/strong>, acompa\u00f1ando esta exposici\u00f3n patrocinada. Participaron <strong>15 caba\u00f1as<\/strong> y la <strong>jura<\/strong> de clasificaci\u00f3n estuvo a cargo del <strong>Sr. Germ\u00e1n Sillero.<\/strong><\/p>\n<p><strong>\ud83c\udfc6 Ganadores de la jura:<\/strong><\/p>\n<div dir=%22auto%22>\n<div dir=%22auto%22>&#8211; Gran campe\u00f3n y reservado gran campe\u00f3n macho PP: Caba\u00f1a La Txapela de suc. de \u00c1ngel Jaca<\/div>\n<div dir=%22auto%22>&#8211; Gran campe\u00f3n hembra PP: La Txapela de suc. de \u00c1ngel Jaca<\/div>\n<div dir=%22auto%22>&#8211; Gran campe\u00f3n macho PR: Caba\u00f1a Media Luna de Est. Media Luna SRL<\/div>\n<div dir=%22auto%22>&#8211; Rdo. campe\u00f3n macho PR: Caba\u00f1a Los Murmullos de Garruchos S.A.<\/div>\n<div dir=%22auto%22>&#8211; Lote gran campe\u00f3n macho PP: La Txapela de suc. de \u00c1ngel Jaca<\/div>\n<div dir=%22auto%22>&#8211; Lore gran campe\u00f3n hembra PR y lote campe\u00f3n dos dientes: Caba\u00f1a Pelahuenco de Shirley Finkelstein<\/div>\n<div dir=%22auto%22>&#8211; Lote reservado campe\u00f3n macho PP: Caba\u00f1a Jotace de Juan Carlos Sagarzazu<\/div>\n<div dir=%22auto%22>&#8211; Lote gran campe\u00f3n macho PR: Caba\u00f1a Media Luna de Est. Media Luna SRL<\/div>\n<div dir=%22auto%22>&#8211; Lote rdo. campe\u00f3n macho PR: Don Riquin de Sergio Mundet<\/div>\n<div dir=%22auto%22>&#8211; Mejor hembra de lote PR: Los Murmullos de Garruchos S.A.<\/div>\n<div dir=%22auto%22>&#8211; Lote campe\u00f3n vaquillona intermedia: Jotace de Juan Carlos Sagarzazu<\/div>\n<\/div>\n<div dir=%22auto%22><\/div>\n<p>Nos acompa\u00f1aron en la Expo: <strong>Walter Gualdesi, Presidente Zonal Patagonia Norte; Bernardo Ambrosetto, Promotor T\u00e9cnico Regional de Patagonia Norte; Matias Ochandorena Promotor T\u00e9cnico Regional de Patagonia Sur<\/strong>, Ernesto Ayling, en representaci\u00f3n de la Sociedad Rural Argentina; y el Gobernador de R\u00edo Negro, Alberto Weretilneck, junto a ministros, secretarios y legisladores provinciales. Tambi\u00e9n estuvo presente el Intendente de R\u00edo Colorado, Duilio Minieri.<\/p>\n<p><strong>Agradecemos<\/strong> a las caba\u00f1as participantes, autoridades presentes y al p\u00fablico en general por acompa\u00f1arnos en esta gran exposici\u00f3n.<\/p>\n<p><strong>Fotograf\u00edas<\/strong>: Rosana Erviti<\/p>\n<div class=%22%22 data-block=%22true%22 data-editor=%22e6nui%22 data-offset-key=%221i4ti-0-0%22>\n<div data-offset-key=%221i4ti-0-0%22 class=%22_1mf _1mj%22><\/div>\n<\/div>\n<div class=%22%22 data-block=%22true%22 data-editor=%22e6nui%22 data-offset-key=%221i4ti-0-0%22>\n<div data-offset-key=%221i4ti-0-0%22 class=%22_1mf _1mj%22><\/div>\n<\/div>\n<div class=%22%22 data-block=%22true%22 data-editor=%22e6nui%22 data-offset-key=%221i4ti-0-0%22>\n<div data-offset-key=%221i4ti-0-0%22 class=%22_1mf _1mj%22><span data-offset-key=%221i4ti-0-0%22><\/span><\/div>\n<\/div>\n<p>\u00bb content_last_edited=\u00bbon|phone\u00bb _builder_version=\u00bb4.27.4&#8243; _module_preset=\u00bbdefault\u00bb custom_padding=\u00bb|16px||16px||\u00bb global_colors_info=\u00bb{}\u00bb]<\/p>\n<p>Del <strong>4 al 7 de septiembre,<\/strong> estuvimos presentes en la <strong>Sociedad Rural de R\u00edo Colorado (R\u00edo Negro)<\/strong>, acompa\u00f1ando esta exposici\u00f3n patrocinada. Participaron <strong>15 caba\u00f1as<\/strong> y la <strong>jura<\/strong> de clasificaci\u00f3n estuvo a cargo del <strong>Sr. Germ\u00e1n Sillero.<\/strong><\/p>\n<p><strong>\ud83c\udfc6 Ganadores de la jura:<\/strong><\/p>\n<div dir=\"auto\">\n<div class=\"\" data-block=\"true\" data-editor=\"9msho\" data-offset-key=\"4cvlm-0-0\">\n<div data-offset-key=\"4cvlm-0-0\" class=\"_1mf _1mj\"><span data-offset-key=\"4cvlm-0-0\">&#8211; Gran campe\u00f3n y reservado gran campe\u00f3n macho PP: Caba\u00f1a La Txapela de suc. de \u00c1ngel Jaca<\/span><\/div>\n<\/div>\n<div class=\"\" data-block=\"true\" data-editor=\"9msho\" data-offset-key=\"emf3t-0-0\">\n<div data-offset-key=\"emf3t-0-0\" class=\"_1mf _1mj\"><span data-offset-key=\"emf3t-0-0\">&#8211; Gran campe\u00f3n hembra PP: La Txapela de suc. de \u00c1ngel Jaca<\/span><\/div>\n<\/div>\n<div class=\"\" data-block=\"true\" data-editor=\"9msho\" data-offset-key=\"1b2mu-0-0\">\n<div data-offset-key=\"1b2mu-0-0\" class=\"_1mf _1mj\"><span data-offset-key=\"1b2mu-0-0\">&#8211; Rdo. Gran Campe\u00f3n Hembra PP, mejor hembra a bozal y campe\u00f3n vaquillona intermedia: Caba\u00f1a La Txapela de Suc. de Jaca Angel.<\/span><\/div>\n<\/div>\n<div class=\"\" data-block=\"true\" data-editor=\"9msho\" data-offset-key=\"3e8cd-0-0\">\n<div data-offset-key=\"3e8cd-0-0\" class=\"_1mf _1mj\"><span data-offset-key=\"3e8cd-0-0\">&#8211; Gran campe\u00f3n macho PR: Caba\u00f1a Media Luna de Est. Media Luna SRL<\/span><\/div>\n<\/div>\n<div class=\"\" data-block=\"true\" data-editor=\"9msho\" data-offset-key=\"5523p-0-0\">\n<div data-offset-key=\"5523p-0-0\" class=\"_1mf _1mj\"><span data-offset-key=\"5523p-0-0\">&#8211; Rdo. Gran campe\u00f3n macho PR: Caba\u00f1a Los Murmullos de Garruchos S.A.<\/span><\/div>\n<\/div>\n<div class=\"\" data-block=\"true\" data-editor=\"9msho\" data-offset-key=\"blm9v-0-0\">\n<div data-offset-key=\"blm9v-0-0\" class=\"_1mf _1mj\"><span data-offset-key=\"blm9v-0-0\">&#8211; Gran Campe\u00f3n Hembra PP, mejor hembra a bozal y campe\u00f3n vaquillona intermedia: Caba\u00f1a La Txapela de Suc. de Jaca Angel<\/span><\/div>\n<\/div>\n<div class=\"\" data-block=\"true\" data-editor=\"9msho\" data-offset-key=\"e88r1-0-0\">\n<div data-offset-key=\"e88r1-0-0\" class=\"_1mf _1mj\"><span data-offset-key=\"e88r1-0-0\">&#8211; Lote gran campe\u00f3n macho PP: La Txapela de suc. de \u00c1ngel Jaca<\/span><\/div>\n<\/div>\n<div class=\"\" data-block=\"true\" data-editor=\"9msho\" data-offset-key=\"5vm8i-0-0\">\n<div data-offset-key=\"5vm8i-0-0\" class=\"_1mf _1mj\"><span data-offset-key=\"5vm8i-0-0\">&#8211; Lore gran campe\u00f3n hembra PR y lote campe\u00f3n dos dientes: Caba\u00f1a Pelahuenco de Shirley Finkelstein <\/span><\/div>\n<\/div>\n<div class=\"\" data-block=\"true\" data-editor=\"9msho\" data-offset-key=\"d3rpb-0-0\">\n<div data-offset-key=\"d3rpb-0-0\" class=\"_1mf _1mj\"><span data-offset-key=\"d3rpb-0-0\">&#8211; Lote reservado campe\u00f3n macho PP: Caba\u00f1a Jotace de Juan Carlos Sagarzazu<\/span><\/div>\n<\/div>\n<div class=\"\" data-block=\"true\" data-editor=\"9msho\" data-offset-key=\"512o5-0-0\">\n<div data-offset-key=\"512o5-0-0\" class=\"_1mf _1mj\"><span data-offset-key=\"512o5-0-0\">&#8211; Lote gran campe\u00f3n macho PR: Caba\u00f1a Media Luna de Est. Media Luna SRL<\/span><\/div>\n<\/div>\n<div class=\"\" data-block=\"true\" data-editor=\"9msho\" data-offset-key=\"egkb6-0-0\">\n<div data-offset-key=\"egkb6-0-0\" class=\"_1mf _1mj\"><span data-offset-key=\"egkb6-0-0\">&#8211; Lote rdo. campe\u00f3n macho PR: Don Riquin de Sergio Mundet<\/span><\/div>\n<\/div>\n<div class=\"\" data-block=\"true\" data-editor=\"9msho\" data-offset-key=\"fvaje-0-0\">\n<div data-offset-key=\"fvaje-0-0\" class=\"_1mf _1mj\"><span data-offset-key=\"fvaje-0-0\">&#8211; Mejor hembra de lote PR: Los Murmullos de Garruchos S.A.<\/span><\/div>\n<\/div>\n<div class=\"\" data-block=\"true\" data-editor=\"9msho\" data-offset-key=\"4gotg-0-0\">\n<div data-offset-key=\"4gotg-0-0\" class=\"_1mf _1mj\"><span data-offset-key=\"4gotg-0-0\">&#8211; Lote campe\u00f3n vaquillona intermedia: Jotace de Juan Carlos Sagarzazu<\/span><\/div>\n<div data-offset-key=\"4gotg-0-0\" class=\"_1mf _1mj\"><span data-offset-key=\"4gotg-0-0\"><\/span><\/div>\n<div data-offset-key=\"4gotg-0-0\" class=\"_1mf _1mj\"><span data-offset-key=\"4gotg-0-0\"><\/span><\/div>\n<div data-offset-key=\"4gotg-0-0\" class=\"_1mf _1mj\"><span data-offset-key=\"4gotg-0-0\"><\/span><\/div>\n<div data-offset-key=\"4gotg-0-0\" class=\"_1mf _1mj\"><span data-offset-key=\"4gotg-0-0\"><\/span><\/div>\n<div data-offset-key=\"4gotg-0-0\" class=\"_1mf _1mj\"><span data-offset-key=\"4gotg-0-0\"><\/span><\/div>\n<div data-offset-key=\"4gotg-0-0\" class=\"_1mf _1mj\"><span data-offset-key=\"4gotg-0-0\"><\/span><\/div>\n<div data-offset-key=\"4gotg-0-0\" class=\"_1mf _1mj\"><\/div>\n<div data-offset-key=\"4gotg-0-0\" class=\"_1mf _1mj\"><\/div>\n<\/div>\n<\/div>\n<div dir=\"auto\"><\/div>\n<div dir=\"auto\">\n<p>&nbsp;<\/p>\n<p>Nos acompa\u00f1aron en la Expo: <strong>Walter Gualdesi, Presidente Zonal Patagonia Norte; Bernardo Ambrosetto, Promotor T\u00e9cnico Regional de Patagonia Norte; Matias Ochandorena Promotor T\u00e9cnico Regional de Patagonia Sur<\/strong>, Ernesto Ayling, en representaci\u00f3n de la Sociedad Rural Argentina; y el Gobernador de R\u00edo Negro, Alberto Weretilneck, junto a ministros, secretarios y legisladores provinciales. Tambi\u00e9n estuvo presente el Intendente de R\u00edo Colorado, Duilio Minieri.<\/p>\n<p><strong>Agradecemos<\/strong> a las caba\u00f1as participantes, autoridades presentes y al p\u00fablico en general por acompa\u00f1arnos en esta gran exposici\u00f3n.<\/p>\n<p><strong>Fotograf\u00edas<\/strong>: Rosana Erviti<\/p>\n<\/div>\n<p>[\/et_pb_text][\/et_pb_column][\/et_pb_row][\/et_pb_section]<\/p>\n","protected":false},"excerpt":{"rendered":"<p>Exposici\u00f3n Patrocinada R\u00edo&#8230;<\/p>\n","protected":false},"author":5,"featured_media":5140,"comment_status":"closed","ping_status":"open","sticky":false,"template":"","format":"standard","meta":{"_et_pb_use_builder":"on","_et_pb_old_content":"","_et_gb_content_width":"","site-sidebar-layout":"default","site-content-layout":"","ast-site-content-layout":"full-width-container","site-content-style":"default","site-sidebar-style":"default","ast-global-header-display":"","ast-banner-title-visibility":"","ast-main-header-display":"","ast-hfb-above-header-display":"","ast-hfb-below-header-display":"","ast-hfb-mobile-header-display":"","site-post-title":"","ast-breadcrumbs-content":"","ast-featured-img":"","footer-sml-layout":"","ast-disable-related-posts":"","theme-transparent-header-meta":"","adv-header-id-meta":"","stick-header-meta":"","header-above-stick-meta":"","header-main-stick-meta":"","header-below-stick-meta":"","astra-migrate-meta-layouts":"set","ast-page-background-enabled":"default","ast-page-background-meta":{"desktop":{"background-color":"var(--ast-global-color-4)","background-image":"","background-repeat":"repeat","background-position":"center center","background-size":"auto","background-attachment":"scroll","background-type":"","background-media":"","overlay-type":"","overlay-color":"","overlay-opacity":"","overlay-gradient":""},"tablet":{"background-color":"","background-image":"","background-repeat":"repeat","background-position":"center center","background-size":"auto","background-attachment":"scroll","background-type":"","background-media":"","overlay-type":"","overlay-color":"","overlay-opacity":"","overlay-gradient":""},"mobile":{"background-color":"","background-image":"","background-repeat":"repeat","background-position":"center center","background-size":"auto","background-attachment":"scroll","background-type":"","background-media":"","overlay-type":"","overlay-color":"","overlay-opacity":"","overlay-gradient":""}},"ast-content-background-meta":{"desktop":{"background-color":"var(--ast-global-color-5)","background-image":"","background-repeat":"repeat","background-position":"center center","background-size":"auto","background-attachment":"scroll","background-type":"","background-media":"","overlay-type":"","overlay-color":"","overlay-opacity":"","overlay-gradient":""},"tablet":{"background-color":"var(--ast-global-color-5)","background-image":"","background-repeat":"repeat","background-position":"center center","background-size":"auto","background-attachment":"scroll","background-type":"","background-media":"","overlay-type":"","overlay-color":"","overlay-opacity":"","overlay-gradient":""},"mobile":{"background-color":"var(--ast-global-color-5)","background-image":"","background-repeat":"repeat","background-position":"center center","background-size":"auto","background-attachment":"scroll","background-type":"","background-media":"","overlay-type":"","overlay-color":"","overlay-opacity":"","overlay-gradient":""}},"footnotes":""},"categories":[1],"tags":[],"class_list":["post-5138","post","type-post","status-publish","format-standard","has-post-thumbnail","hentry","category-uncategorized"],"_links":{"self":[{"href":"https:\/\/www.hereford.org.ar\/web\/wp-json\/wp\/v2\/posts\/5138","targetHints":{"allow":["GET"]}}],"collection":[{"href":"https:\/\/www.hereford.org.ar\/web\/wp-json\/wp\/v2\/posts"}],"about":[{"href":"https:\/\/www.hereford.org.ar\/web\/wp-json\/wp\/v2\/types\/post"}],"author":[{"embeddable":true,"href":"https:\/\/www.hereford.org.ar\/web\/wp-json\/wp\/v2\/users\/5"}],"replies":[{"embeddable":true,"href":"https:\/\/www.hereford.org.ar\/web\/wp-json\/wp\/v2\/comments?post=5138"}],"version-history":[{"count":8,"href":"https:\/\/www.hereford.org.ar\/web\/wp-json\/wp\/v2\/posts\/5138\/revisions"}],"predecessor-version":[{"id":5157,"href":"https:\/\/www.hereford.org.ar\/web\/wp-json\/wp\/v2\/posts\/5138\/revisions\/5157"}],"wp:featuredmedia":[{"embeddable":true,"href":"https:\/\/www.hereford.org.ar\/web\/wp-json\/wp\/v2\/media\/5140"}],"wp:attachment":[{"href":"https:\/\/www.hereford.org.ar\/web\/wp-json\/wp\/v2\/media?parent=5138"}],"wp:term":[{"taxonomy":"category","embeddable":true,"href":"https:\/\/www.hereford.org.ar\/web\/wp-json\/wp\/v2\/categories?post=5138"},{"taxonomy":"post_tag","embeddable":true,"href":"https:\/\/www.hereford.org.ar\/web\/wp-json\/wp\/v2\/tags?post=5138"}],"curies":[{"name":"wp","href":"https:\/\/api.w.org\/{rel}","templated":true}]}}