{"id":4888,"date":"2025-08-25T14:47:29","date_gmt":"2025-08-25T17:47:29","guid":{"rendered":"https:\/\/www.hereford.org.ar\/web\/?p=4888"},"modified":"2025-08-29T11:32:38","modified_gmt":"2025-08-29T14:32:38","slug":"se-realizo-una-nueva-edicion-de-la-escuela-de-jurados-hereford","status":"publish","type":"post","link":"https:\/\/www.hereford.org.ar\/web\/se-realizo-una-nueva-edicion-de-la-escuela-de-jurados-hereford\/","title":{"rendered":"Se realiz\u00f3 una nueva edici\u00f3n de la Escuela de Jurados Hereford"},"content":{"rendered":"<p>[et_pb_section fb_built=\u00bb1&#8243; _builder_version=\u00bb4.27.4&#8243; _module_preset=\u00bbdefault\u00bb global_colors_info=\u00bb{}\u00bb][et_pb_row _builder_version=\u00bb4.27.4&#8243; _module_preset=\u00bbdefault\u00bb global_colors_info=\u00bb{}\u00bb][et_pb_column type=\u00bb4_4&#8243; _builder_version=\u00bb4.27.4&#8243; _module_preset=\u00bbdefault\u00bb global_colors_info=\u00bb{}\u00bb][et_pb_text _builder_version=\u00bb4.27.4&#8243; _module_preset=\u00bbdefault\u00bb text_font=\u00bb|700|||||||\u00bb text_font_size=\u00bb24px\u00bb header_text_align=\u00bbcenter\u00bb text_orientation=\u00bbcenter\u00bb custom_padding=\u00bb|8px||12px||\u00bb hover_enabled=\u00bb0&#8243; global_colors_info=\u00bb{}\u00bb sticky_enabled=\u00bb0&#8243;]<\/p>\n<p style=\"text-align: center;\"><strong>Se realiz\u00f3 una nueva edici\u00f3n de la Escuela de Jurados Hereford<\/strong><\/p>\n<p>[\/et_pb_text][\/et_pb_column][\/et_pb_row][et_pb_row _builder_version=\u00bb4.27.4&#8243; _module_preset=\u00bbdefault\u00bb global_colors_info=\u00bb{}\u00bb][et_pb_column type=\u00bb4_4&#8243; _builder_version=\u00bb4.27.4&#8243; _module_preset=\u00bbdefault\u00bb global_colors_info=\u00bb{}\u00bb][et_pb_image src=\u00bbhttps:\/\/www.hereford.org.ar\/web\/wp-content\/uploads\/2025\/08\/Foto-web-notas-700&#215;500-2.png\u00bb title_text=\u00bbFoto web notas 700&#215;500&#8243; _builder_version=\u00bb4.27.4&#8243; _module_preset=\u00bbdefault\u00bb width=\u00bb65%\u00bb max_width=\u00bb65%\u00bb module_alignment=\u00bbcenter\u00bb global_colors_info=\u00bb{}\u00bb][\/et_pb_image][\/et_pb_column][\/et_pb_row][et_pb_row _builder_version=\u00bb4.27.4&#8243; _module_preset=\u00bbdefault\u00bb global_colors_info=\u00bb{}\u00bb][et_pb_column type=\u00bb4_4&#8243; _builder_version=\u00bb4.27.4&#8243; _module_preset=\u00bbdefault\u00bb global_colors_info=\u00bb{}\u00bb][et_pb_text content_tablet=\u00bb<\/p>\n<p data-start=%22141%22 data-end=%22396%22 class=%22%22>Inici\u00f3 una nueva edici\u00f3n de la Prueba Pastoril Hereford en el campo del <strong>INTA Concepci\u00f3n del Uruguay<\/strong>, con el ingreso de <strong>121 animales<\/strong> provenientes de distintas caba\u00f1as. En este 4\u00b0 ciclo participan <strong>75 hembras y 46 machos<\/strong>, que llegaron en excelentes condiciones sanitarias y corporales.<\/p>\n<div class=%22%22 data-block=%22true%22 data-editor=%22e6nui%22 data-offset-key=%22bag3j-0-0%22>\n<div data-offset-key=%22bag3j-0-0%22 class=%22_1mf _1mj%22><span data-offset-key=%22bag3j-0-0%22> <\/span><\/div>\n<\/div>\n<div class=%22%22 data-block=%22true%22 data-editor=%22e6nui%22 data-offset-key=%2257iih-0-0%22>\n<div data-offset-key=%2257iih-0-0%22 class=%22_1mf _1mj%22><span data-offset-key=%2257iih-0-0%22>Seg\u00fan explic\u00f3 el <strong>Ing. Sebasti\u00e1n Vittone,<\/strong> Investigador del INTA Concepci\u00f3n del Uruguay y Coordinador de la Prueba Pastoril, los animales atraviesan inicialmente un protocolo sanitario desarrollado junto a Biog\u00e9nesis Bag\u00f3. Luego, tras 4 a 5 d\u00edas de adaptaci\u00f3n en corrales, se los divide por categor\u00eda y se inicia un primer per\u00edodo de 15 d\u00edas de pastoreo. Finalizada esta etapa, se realizan las mediciones de inicio de prueba: peso, altura, ecograf\u00eda y condici\u00f3n corporal, dando as\u00ed inicio a la competencia.<\/span><\/div>\n<\/div>\n<div class=%22%22 data-block=%22true%22 data-editor=%22e6nui%22 data-offset-key=%22236vf-0-0%22>\n<div data-offset-key=%22236vf-0-0%22 class=%22_1mf _1mj%22><span data-offset-key=%22236vf-0-0%22> <\/span><\/div>\n<\/div>\n<div class=%22%22 data-block=%22true%22 data-editor=%22e6nui%22 data-offset-key=%221i4ti-0-0%22>\n<div data-offset-key=%221i4ti-0-0%22 class=%22_1mf _1mj%22><span data-offset-key=%221i4ti-0-0%22>Se trata de una de las <strong>pruebas pastoriles m\u00e1s grandes de Sudam\u00e9rica<\/strong>, una instancia clave para evaluar el rendimiento productivo en condiciones reales de campo y seguir generando datos objetivos para el mejoramiento gen\u00e9tico de la raza.<\/span><\/div>\n<div data-offset-key=%221i4ti-0-0%22 class=%22_1mf _1mj%22><span data-offset-key=%221i4ti-0-0%22><\/span><\/div>\n<\/div>\n<p>\u00bb content_phone=\u00bb<\/p>\n<p style=%22text-align: justify;%22>Con la participaci\u00f3n de m\u00e1s de 30 personas, del 21 al 23 de agosto se llev\u00f3 a cabo una nueva edici\u00f3n de la <strong data-start=%22328%22 data-end=%22359%22>Escuela de Jurados Hereford<\/strong>, organizada Hereford Argentina. La propuesta combin\u00f3 jornadas te\u00f3ricas en la sede de la Asociaci\u00f3n con una instancia pr\u00e1ctica en la <strong data-start=%22523%22 data-end=%22580%22>Estancia Santa Rita de Antiguas Estancias Don Roberto<\/strong> (Saladillo, Buenos Aires), ofreciendo a los asistentes una experiencia integral de formaci\u00f3n en evaluaci\u00f3n y selecci\u00f3n.<\/p>\n<h4 data-start=%22715%22 data-end=%22753%22 style=%22text-align: justify;%22><strong>Primer d\u00eda \u2013 Jueves 21 de agosto<\/strong><\/h4>\n<p data-start=%22754%22 data-end=%22827%22 style=%22text-align: justify;%22>En la sede de la Asociaci\u00f3n se realizaron las siguientes disertaciones:<\/p>\n<ul style=%22text-align: justify;%22>\n<li data-start=%22830%22 data-end=%22899%22><strong data-start=%22830%22 data-end=%22852%22> Carlos Ojea Rull\u00e1n<\/strong> \u2013 <em data-start=%22855%22 data-end=%22897%22>\u201cCrecimiento y jura de animales j\u00f3venes\u201d<\/em><\/li>\n<li data-start=%22902%22 data-end=%22967%22><strong data-start=%22902%22 data-end=%22928%22> Vet. Pablo Genoud<\/strong> \u2013 <em data-start=%22931%22 data-end=%22965%22>\u201cElementos anat\u00f3micos \u2013 Aplomos\u201d<\/em><\/li>\n<li data-start=%22970%22 data-end=%221034%22><strong data-start=%22970%22 data-end=%22993%22> V\u00edctor Tonelli<\/strong> \u2013 <em data-start=%22996%22 data-end=%221032%22>\u201cMercado interno y de exportaci\u00f3n\u201d<\/em><\/li>\n<li data-start=%221037%22 data-end=%221110%22><strong data-start=%221037%22 data-end=%221058%22> Mar\u00eda Calaf\u00e9<\/strong> \u2013 <em data-start=%221061%22 data-end=%221108%22>\u201cEvaluaci\u00f3n gen\u00e9tica y control de producci\u00f3n\u201d<\/em><\/li>\n<\/ul>\n<h4 data-start=%221112%22 data-end=%221152%22 style=%22text-align: justify;%22><strong>Segundo d\u00eda \u2013 Viernes 22 de agosto<\/strong><\/h4>\n<p data-start=%221153%22 data-end=%221379%22 style=%22text-align: justify;%22>La segunda jornada se desarroll\u00f3 tambi\u00e9n en la sede de la Asociaci\u00f3n y cont\u00f3 con la presencia de <strong data-start=%221250%22 data-end=%221312%22>Alejandro de la Tour (h), presidente de Hereford Argentina<\/strong>, quien acompa\u00f1\u00f3 a los participantes. Los temas abordados fueron:<\/p>\n<ul style=%22text-align: justify;%22>\n<li data-start=%221382%22 data-end=%221461%22><strong data-start=%221382%22 data-end=%221407%22> Juan Manuel Alo\u00e9<\/strong> \u2013 <em data-start=%221410%22 data-end=%221459%22>\u201cLa Asociaci\u00f3n y sus programas de mejoramiento\u201d<\/em><\/li>\n<li data-start=%221464%22 data-end=%221580%22><strong data-start=%221464%22 data-end=%221491%22> Santiago Bordaberry<\/strong> \u2013 <em data-start=%221494%22 data-end=%221578%22>\u201cVisi\u00f3n integral de jurado: atributos morfol\u00f3gicos, funcionales y manejo de pista\u201d<\/em><\/li>\n<li data-start=%221583%22 data-end=%221672%22><strong data-start=%221583%22 data-end=%221608%22> Horacio La Valle<\/strong> \u2013 <em data-start=%221611%22 data-end=%221670%22>\u201cJura y clasificaci\u00f3n: visi\u00f3n de un caba\u00f1ero y productor\u201d<\/em><\/li>\n<li data-start=%221675%22 data-end=%221769%22><strong data-start=%221675%22 data-end=%221724%22> Luis Barcos y Dr. Alberto Mart\u00ednez Alonso<\/strong> \u2013 <em data-start=%221727%22 data-end=%221767%22>\u201cComposici\u00f3n de la res \u2013 Tipificaci\u00f3n\u201d<\/em><\/li>\n<\/ul>\n<h4 data-start=%221112%22 data-end=%221152%22 style=%22text-align: justify;%22><strong>Tercer d\u00eda \u2013 S\u00e1bado 23 de agosto<\/strong><\/h4>\n<p data-start=%221810%22 data-end=%221992%22 style=%22text-align: justify;%22>El cierre tuvo lugar en la <strong data-start=%221837%22 data-end=%221920%22>Estancia Santa Rita de Antiguas Estancias Don Roberto (Saladillo, Buenos Aires)<\/strong>, donde los alumnos participaron de actividades pr\u00e1cticas en el campo:<\/p>\n<ul style=%22text-align: justify;%22>\n<li data-start=%221995%22 data-end=%222081%22><strong data-start=%221995%22 data-end=%222023%22> Hernando Grandolini<\/strong> \u2013 <em data-start=%222026%22 data-end=%222079%22>\u201cPr\u00e1ctica de selecci\u00f3n fenot\u00edpica de reproductores\u201d<\/em><\/li>\n<li data-start=%222084%22 data-end=%222158%22><strong data-start=%222084%22 data-end=%222111%22> Santiago Bordaberry<\/strong> \u2013 <em data-start=%222114%22 data-end=%222156%22>\u201cSeleccionando, ordenando y comunicando\u201d<\/em><\/li>\n<li data-start=%222161%22 data-end=%222243%22><strong data-start=%222161%22 data-end=%222186%22>Juan Fern\u00e1ndez Brital<\/strong> \u2013 <em data-start=%222189%22 data-end=%222241%22>\u201cPreparaci\u00f3n y presentaci\u00f3n de animales de caba\u00f1a\u201d<\/em><\/li>\n<\/ul>\n<p data-start=%222245%22 data-end=%222453%22 style=%22text-align: justify;%22>La jornada incluy\u00f3 adem\u00e1s una <strong data-start=%222275%22 data-end=%222365%22>instancia pr\u00e1ctica de juzgamiento y evaluaci\u00f3n de reproductores a cargo de los alumnos<\/strong>, y concluy\u00f3 con la <strong data-start=%222385%22 data-end=%222430%22>evaluaci\u00f3n final y la entrega de diplomas<\/strong> a los participantes.<\/p>\n<p data-start=%222245%22 data-end=%222453%22 style=%22text-align: justify;%22><strong>Ganadores<\/strong>: 1\u00b0 Alejo Tenaglia (1.743 pts), 2\u00b0 Gabriel Miguel Orsich (1.738 pts) y 3\u00b0 Nicolas Ferreyro (1.726 pts)<\/p>\n<p style=%22text-align: justify;%22>La Escuela de Jurados Hereford volvi\u00f3 a consolidarse como un espacio de formaci\u00f3n de excelencia, con un programa que apuesta al desarrollo de <strong>habilidades t\u00e9cnicas, criterio productivo y visi\u00f3n gen\u00e9tica<\/strong>, reafirmando el compromiso de la Asociaci\u00f3n con la capacitaci\u00f3n y el fortalecimiento de la raza.<\/p>\n<p style=%22text-align: justify;%22>Agradecemos especialmente a todos los disertantes por su valioso tiempo y conocimiento, a la <strong>Estancia Santa Rita de Antiguas Estancias Don Roberto<\/strong> por permitirnos realizar la instancia pr\u00e1ctica, y a los <strong>Coordinadores de la Escuela de Jurados<\/strong> (MV. Paula Rafaelli y Lic. Joaqu\u00edn Toledo) por su dedicaci\u00f3n en la organizaci\u00f3n de esta edici\u00f3n.<\/p>\n<div class=%22%22 data-block=%22true%22 data-editor=%22e6nui%22 data-offset-key=%221i4ti-0-0%22>\n<div data-offset-key=%221i4ti-0-0%22 class=%22_1mf _1mj%22><\/div>\n<\/div>\n<div class=%22%22 data-block=%22true%22 data-editor=%22e6nui%22 data-offset-key=%221i4ti-0-0%22>\n<div data-offset-key=%221i4ti-0-0%22 class=%22_1mf _1mj%22><\/div>\n<\/div>\n<div class=%22%22 data-block=%22true%22 data-editor=%22e6nui%22 data-offset-key=%221i4ti-0-0%22>\n<div data-offset-key=%221i4ti-0-0%22 class=%22_1mf _1mj%22><span data-offset-key=%221i4ti-0-0%22><\/span><\/div>\n<\/div>\n<p>\u00bb content_last_edited=\u00bbon|phone\u00bb _builder_version=\u00bb4.27.4&#8243; _module_preset=\u00bbdefault\u00bb custom_padding=\u00bb|16px||16px||\u00bb hover_enabled=\u00bb0&#8243; global_colors_info=\u00bb{}\u00bb sticky_enabled=\u00bb0&#8243;]<\/p>\n<p style=\"text-align: justify;\">Con la participaci\u00f3n de m\u00e1s de 30 personas, del 21 al 23 de agosto se llev\u00f3 a cabo una nueva edici\u00f3n de la <strong data-start=\"328\" data-end=\"359\">Escuela de Jurados Hereford<\/strong>, organizada Hereford Argentina. La propuesta combin\u00f3 jornadas te\u00f3ricas en la sede de la Asociaci\u00f3n con una instancia pr\u00e1ctica en la <strong data-start=\"523\" data-end=\"580\">Estancia Santa Rita de Antiguas Estancias Don Roberto<\/strong> (Saladillo, Buenos Aires), ofreciendo a los asistentes una experiencia integral de formaci\u00f3n en evaluaci\u00f3n y selecci\u00f3n.<\/p>\n<h4 data-start=\"715\" data-end=\"753\" style=\"text-align: justify;\"><strong>Primer d\u00eda \u2013 Jueves 21 de agosto<\/strong><\/h4>\n<p data-start=\"754\" data-end=\"827\" style=\"text-align: justify;\">En la sede de la Asociaci\u00f3n se realizaron las siguientes disertaciones:<\/p>\n<ul style=\"text-align: justify;\">\n<li data-start=\"830\" data-end=\"899\"><strong data-start=\"830\" data-end=\"852\"> Carlos Ojea Rull\u00e1n<\/strong> \u2013 <em data-start=\"855\" data-end=\"897\">\u201cCrecimiento y jura de animales j\u00f3venes\u201d<\/em><\/li>\n<li data-start=\"902\" data-end=\"967\"><strong data-start=\"902\" data-end=\"928\"> Vet. Pablo Genoud<\/strong> \u2013 <em data-start=\"931\" data-end=\"965\">\u201cElementos anat\u00f3micos \u2013 Aplomos\u201d<\/em><\/li>\n<li data-start=\"970\" data-end=\"1034\"><strong data-start=\"970\" data-end=\"993\"> V\u00edctor Tonelli<\/strong> \u2013 <em data-start=\"996\" data-end=\"1032\">\u201cMercado interno y de exportaci\u00f3n\u201d<\/em><\/li>\n<li data-start=\"1037\" data-end=\"1110\"><strong data-start=\"1037\" data-end=\"1058\"> Mar\u00eda Calaf\u00e9<\/strong> \u2013 <em data-start=\"1061\" data-end=\"1108\">\u201cEvaluaci\u00f3n gen\u00e9tica y control de producci\u00f3n\u201d<\/em><\/li>\n<\/ul>\n<h4 data-start=\"1112\" data-end=\"1152\" style=\"text-align: justify;\"><strong>Segundo d\u00eda \u2013 Viernes 22 de agosto<\/strong><\/h4>\n<p data-start=\"1153\" data-end=\"1379\" style=\"text-align: justify;\">La segunda jornada se desarroll\u00f3 tambi\u00e9n en la sede de la Asociaci\u00f3n y cont\u00f3 con la presencia de <strong data-start=\"1250\" data-end=\"1312\">Alejandro de la Tour (h), presidente de Hereford Argentina<\/strong>, quien acompa\u00f1\u00f3 a los participantes. Los temas abordados fueron:<\/p>\n<ul style=\"text-align: justify;\">\n<li data-start=\"1382\" data-end=\"1461\"><strong data-start=\"1382\" data-end=\"1407\"> Juan Manuel Alo\u00e9<\/strong> \u2013 <em data-start=\"1410\" data-end=\"1459\">\u201cLa Asociaci\u00f3n y sus programas de mejoramiento\u201d<\/em><\/li>\n<li data-start=\"1464\" data-end=\"1580\"><strong data-start=\"1464\" data-end=\"1491\"> Santiago Bordaberry<\/strong> \u2013 <em data-start=\"1494\" data-end=\"1578\">\u201cVisi\u00f3n integral de jurado: atributos morfol\u00f3gicos, funcionales y manejo de pista\u201d<\/em><\/li>\n<li data-start=\"1583\" data-end=\"1672\"><strong data-start=\"1583\" data-end=\"1608\"> Horacio La Valle<\/strong> \u2013 <em data-start=\"1611\" data-end=\"1670\">\u201cJura y clasificaci\u00f3n: visi\u00f3n de un caba\u00f1ero y productor\u201d<\/em><\/li>\n<li data-start=\"1675\" data-end=\"1769\"><strong data-start=\"1675\" data-end=\"1724\"> Luis Barcos y Dr. Alberto Mart\u00ednez Alonso<\/strong> \u2013 <em data-start=\"1727\" data-end=\"1767\">\u201cComposici\u00f3n de la res \u2013 Tipificaci\u00f3n\u201d<\/em><\/li>\n<\/ul>\n<h4 data-start=\"1112\" data-end=\"1152\" style=\"text-align: justify;\"><strong>Tercer d\u00eda \u2013 S\u00e1bado 23 de agosto<\/strong><\/h4>\n<p data-start=\"1810\" data-end=\"1992\" style=\"text-align: justify;\">El cierre tuvo lugar en la <strong data-start=\"1837\" data-end=\"1920\">Estancia Santa Rita de Antiguas Estancias Don Roberto (Saladillo, Buenos Aires)<\/strong>, donde los alumnos participaron de actividades pr\u00e1cticas en el campo:<\/p>\n<ul style=\"text-align: justify;\">\n<li data-start=\"1995\" data-end=\"2081\"><strong data-start=\"1995\" data-end=\"2023\"> Hernando Grandolini<\/strong> \u2013 <em data-start=\"2026\" data-end=\"2079\">\u201cPr\u00e1ctica de selecci\u00f3n fenot\u00edpica de reproductores\u201d<\/em><\/li>\n<li data-start=\"2084\" data-end=\"2158\"><strong data-start=\"2084\" data-end=\"2111\"> Santiago Bordaberry<\/strong> \u2013 <em data-start=\"2114\" data-end=\"2156\">\u201cSeleccionando, ordenando y comunicando\u201d<\/em><\/li>\n<li data-start=\"2161\" data-end=\"2243\"><strong data-start=\"2161\" data-end=\"2186\">Juan Fern\u00e1ndez Brital<\/strong> \u2013 <em data-start=\"2189\" data-end=\"2241\">\u201cPreparaci\u00f3n y presentaci\u00f3n de animales de caba\u00f1a\u201d<\/em><\/li>\n<\/ul>\n<p data-start=\"2245\" data-end=\"2453\" style=\"text-align: justify;\">La jornada incluy\u00f3 adem\u00e1s una <strong data-start=\"2275\" data-end=\"2365\">instancia pr\u00e1ctica de juzgamiento y evaluaci\u00f3n de reproductores a cargo de los alumnos<\/strong>, y concluy\u00f3 con la <strong data-start=\"2385\" data-end=\"2430\">evaluaci\u00f3n final y la entrega de diplomas<\/strong> a los participantes.<\/p>\n<p data-start=\"2245\" data-end=\"2453\" style=\"text-align: justify;\"><strong>Ganadores<\/strong>: 1\u00b0 Alejo Tenaglia (1.743 pts), 2\u00b0 Gabriel Miguel Orsich (1.738 pts) y 3\u00b0 Nicolas Ferreyro (1.726 pts)<\/p>\n<p style=\"text-align: justify;\">La Escuela de Jurados Hereford volvi\u00f3 a consolidarse como un espacio de formaci\u00f3n de excelencia, con un programa que apuesta al desarrollo de <strong>habilidades t\u00e9cnicas, criterio productivo y visi\u00f3n gen\u00e9tica<\/strong>, reafirmando el compromiso de la Asociaci\u00f3n con la capacitaci\u00f3n y el fortalecimiento de la raza.<\/p>\n<p style=\"text-align: justify;\">Agradecemos especialmente a todos los disertantes por su valioso tiempo y conocimiento, a la <strong>Estancia Santa Rita de Antiguas Estancias Don Roberto<\/strong> por permitirnos realizar la instancia pr\u00e1ctica, y a los <strong>Coordinadores de la Escuela de Jurados<\/strong> (MV. Paula Rafaelli y Lic. Joaqu\u00edn Toledo) por su dedicaci\u00f3n en la organizaci\u00f3n de esta edici\u00f3n.<\/p>\n<p>[\/et_pb_text][et_pb_gallery gallery_ids=\u00bb4892,4893,4894,4895,4896,4943,4897,4898,4899,4900,4901,4902,4903,4904,4905,4906,4907,4908,4909,4910,4911,4912,4913,4914,4915,4916,4917,4918,4919,4920,4921,4941,4942,4944&#8243; show_title_and_caption=\u00bboff\u00bb _builder_version=\u00bb4.27.4&#8243; _module_preset=\u00bbdefault\u00bb global_colors_info=\u00bb{}\u00bb][\/et_pb_gallery][\/et_pb_column][\/et_pb_row][\/et_pb_section]<\/p>\n","protected":false},"excerpt":{"rendered":"<p>Se realiz\u00f3 una nueva edici\u00f3n&#8230;<\/p>\n","protected":false},"author":5,"featured_media":4890,"comment_status":"closed","ping_status":"open","sticky":false,"template":"","format":"standard","meta":{"_et_pb_use_builder":"on","_et_pb_old_content":"","_et_gb_content_width":"","site-sidebar-layout":"default","site-content-layout":"","ast-site-content-layout":"full-width-container","site-content-style":"default","site-sidebar-style":"default","ast-global-header-display":"","ast-banner-title-visibility":"","ast-main-header-display":"","ast-hfb-above-header-display":"","ast-hfb-below-header-display":"","ast-hfb-mobile-header-display":"","site-post-title":"","ast-breadcrumbs-content":"","ast-featured-img":"","footer-sml-layout":"","ast-disable-related-posts":"","theme-transparent-header-meta":"","adv-header-id-meta":"","stick-header-meta":"","header-above-stick-meta":"","header-main-stick-meta":"","header-below-stick-meta":"","astra-migrate-meta-layouts":"set","ast-page-background-enabled":"default","ast-page-background-meta":{"desktop":{"background-color":"var(--ast-global-color-4)","background-image":"","background-repeat":"repeat","background-position":"center center","background-size":"auto","background-attachment":"scroll","background-type":"","background-media":"","overlay-type":"","overlay-color":"","overlay-opacity":"","overlay-gradient":""},"tablet":{"background-color":"","background-image":"","background-repeat":"repeat","background-position":"center center","background-size":"auto","background-attachment":"scroll","background-type":"","background-media":"","overlay-type":"","overlay-color":"","overlay-opacity":"","overlay-gradient":""},"mobile":{"background-color":"","background-image":"","background-repeat":"repeat","background-position":"center center","background-size":"auto","background-attachment":"scroll","background-type":"","background-media":"","overlay-type":"","overlay-color":"","overlay-opacity":"","overlay-gradient":""}},"ast-content-background-meta":{"desktop":{"background-color":"var(--ast-global-color-5)","background-image":"","background-repeat":"repeat","background-position":"center center","background-size":"auto","background-attachment":"scroll","background-type":"","background-media":"","overlay-type":"","overlay-color":"","overlay-opacity":"","overlay-gradient":""},"tablet":{"background-color":"var(--ast-global-color-5)","background-image":"","background-repeat":"repeat","background-position":"center center","background-size":"auto","background-attachment":"scroll","background-type":"","background-media":"","overlay-type":"","overlay-color":"","overlay-opacity":"","overlay-gradient":""},"mobile":{"background-color":"var(--ast-global-color-5)","background-image":"","background-repeat":"repeat","background-position":"center center","background-size":"auto","background-attachment":"scroll","background-type":"","background-media":"","overlay-type":"","overlay-color":"","overlay-opacity":"","overlay-gradient":""}},"footnotes":""},"categories":[1],"tags":[],"class_list":["post-4888","post","type-post","status-publish","format-standard","has-post-thumbnail","hentry","category-uncategorized"],"_links":{"self":[{"href":"https:\/\/www.hereford.org.ar\/web\/wp-json\/wp\/v2\/posts\/4888","targetHints":{"allow":["GET"]}}],"collection":[{"href":"https:\/\/www.hereford.org.ar\/web\/wp-json\/wp\/v2\/posts"}],"about":[{"href":"https:\/\/www.hereford.org.ar\/web\/wp-json\/wp\/v2\/types\/post"}],"author":[{"embeddable":true,"href":"https:\/\/www.hereford.org.ar\/web\/wp-json\/wp\/v2\/users\/5"}],"replies":[{"embeddable":true,"href":"https:\/\/www.hereford.org.ar\/web\/wp-json\/wp\/v2\/comments?post=4888"}],"version-history":[{"count":6,"href":"https:\/\/www.hereford.org.ar\/web\/wp-json\/wp\/v2\/posts\/4888\/revisions"}],"predecessor-version":[{"id":5001,"href":"https:\/\/www.hereford.org.ar\/web\/wp-json\/wp\/v2\/posts\/4888\/revisions\/5001"}],"wp:featuredmedia":[{"embeddable":true,"href":"https:\/\/www.hereford.org.ar\/web\/wp-json\/wp\/v2\/media\/4890"}],"wp:attachment":[{"href":"https:\/\/www.hereford.org.ar\/web\/wp-json\/wp\/v2\/media?parent=4888"}],"wp:term":[{"taxonomy":"category","embeddable":true,"href":"https:\/\/www.hereford.org.ar\/web\/wp-json\/wp\/v2\/categories?post=4888"},{"taxonomy":"post_tag","embeddable":true,"href":"https:\/\/www.hereford.org.ar\/web\/wp-json\/wp\/v2\/tags?post=4888"}],"curies":[{"name":"wp","href":"https:\/\/api.w.org\/{rel}","templated":true}]}}