{"id":4851,"date":"2025-08-21T10:58:48","date_gmt":"2025-08-21T13:58:48","guid":{"rendered":"https:\/\/www.hereford.org.ar\/web\/?p=4851"},"modified":"2025-08-29T11:12:13","modified_gmt":"2025-08-29T14:12:13","slug":"participamos-en-la-exposicion-de-junin","status":"publish","type":"post","link":"https:\/\/www.hereford.org.ar\/web\/participamos-en-la-exposicion-de-junin\/","title":{"rendered":"Participamos en la Exposici\u00f3n de Jun\u00edn"},"content":{"rendered":"<p>[et_pb_section fb_built=\u00bb1&#8243; _builder_version=\u00bb4.27.4&#8243; _module_preset=\u00bbdefault\u00bb global_colors_info=\u00bb{}\u00bb][et_pb_row _builder_version=\u00bb4.27.4&#8243; _module_preset=\u00bbdefault\u00bb global_colors_info=\u00bb{}\u00bb][et_pb_column type=\u00bb4_4&#8243; _builder_version=\u00bb4.27.4&#8243; _module_preset=\u00bbdefault\u00bb global_colors_info=\u00bb{}\u00bb][et_pb_text _builder_version=\u00bb4.27.4&#8243; _module_preset=\u00bbdefault\u00bb text_font=\u00bb|700|||||||\u00bb text_font_size=\u00bb24px\u00bb header_text_align=\u00bbcenter\u00bb text_orientation=\u00bbcenter\u00bb custom_padding=\u00bb|8px||12px||\u00bb global_colors_info=\u00bb{}\u00bb]<\/p>\n<p style=\"text-align: center;\"><strong>Participamos en la Exposici\u00f3n de Jun\u00edn<\/strong><\/p>\n<p>[\/et_pb_text][\/et_pb_column][\/et_pb_row][et_pb_row _builder_version=\u00bb4.27.4&#8243; _module_preset=\u00bbdefault\u00bb global_colors_info=\u00bb{}\u00bb][et_pb_column type=\u00bb4_4&#8243; _builder_version=\u00bb4.27.4&#8243; _module_preset=\u00bbdefault\u00bb global_colors_info=\u00bb{}\u00bb][et_pb_image src=\u00bbhttps:\/\/www.hereford.org.ar\/web\/wp-content\/uploads\/2025\/08\/Foto-web-notas-700&#215;500-1.png\u00bb title_text=\u00bbFoto web notas 700&#215;500&#8243; _builder_version=\u00bb4.27.4&#8243; _module_preset=\u00bbdefault\u00bb width=\u00bb65%\u00bb max_width=\u00bb65%\u00bb module_alignment=\u00bbcenter\u00bb global_colors_info=\u00bb{}\u00bb][\/et_pb_image][\/et_pb_column][\/et_pb_row][et_pb_row _builder_version=\u00bb4.27.4&#8243; _module_preset=\u00bbdefault\u00bb global_colors_info=\u00bb{}\u00bb][et_pb_column type=\u00bb4_4&#8243; _builder_version=\u00bb4.27.4&#8243; _module_preset=\u00bbdefault\u00bb global_colors_info=\u00bb{}\u00bb][et_pb_text content_tablet=\u00bb<\/p>\n<p data-start=%22141%22 data-end=%22396%22 class=%22%22>Inici\u00f3 una nueva edici\u00f3n de la Prueba Pastoril Hereford en el campo del <strong>INTA Concepci\u00f3n del Uruguay<\/strong>, con el ingreso de <strong>121 animales<\/strong> provenientes de distintas caba\u00f1as. En este 4\u00b0 ciclo participan <strong>75 hembras y 46 machos<\/strong>, que llegaron en excelentes condiciones sanitarias y corporales.<\/p>\n<div class=%22%22 data-block=%22true%22 data-editor=%22e6nui%22 data-offset-key=%22bag3j-0-0%22>\n<div data-offset-key=%22bag3j-0-0%22 class=%22_1mf _1mj%22><span data-offset-key=%22bag3j-0-0%22> <\/span><\/div>\n<\/div>\n<div class=%22%22 data-block=%22true%22 data-editor=%22e6nui%22 data-offset-key=%2257iih-0-0%22>\n<div data-offset-key=%2257iih-0-0%22 class=%22_1mf _1mj%22><span data-offset-key=%2257iih-0-0%22>Seg\u00fan explic\u00f3 el <strong>Ing. Sebasti\u00e1n Vittone,<\/strong> Investigador del INTA Concepci\u00f3n del Uruguay y Coordinador de la Prueba Pastoril, los animales atraviesan inicialmente un protocolo sanitario desarrollado junto a Biog\u00e9nesis Bag\u00f3. Luego, tras 4 a 5 d\u00edas de adaptaci\u00f3n en corrales, se los divide por categor\u00eda y se inicia un primer per\u00edodo de 15 d\u00edas de pastoreo. Finalizada esta etapa, se realizan las mediciones de inicio de prueba: peso, altura, ecograf\u00eda y condici\u00f3n corporal, dando as\u00ed inicio a la competencia.<\/span><\/div>\n<\/div>\n<div class=%22%22 data-block=%22true%22 data-editor=%22e6nui%22 data-offset-key=%22236vf-0-0%22>\n<div data-offset-key=%22236vf-0-0%22 class=%22_1mf _1mj%22><span data-offset-key=%22236vf-0-0%22> <\/span><\/div>\n<\/div>\n<div class=%22%22 data-block=%22true%22 data-editor=%22e6nui%22 data-offset-key=%221i4ti-0-0%22>\n<div data-offset-key=%221i4ti-0-0%22 class=%22_1mf _1mj%22><span data-offset-key=%221i4ti-0-0%22>Se trata de una de las <strong>pruebas pastoriles m\u00e1s grandes de Sudam\u00e9rica<\/strong>, una instancia clave para evaluar el rendimiento productivo en condiciones reales de campo y seguir generando datos objetivos para el mejoramiento gen\u00e9tico de la raza.<\/span><\/div>\n<div data-offset-key=%221i4ti-0-0%22 class=%22_1mf _1mj%22><span data-offset-key=%221i4ti-0-0%22><\/span><\/div>\n<\/div>\n<p>\u00bb content_phone=\u00bb<\/p>\n<p>Del 15 al 18 de agosto de 2025, estuvimos presentes en la <strong>Sociedad Rural de Jun\u00edn<\/strong>, acompa\u00f1ando esta <strong>exposici\u00f3n patrocinada<\/strong>. Un encuentro marcado por la calidad de los animales presentados y su gen\u00e9tica, en un gran ambiente de camarader\u00eda entre productores, caba\u00f1as y p\u00fablico general<\/p>\n<p>La <strong>jura<\/strong> estuvo a cargo del <strong>Sr. Mart\u00edn Deym,<\/strong> <span>Director de Hereford Argentina y propietario de la Caba\u00f1a Laguna del Monte, <\/span>bajo el <strong>martillo de Paz Hermanos<\/strong>, en una jornada que puso en valor el trabajo de las caba\u00f1as participantes: <strong>Santo Domingo, Las Tres Hermanas, Aitonak, Escuela Agrot\u00e9cnica de Pergamino, La Reina y JB Caldenes.<\/strong><\/p>\n<p><strong>\ud83d\udccc Resultados de la jura<\/strong><br \/>\ud83e\udd47 Macho gran campe\u00f3n macho PP \u2013 Lote 90 \/ RP X 1043 \u2013 Estancia y Caba\u00f1a Santo Domingo<br \/>\ud83e\udd47 Hembra gran campeona PP \u2013 Lote 89 \/ RP X 1122 \u2013 Estancia y Caba\u00f1a Santo Domingo<br \/>\ud83e\udd47 Gran campe\u00f3n macho individual \u2013 Lote 93 \/ RP T322 \u2013 Las Tres Hermanas de Flia. Reynoso<br \/>\ud83e\udd48 Reservado campe\u00f3n macho individual \u2013 Lote 85 \/ RP 473 \u2013 Escuela Agrot\u00e9cnica de Pergamino<br \/>\ud83e\udd47 Lote gran campe\u00f3n macho \u2013 Lote 85 \u2013 Escuela Agrot\u00e9cnica de Pergamino<br \/>\ud83e\udd48 Lote reservado campe\u00f3n macho \u2013 Lote 86 \u2013 Caba\u00f1a La Reina de Nancy Rubio<br \/>\ud83e\udd47 Lote gran campe\u00f3n hembra \u2013 Lote 80 \u2013 Estancia y Caba\u00f1a Santo Domingo<br \/>\ud83e\udd48 Lote reservado campe\u00f3n hembra \u2013 Lote 81 \u2013 Caba\u00f1a Aitonak de Germ\u00e1n Gardien<\/p>\n<p><strong>Agradecemos a las autoridades y miembros de la Zonal Bonaerense Norte y de la Sociedad Rural de Jun\u00edn por acompa\u00f1ar y participar de esta Expo.<\/strong><\/p>\n<div class=%22%22 data-block=%22true%22 data-editor=%22e6nui%22 data-offset-key=%221i4ti-0-0%22>\n<div data-offset-key=%221i4ti-0-0%22 class=%22_1mf _1mj%22><\/div>\n<\/div>\n<div class=%22%22 data-block=%22true%22 data-editor=%22e6nui%22 data-offset-key=%221i4ti-0-0%22>\n<div data-offset-key=%221i4ti-0-0%22 class=%22_1mf _1mj%22><\/div>\n<\/div>\n<div class=%22%22 data-block=%22true%22 data-editor=%22e6nui%22 data-offset-key=%221i4ti-0-0%22>\n<div data-offset-key=%221i4ti-0-0%22 class=%22_1mf _1mj%22><span data-offset-key=%221i4ti-0-0%22><\/span><\/div>\n<\/div>\n<p>\u00bb content_last_edited=\u00bbon|phone\u00bb _builder_version=\u00bb4.27.4&#8243; _module_preset=\u00bbdefault\u00bb custom_padding=\u00bb|16px||16px||\u00bb hover_enabled=\u00bb0&#8243; global_colors_info=\u00bb{}\u00bb sticky_enabled=\u00bb0&#8243;]<\/p>\n<p>Del 15 al 18 de agosto de 2025, estuvimos presentes en la <strong>Sociedad Rural de Jun\u00edn<\/strong>, acompa\u00f1ando esta <strong>exposici\u00f3n patrocinada<\/strong>. Un encuentro marcado por la calidad de los animales presentados y su gen\u00e9tica, en un gran ambiente de camarader\u00eda entre productores, caba\u00f1as y p\u00fablico general<\/p>\n<p>La <strong>jura<\/strong> estuvo a cargo del <strong>Sr. Mart\u00edn Deym,<\/strong> <span>Director de Hereford Argentina y propietario de la Caba\u00f1a Laguna del Monte, <\/span>bajo el <strong>martillo de Paz Hermanos<\/strong>, en una jornada que puso en valor el trabajo de las caba\u00f1as participantes: <strong>Santo Domingo, Las Tres Hermanas, Aitonak, Escuela Agrot\u00e9cnica de Pergamino, La Reina y JB Caldenes.<\/strong><\/p>\n<p><strong>\ud83d\udccc Resultados de la jura<\/strong><br \/>\ud83e\udd47 Macho gran campe\u00f3n macho PP \u2013 Lote 90 \/ RP X 1043 \u2013 Estancia y Caba\u00f1a Santo Domingo<br \/>\ud83e\udd47 Hembra gran campeona PP \u2013 Lote 89 \/ RP X 1122 \u2013 Estancia y Caba\u00f1a Santo Domingo<br \/>\ud83e\udd47 Gran campe\u00f3n macho individual \u2013 Lote 93 \/ RP T322 \u2013 Las Tres Hermanas de Flia. Reynoso<br \/>\ud83e\udd48 Reservado campe\u00f3n macho individual \u2013 Lote 85 \/ RP 473 \u2013 Escuela Agrot\u00e9cnica de Pergamino<br \/>\ud83e\udd47 Lote gran campe\u00f3n macho \u2013 Lote 85 \u2013 Escuela Agrot\u00e9cnica de Pergamino<br \/>\ud83e\udd48 Lote reservado campe\u00f3n macho \u2013 Lote 86 \u2013 Caba\u00f1a La Reina de Nancy Rubio<br \/>\ud83e\udd47 Lote gran campe\u00f3n hembra \u2013 Lote 80 \u2013 Estancia y Caba\u00f1a Santo Domingo<br \/>\ud83e\udd48 Lote reservado campe\u00f3n hembra \u2013 Lote 81 \u2013 Caba\u00f1a Aitonak de Germ\u00e1n Gardien<\/p>\n<p><strong>Agradecemos a las autoridades y miembros de la Zonal Bonaerense Norte y de la Sociedad Rural de Jun\u00edn por acompa\u00f1ar y participar de esta Expo.<\/strong><\/p>\n<p>[\/et_pb_text][et_pb_gallery gallery_ids=\u00bb4856,4857,4858,4859,4860,4861,4862,4863,4864,4865,4866&#8243; show_title_and_caption=\u00bboff\u00bb _builder_version=\u00bb4.27.4&#8243; _module_preset=\u00bbdefault\u00bb global_colors_info=\u00bb{}\u00bb][\/et_pb_gallery][\/et_pb_column][\/et_pb_row][\/et_pb_section]<\/p>\n","protected":false},"excerpt":{"rendered":"<p>Participamos en la&#8230;<\/p>\n","protected":false},"author":5,"featured_media":4853,"comment_status":"closed","ping_status":"open","sticky":false,"template":"","format":"standard","meta":{"_et_pb_use_builder":"on","_et_pb_old_content":"","_et_gb_content_width":"","site-sidebar-layout":"default","site-content-layout":"","ast-site-content-layout":"full-width-container","site-content-style":"default","site-sidebar-style":"default","ast-global-header-display":"","ast-banner-title-visibility":"","ast-main-header-display":"","ast-hfb-above-header-display":"","ast-hfb-below-header-display":"","ast-hfb-mobile-header-display":"","site-post-title":"","ast-breadcrumbs-content":"","ast-featured-img":"","footer-sml-layout":"","ast-disable-related-posts":"","theme-transparent-header-meta":"","adv-header-id-meta":"","stick-header-meta":"","header-above-stick-meta":"","header-main-stick-meta":"","header-below-stick-meta":"","astra-migrate-meta-layouts":"set","ast-page-background-enabled":"default","ast-page-background-meta":{"desktop":{"background-color":"var(--ast-global-color-4)","background-image":"","background-repeat":"repeat","background-position":"center center","background-size":"auto","background-attachment":"scroll","background-type":"","background-media":"","overlay-type":"","overlay-color":"","overlay-opacity":"","overlay-gradient":""},"tablet":{"background-color":"","background-image":"","background-repeat":"repeat","background-position":"center center","background-size":"auto","background-attachment":"scroll","background-type":"","background-media":"","overlay-type":"","overlay-color":"","overlay-opacity":"","overlay-gradient":""},"mobile":{"background-color":"","background-image":"","background-repeat":"repeat","background-position":"center center","background-size":"auto","background-attachment":"scroll","background-type":"","background-media":"","overlay-type":"","overlay-color":"","overlay-opacity":"","overlay-gradient":""}},"ast-content-background-meta":{"desktop":{"background-color":"var(--ast-global-color-5)","background-image":"","background-repeat":"repeat","background-position":"center center","background-size":"auto","background-attachment":"scroll","background-type":"","background-media":"","overlay-type":"","overlay-color":"","overlay-opacity":"","overlay-gradient":""},"tablet":{"background-color":"var(--ast-global-color-5)","background-image":"","background-repeat":"repeat","background-position":"center center","background-size":"auto","background-attachment":"scroll","background-type":"","background-media":"","overlay-type":"","overlay-color":"","overlay-opacity":"","overlay-gradient":""},"mobile":{"background-color":"var(--ast-global-color-5)","background-image":"","background-repeat":"repeat","background-position":"center center","background-size":"auto","background-attachment":"scroll","background-type":"","background-media":"","overlay-type":"","overlay-color":"","overlay-opacity":"","overlay-gradient":""}},"footnotes":""},"categories":[1],"tags":[],"class_list":["post-4851","post","type-post","status-publish","format-standard","has-post-thumbnail","hentry","category-uncategorized"],"_links":{"self":[{"href":"https:\/\/www.hereford.org.ar\/web\/wp-json\/wp\/v2\/posts\/4851","targetHints":{"allow":["GET"]}}],"collection":[{"href":"https:\/\/www.hereford.org.ar\/web\/wp-json\/wp\/v2\/posts"}],"about":[{"href":"https:\/\/www.hereford.org.ar\/web\/wp-json\/wp\/v2\/types\/post"}],"author":[{"embeddable":true,"href":"https:\/\/www.hereford.org.ar\/web\/wp-json\/wp\/v2\/users\/5"}],"replies":[{"embeddable":true,"href":"https:\/\/www.hereford.org.ar\/web\/wp-json\/wp\/v2\/comments?post=4851"}],"version-history":[{"count":4,"href":"https:\/\/www.hereford.org.ar\/web\/wp-json\/wp\/v2\/posts\/4851\/revisions"}],"predecessor-version":[{"id":4999,"href":"https:\/\/www.hereford.org.ar\/web\/wp-json\/wp\/v2\/posts\/4851\/revisions\/4999"}],"wp:featuredmedia":[{"embeddable":true,"href":"https:\/\/www.hereford.org.ar\/web\/wp-json\/wp\/v2\/media\/4853"}],"wp:attachment":[{"href":"https:\/\/www.hereford.org.ar\/web\/wp-json\/wp\/v2\/media?parent=4851"}],"wp:term":[{"taxonomy":"category","embeddable":true,"href":"https:\/\/www.hereford.org.ar\/web\/wp-json\/wp\/v2\/categories?post=4851"},{"taxonomy":"post_tag","embeddable":true,"href":"https:\/\/www.hereford.org.ar\/web\/wp-json\/wp\/v2\/tags?post=4851"}],"curies":[{"name":"wp","href":"https:\/\/api.w.org\/{rel}","templated":true}]}}