{"id":4664,"date":"2025-08-11T16:15:08","date_gmt":"2025-08-11T19:15:08","guid":{"rendered":"https:\/\/www.hereford.org.ar\/web\/?p=4664"},"modified":"2025-08-14T16:16:19","modified_gmt":"2025-08-14T19:16:19","slug":"hereford-argentina-participo-en-la-9-semana-de-la-ensenanza-agropecuaria-en-gualeguaychu","status":"publish","type":"post","link":"https:\/\/www.hereford.org.ar\/web\/hereford-argentina-participo-en-la-9-semana-de-la-ensenanza-agropecuaria-en-gualeguaychu\/","title":{"rendered":"Hereford Argentina particip\u00f3 en la 9\u00b0 Semana de la Ense\u00f1anza Agropecuaria en Gualeguaych\u00fa"},"content":{"rendered":"<p>[et_pb_section fb_built=\u00bb1&#8243; _builder_version=\u00bb4.27.4&#8243; _module_preset=\u00bbdefault\u00bb global_colors_info=\u00bb{}\u00bb][et_pb_row _builder_version=\u00bb4.27.4&#8243; _module_preset=\u00bbdefault\u00bb global_colors_info=\u00bb{}\u00bb][et_pb_column type=\u00bb4_4&#8243; _builder_version=\u00bb4.27.4&#8243; _module_preset=\u00bbdefault\u00bb global_colors_info=\u00bb{}\u00bb][et_pb_text _builder_version=\u00bb4.27.4&#8243; _module_preset=\u00bbdefault\u00bb text_font=\u00bb|700|||||||\u00bb text_font_size=\u00bb24px\u00bb header_text_align=\u00bbcenter\u00bb text_orientation=\u00bbcenter\u00bb custom_padding=\u00bb|8px||12px||\u00bb global_colors_info=\u00bb{}\u00bb]<\/p>\n<p style=\"text-align: center;\"><strong>Hereford Argentina particip\u00f3 en la 9\u00b0 Semana de la Ense\u00f1anza Agropecuaria en Gualeguaych\u00fa<\/strong><\/p>\n<p>[\/et_pb_text][\/et_pb_column][\/et_pb_row][et_pb_row _builder_version=\u00bb4.27.4&#8243; _module_preset=\u00bbdefault\u00bb global_colors_info=\u00bb{}\u00bb][et_pb_column type=\u00bb4_4&#8243; _builder_version=\u00bb4.27.4&#8243; _module_preset=\u00bbdefault\u00bb global_colors_info=\u00bb{}\u00bb][et_pb_image src=\u00bbhttps:\/\/www.hereford.org.ar\/web\/wp-content\/uploads\/2025\/08\/Foto-web-notas-700&#215;500-4.png\u00bb title_text=\u00bbFoto web notas 700&#215;500 (4)\u00bb _builder_version=\u00bb4.27.4&#8243; _module_preset=\u00bbdefault\u00bb width=\u00bb65%\u00bb max_width=\u00bb65%\u00bb module_alignment=\u00bbcenter\u00bb global_colors_info=\u00bb{}\u00bb][\/et_pb_image][\/et_pb_column][\/et_pb_row][et_pb_row _builder_version=\u00bb4.27.4&#8243; _module_preset=\u00bbdefault\u00bb global_colors_info=\u00bb{}\u00bb][et_pb_column type=\u00bb4_4&#8243; _builder_version=\u00bb4.27.4&#8243; _module_preset=\u00bbdefault\u00bb global_colors_info=\u00bb{}\u00bb][et_pb_text content_tablet=\u00bb<\/p>\n<p data-start=%22141%22 data-end=%22396%22 class=%22%22>Inici\u00f3 una nueva edici\u00f3n de la Prueba Pastoril Hereford en el campo del <strong>INTA Concepci\u00f3n del Uruguay<\/strong>, con el ingreso de <strong>121 animales<\/strong> provenientes de distintas caba\u00f1as. En este 4\u00b0 ciclo participan <strong>75 hembras y 46 machos<\/strong>, que llegaron en excelentes condiciones sanitarias y corporales.<\/p>\n<div class=%22%22 data-block=%22true%22 data-editor=%22e6nui%22 data-offset-key=%22bag3j-0-0%22>\n<div data-offset-key=%22bag3j-0-0%22 class=%22_1mf _1mj%22><span data-offset-key=%22bag3j-0-0%22> <\/span><\/div>\n<\/div>\n<div class=%22%22 data-block=%22true%22 data-editor=%22e6nui%22 data-offset-key=%2257iih-0-0%22>\n<div data-offset-key=%2257iih-0-0%22 class=%22_1mf _1mj%22><span data-offset-key=%2257iih-0-0%22>Seg\u00fan explic\u00f3 el <strong>Ing. Sebasti\u00e1n Vittone,<\/strong> Investigador del INTA Concepci\u00f3n del Uruguay y Coordinador de la Prueba Pastoril, los animales atraviesan inicialmente un protocolo sanitario desarrollado junto a Biog\u00e9nesis Bag\u00f3. Luego, tras 4 a 5 d\u00edas de adaptaci\u00f3n en corrales, se los divide por categor\u00eda y se inicia un primer per\u00edodo de 15 d\u00edas de pastoreo. Finalizada esta etapa, se realizan las mediciones de inicio de prueba: peso, altura, ecograf\u00eda y condici\u00f3n corporal, dando as\u00ed inicio a la competencia.<\/span><\/div>\n<\/div>\n<div class=%22%22 data-block=%22true%22 data-editor=%22e6nui%22 data-offset-key=%22236vf-0-0%22>\n<div data-offset-key=%22236vf-0-0%22 class=%22_1mf _1mj%22><span data-offset-key=%22236vf-0-0%22> <\/span><\/div>\n<\/div>\n<div class=%22%22 data-block=%22true%22 data-editor=%22e6nui%22 data-offset-key=%221i4ti-0-0%22>\n<div data-offset-key=%221i4ti-0-0%22 class=%22_1mf _1mj%22><span data-offset-key=%221i4ti-0-0%22>Se trata de una de las <strong>pruebas pastoriles m\u00e1s grandes de Sudam\u00e9rica<\/strong>, una instancia clave para evaluar el rendimiento productivo en condiciones reales de campo y seguir generando datos objetivos para el mejoramiento gen\u00e9tico de la raza.<\/span><\/div>\n<div data-offset-key=%221i4ti-0-0%22 class=%22_1mf _1mj%22><span data-offset-key=%221i4ti-0-0%22><\/span><\/div>\n<\/div>\n<p>\u00bb content_phone=\u00bb<\/p>\n<p>El viernes 8 de agosto, en la ciudad de Gualeguaych\u00fa, Entre R\u00edos, Hereford Argentina particip\u00f3 de la <strong>9\u00b0 Semana de la Ense\u00f1anza Agropecuaria, realizada en el Instituto Agrot\u00e9cnico.<\/strong><\/p>\n<p>En este marco, nuestro Director Ejecutivo, Lic. Juan Manuel Alo\u00e9, brind\u00f3 una charla a alumnos y miembros de la comunidad educativa titulada \u201c<strong>El aporte de la Asociaci\u00f3n Argentina Criadores de Hereford a la ganader\u00eda nacional\u201d<\/strong>. Durante su exposici\u00f3n, se abordaron temas como la historia y caracter\u00edsticas de la raza, as\u00ed como su contribuci\u00f3n al mejoramiento gen\u00e9tico y al desarrollo de la ganader\u00eda argentina.<\/p>\n<p>La Semana de la Ense\u00f1anza Agropecuaria se celebra en todo el pa\u00eds con el objetivo de poner en valor el rol estrat\u00e9gico de la educaci\u00f3n en el \u00e1mbito rural, como pilar fundamental para el desarrollo sostenible de las comunidades y el fortalecimiento del sector productivo. En Gualeguaych\u00fa, donde la actividad agropecuaria tiene un fuerte arraigo, esta conmemoraci\u00f3n represent\u00f3 una oportunidad para visibilizar el compromiso de docentes, estudiantes y familias con la formaci\u00f3n t\u00e9cnica, la innovaci\u00f3n y el arraigo territorial.<\/p>\n<div class=%22%22 data-block=%22true%22 data-editor=%22e6nui%22 data-offset-key=%221i4ti-0-0%22>\n<div data-offset-key=%221i4ti-0-0%22 class=%22_1mf _1mj%22><\/div>\n<\/div>\n<div class=%22%22 data-block=%22true%22 data-editor=%22e6nui%22 data-offset-key=%221i4ti-0-0%22>\n<div data-offset-key=%221i4ti-0-0%22 class=%22_1mf _1mj%22><\/div>\n<\/div>\n<div class=%22%22 data-block=%22true%22 data-editor=%22e6nui%22 data-offset-key=%221i4ti-0-0%22>\n<div data-offset-key=%221i4ti-0-0%22 class=%22_1mf _1mj%22><span data-offset-key=%221i4ti-0-0%22><\/span><\/div>\n<\/div>\n<p>\u00bb content_last_edited=\u00bbon|desktop\u00bb _builder_version=\u00bb4.27.4&#8243; _module_preset=\u00bbdefault\u00bb custom_padding=\u00bb|16px||16px||\u00bb global_colors_info=\u00bb{}\u00bb]<\/p>\n<p>El viernes 8 de agosto, en la ciudad de Gualeguaych\u00fa, Entre R\u00edos, Hereford Argentina particip\u00f3 de la <strong>9\u00b0 Semana de la Ense\u00f1anza Agropecuaria, realizada en el Instituto Agrot\u00e9cnico.<\/strong><\/p>\n<p>En este marco, nuestro Director Ejecutivo, Lic. Juan Manuel Alo\u00e9, brind\u00f3 una charla a alumnos y miembros de la comunidad educativa titulada \u201c<strong>El aporte de la Asociaci\u00f3n Argentina Criadores de Hereford a la ganader\u00eda nacional\u201d<\/strong>. Durante su exposici\u00f3n, se abordaron temas como la historia y caracter\u00edsticas de la raza, as\u00ed como su contribuci\u00f3n al mejoramiento gen\u00e9tico y al desarrollo de la ganader\u00eda argentina.<\/p>\n<p>La Semana de la Ense\u00f1anza Agropecuaria se celebra en todo el pa\u00eds con el objetivo de poner en valor el rol estrat\u00e9gico de la educaci\u00f3n en el \u00e1mbito rural, como pilar fundamental para el desarrollo sostenible de las comunidades y el fortalecimiento del sector productivo. En Gualeguaych\u00fa, donde la actividad agropecuaria tiene un fuerte arraigo, esta conmemoraci\u00f3n represent\u00f3 una oportunidad para visibilizar el compromiso de docentes, estudiantes y familias con la formaci\u00f3n t\u00e9cnica, la innovaci\u00f3n y el arraigo territorial.<\/p>\n<p>[\/et_pb_text][et_pb_gallery _builder_version=\u00bb4.27.4&#8243; _module_preset=\u00bbdefault\u00bb gallery_ids=\u00bb4668,4791&#8243; show_title_and_caption=\u00bboff\u00bb hover_enabled=\u00bb0&#8243; sticky_enabled=\u00bb0&#8243;][\/et_pb_gallery][\/et_pb_column][\/et_pb_row][\/et_pb_section]<\/p>\n","protected":false},"excerpt":{"rendered":"<p>Hereford Argentina particip\u00f3&#8230;<\/p>\n","protected":false},"author":5,"featured_media":4669,"comment_status":"closed","ping_status":"open","sticky":false,"template":"","format":"standard","meta":{"_et_pb_use_builder":"on","_et_pb_old_content":"","_et_gb_content_width":"","site-sidebar-layout":"default","site-content-layout":"","ast-site-content-layout":"full-width-container","site-content-style":"default","site-sidebar-style":"default","ast-global-header-display":"","ast-banner-title-visibility":"","ast-main-header-display":"","ast-hfb-above-header-display":"","ast-hfb-below-header-display":"","ast-hfb-mobile-header-display":"","site-post-title":"","ast-breadcrumbs-content":"","ast-featured-img":"","footer-sml-layout":"","ast-disable-related-posts":"","theme-transparent-header-meta":"","adv-header-id-meta":"","stick-header-meta":"","header-above-stick-meta":"","header-main-stick-meta":"","header-below-stick-meta":"","astra-migrate-meta-layouts":"set","ast-page-background-enabled":"default","ast-page-background-meta":{"desktop":{"background-color":"var(--ast-global-color-4)","background-image":"","background-repeat":"repeat","background-position":"center center","background-size":"auto","background-attachment":"scroll","background-type":"","background-media":"","overlay-type":"","overlay-color":"","overlay-opacity":"","overlay-gradient":""},"tablet":{"background-color":"","background-image":"","background-repeat":"repeat","background-position":"center center","background-size":"auto","background-attachment":"scroll","background-type":"","background-media":"","overlay-type":"","overlay-color":"","overlay-opacity":"","overlay-gradient":""},"mobile":{"background-color":"","background-image":"","background-repeat":"repeat","background-position":"center center","background-size":"auto","background-attachment":"scroll","background-type":"","background-media":"","overlay-type":"","overlay-color":"","overlay-opacity":"","overlay-gradient":""}},"ast-content-background-meta":{"desktop":{"background-color":"var(--ast-global-color-5)","background-image":"","background-repeat":"repeat","background-position":"center center","background-size":"auto","background-attachment":"scroll","background-type":"","background-media":"","overlay-type":"","overlay-color":"","overlay-opacity":"","overlay-gradient":""},"tablet":{"background-color":"var(--ast-global-color-5)","background-image":"","background-repeat":"repeat","background-position":"center center","background-size":"auto","background-attachment":"scroll","background-type":"","background-media":"","overlay-type":"","overlay-color":"","overlay-opacity":"","overlay-gradient":""},"mobile":{"background-color":"var(--ast-global-color-5)","background-image":"","background-repeat":"repeat","background-position":"center center","background-size":"auto","background-attachment":"scroll","background-type":"","background-media":"","overlay-type":"","overlay-color":"","overlay-opacity":"","overlay-gradient":""}},"footnotes":""},"categories":[1],"tags":[],"class_list":["post-4664","post","type-post","status-publish","format-standard","has-post-thumbnail","hentry","category-uncategorized"],"_links":{"self":[{"href":"https:\/\/www.hereford.org.ar\/web\/wp-json\/wp\/v2\/posts\/4664","targetHints":{"allow":["GET"]}}],"collection":[{"href":"https:\/\/www.hereford.org.ar\/web\/wp-json\/wp\/v2\/posts"}],"about":[{"href":"https:\/\/www.hereford.org.ar\/web\/wp-json\/wp\/v2\/types\/post"}],"author":[{"embeddable":true,"href":"https:\/\/www.hereford.org.ar\/web\/wp-json\/wp\/v2\/users\/5"}],"replies":[{"embeddable":true,"href":"https:\/\/www.hereford.org.ar\/web\/wp-json\/wp\/v2\/comments?post=4664"}],"version-history":[{"count":5,"href":"https:\/\/www.hereford.org.ar\/web\/wp-json\/wp\/v2\/posts\/4664\/revisions"}],"predecessor-version":[{"id":4792,"href":"https:\/\/www.hereford.org.ar\/web\/wp-json\/wp\/v2\/posts\/4664\/revisions\/4792"}],"wp:featuredmedia":[{"embeddable":true,"href":"https:\/\/www.hereford.org.ar\/web\/wp-json\/wp\/v2\/media\/4669"}],"wp:attachment":[{"href":"https:\/\/www.hereford.org.ar\/web\/wp-json\/wp\/v2\/media?parent=4664"}],"wp:term":[{"taxonomy":"category","embeddable":true,"href":"https:\/\/www.hereford.org.ar\/web\/wp-json\/wp\/v2\/categories?post=4664"},{"taxonomy":"post_tag","embeddable":true,"href":"https:\/\/www.hereford.org.ar\/web\/wp-json\/wp\/v2\/tags?post=4664"}],"curies":[{"name":"wp","href":"https:\/\/api.w.org\/{rel}","templated":true}]}}