{"id":4141,"date":"2025-07-01T15:56:49","date_gmt":"2025-07-01T18:56:49","guid":{"rendered":"https:\/\/www.hereford.org.ar\/web\/?p=4141"},"modified":"2025-07-01T16:12:56","modified_gmt":"2025-07-01T19:12:56","slug":"avanza-la-8-prueba-a-campo-de-hereford-centro-oeste-con-su-2-jura-fenotipica","status":"publish","type":"post","link":"https:\/\/www.hereford.org.ar\/web\/avanza-la-8-prueba-a-campo-de-hereford-centro-oeste-con-su-2-jura-fenotipica\/","title":{"rendered":"Avanza la 8\u00b0 Prueba a Campo de Hereford Centro Oeste con su 2\u00b0 Jura Fenot\u00edpica"},"content":{"rendered":"<p>[et_pb_section fb_built=\u00bb1&#8243; _builder_version=\u00bb4.27.4&#8243; _module_preset=\u00bbdefault\u00bb global_colors_info=\u00bb{}\u00bb][et_pb_row _builder_version=\u00bb4.27.4&#8243; _module_preset=\u00bbdefault\u00bb global_colors_info=\u00bb{}\u00bb][et_pb_column type=\u00bb4_4&#8243; _builder_version=\u00bb4.27.4&#8243; _module_preset=\u00bbdefault\u00bb global_colors_info=\u00bb{}\u00bb][et_pb_text _builder_version=\u00bb4.27.4&#8243; _module_preset=\u00bbdefault\u00bb text_font=\u00bb|700|||||||\u00bb text_font_size=\u00bb24px\u00bb header_text_align=\u00bbcenter\u00bb text_orientation=\u00bbcenter\u00bb custom_padding=\u00bb|8px||12px||\u00bb global_colors_info=\u00bb{}\u00bb]<\/p>\n<p style=\"text-align: center;\"><strong>Avanza la 8\u00b0 Prueba a Campo de Hereford Centro Oeste con su 2\u00b0 Jura Fenot\u00edpica<\/strong><\/p>\n<p>[\/et_pb_text][\/et_pb_column][\/et_pb_row][et_pb_row _builder_version=\u00bb4.27.4&#8243; _module_preset=\u00bbdefault\u00bb global_colors_info=\u00bb{}\u00bb][et_pb_column type=\u00bb4_4&#8243; _builder_version=\u00bb4.27.4&#8243; _module_preset=\u00bbdefault\u00bb global_colors_info=\u00bb{}\u00bb][et_pb_image src=\u00bbhttps:\/\/www.hereford.org.ar\/web\/wp-content\/uploads\/2025\/07\/Foto-web-notas-700&#215;500-2.png\u00bb title_text=\u00bbFoto web notas 700&#215;500 (2)\u00bb _builder_version=\u00bb4.27.4&#8243; _module_preset=\u00bbdefault\u00bb width=\u00bb78%\u00bb module_alignment=\u00bbcenter\u00bb global_colors_info=\u00bb{}\u00bb][\/et_pb_image][\/et_pb_column][\/et_pb_row][et_pb_row _builder_version=\u00bb4.27.4&#8243; _module_preset=\u00bbdefault\u00bb global_colors_info=\u00bb{}\u00bb][et_pb_column type=\u00bb4_4&#8243; _builder_version=\u00bb4.27.4&#8243; _module_preset=\u00bbdefault\u00bb global_colors_info=\u00bb{}\u00bb][et_pb_text content_tablet=\u00bb<\/p>\n<p data-start=%22141%22 data-end=%22396%22 class=%22%22>Inici\u00f3 una nueva edici\u00f3n de la Prueba Pastoril Hereford en el campo del <strong>INTA Concepci\u00f3n del Uruguay<\/strong>, con el ingreso de <strong>121 animales<\/strong> provenientes de distintas caba\u00f1as. En este 4\u00b0 ciclo participan <strong>75 hembras y 46 machos<\/strong>, que llegaron en excelentes condiciones sanitarias y corporales.<\/p>\n<div class=%22%22 data-block=%22true%22 data-editor=%22e6nui%22 data-offset-key=%22bag3j-0-0%22>\n<div data-offset-key=%22bag3j-0-0%22 class=%22_1mf _1mj%22><span data-offset-key=%22bag3j-0-0%22> <\/span><\/div>\n<\/div>\n<div class=%22%22 data-block=%22true%22 data-editor=%22e6nui%22 data-offset-key=%2257iih-0-0%22>\n<div data-offset-key=%2257iih-0-0%22 class=%22_1mf _1mj%22><span data-offset-key=%2257iih-0-0%22>Seg\u00fan explic\u00f3 el <strong>Ing. Sebasti\u00e1n Vittone,<\/strong> Investigador del INTA Concepci\u00f3n del Uruguay y Coordinador de la Prueba Pastoril, los animales atraviesan inicialmente un protocolo sanitario desarrollado junto a Biog\u00e9nesis Bag\u00f3. Luego, tras 4 a 5 d\u00edas de adaptaci\u00f3n en corrales, se los divide por categor\u00eda y se inicia un primer per\u00edodo de 15 d\u00edas de pastoreo. Finalizada esta etapa, se realizan las mediciones de inicio de prueba: peso, altura, ecograf\u00eda y condici\u00f3n corporal, dando as\u00ed inicio a la competencia.<\/span><\/div>\n<\/div>\n<div class=%22%22 data-block=%22true%22 data-editor=%22e6nui%22 data-offset-key=%22236vf-0-0%22>\n<div data-offset-key=%22236vf-0-0%22 class=%22_1mf _1mj%22><span data-offset-key=%22236vf-0-0%22> <\/span><\/div>\n<\/div>\n<div class=%22%22 data-block=%22true%22 data-editor=%22e6nui%22 data-offset-key=%221i4ti-0-0%22>\n<div data-offset-key=%221i4ti-0-0%22 class=%22_1mf _1mj%22><span data-offset-key=%221i4ti-0-0%22>Se trata de una de las <strong>pruebas pastoriles m\u00e1s grandes de Sudam\u00e9rica<\/strong>, una instancia clave para evaluar el rendimiento productivo en condiciones reales de campo y seguir generando datos objetivos para el mejoramiento gen\u00e9tico de la raza.<\/span><\/div>\n<div data-offset-key=%221i4ti-0-0%22 class=%22_1mf _1mj%22><span data-offset-key=%221i4ti-0-0%22><\/span><\/div>\n<\/div>\n<p>\u00bb content_phone=\u00bb<\/p>\n<p>El mi\u00e9rcoles 25 de junio se llev\u00f3 a cabo la <strong>segunda Jura Fenot\u00edpica en el marco de la 8\u00b0 Prueba a Campo de la Zonal Hereford Centro Oeste<\/strong>, una iniciativa que crece a\u00f1o a a\u00f1o en calidad y participaci\u00f3n.<\/p>\n<p>La jornada se desarroll\u00f3 en la Estaci\u00f3n Zoot\u00e9cnica Santa Julia perteneciente a la <strong>Universidad Cat\u00f3lica de C\u00f3rdoba<\/strong>. Participaron <strong>9 caba\u00f1as y se evaluaron 20 toros provenientes de diferentes establecimientos de la regi\u00f3n.<\/strong><\/p>\n<p>Durante el encuentro, se realiz\u00f3 la presentaci\u00f3n de la nueva Comisi\u00f3n de la Zonal Centro Oeste y se comparti\u00f3 un espacio de di\u00e1logo entre criadores, destacando el avance sostenido que ha tenido el biotipo presentado en la prueba.<\/p>\n<p>%22Desde la primera edici\u00f3n hasta hoy se ha logrado mayor uniformidad y competitividad entre los animales%22, se\u00f1alaron desde la zonal. La jornada incluy\u00f3 la <strong>jura a cargo del Sr. Jos\u00e9 M. Morrogh Bernard<\/strong> y finaliz\u00f3 con un almuerzo de camarader\u00eda entre productores, autoridades e invitados especiales.<\/p>\n<p>La tercera y \u00faltima jura fenot\u00edpica se realizar\u00e1 en el mes de agosto, donde se definir\u00e1n los resultados finales de esta octava edici\u00f3n.<\/p>\n<p>Desde Hereford Argentina celebramos este tipo de actividades que reafirman el trabajo zonal, el compromiso con la mejora gen\u00e9tica y el fortalecimiento del v\u00ednculo entre criadores.<\/p>\n<div class=%22%22 data-block=%22true%22 data-editor=%22e6nui%22 data-offset-key=%221i4ti-0-0%22>\n<div data-offset-key=%221i4ti-0-0%22 class=%22_1mf _1mj%22><\/div>\n<\/div>\n<div class=%22%22 data-block=%22true%22 data-editor=%22e6nui%22 data-offset-key=%221i4ti-0-0%22>\n<div data-offset-key=%221i4ti-0-0%22 class=%22_1mf _1mj%22><span data-offset-key=%221i4ti-0-0%22><\/span><\/div>\n<\/div>\n<p>\u00bb content_last_edited=\u00bbon|phone\u00bb _builder_version=\u00bb4.27.4&#8243; _module_preset=\u00bbdefault\u00bb custom_padding=\u00bb|16px||16px||\u00bb hover_enabled=\u00bb0&#8243; global_colors_info=\u00bb{}\u00bb sticky_enabled=\u00bb0&#8243;]<\/p>\n<p>El mi\u00e9rcoles 25 de junio se llev\u00f3 a cabo la <strong>segunda Jura Fenot\u00edpica en el marco de la 8\u00b0 Prueba a Campo de la Zonal Hereford Centro Oeste<\/strong>, una iniciativa que crece a\u00f1o a a\u00f1o en calidad y participaci\u00f3n.<\/p>\n<p>La jornada se desarroll\u00f3 en la Estaci\u00f3n Zoot\u00e9cnica Santa Julia perteneciente a la <strong>Universidad Cat\u00f3lica de C\u00f3rdoba<\/strong>. Participaron <strong>9 caba\u00f1as y se evaluaron 20 toros provenientes de diferentes establecimientos de la regi\u00f3n.<\/strong><\/p>\n<p>Durante el encuentro, se realiz\u00f3 la presentaci\u00f3n de la nueva Comisi\u00f3n de la Zonal Centro Oeste y se comparti\u00f3 un espacio de di\u00e1logo entre criadores, destacando el avance sostenido que ha tenido el biotipo presentado en la prueba.<\/p>\n<p>\u00abDesde la primera edici\u00f3n hasta hoy se ha logrado mayor uniformidad y competitividad entre los animales\u00bb, se\u00f1alaron desde la zonal. La jornada incluy\u00f3 la <strong>jura a cargo del Sr. Jos\u00e9 M. Morrogh Bernard<\/strong> y finaliz\u00f3 con un almuerzo de camarader\u00eda entre productores, autoridades e invitados especiales.<\/p>\n<p>La tercera y \u00faltima jura fenot\u00edpica se realizar\u00e1 en el mes de agosto, donde se definir\u00e1n los resultados finales de esta octava edici\u00f3n.<\/p>\n<p>Desde Hereford Argentina celebramos este tipo de actividades que reafirman el trabajo zonal, el compromiso con la mejora gen\u00e9tica y el fortalecimiento del v\u00ednculo entre criadores.<\/p>\n<div class=\"\" data-block=\"true\" data-editor=\"e6nui\" data-offset-key=\"1i4ti-0-0\">\n<div data-offset-key=\"1i4ti-0-0\" class=\"_1mf _1mj\"><span data-offset-key=\"1i4ti-0-0\"><\/span><\/div>\n<\/div>\n<p>[\/et_pb_text][et_pb_gallery gallery_ids=\u00bb4149,4147,4148,4146&#8243; posts_number=\u00bb6&#8243; show_title_and_caption=\u00bboff\u00bb _builder_version=\u00bb4.27.4&#8243; _module_preset=\u00bbdefault\u00bb global_colors_info=\u00bb{}\u00bb][\/et_pb_gallery][\/et_pb_column][\/et_pb_row][\/et_pb_section]<\/p>\n","protected":false},"excerpt":{"rendered":"<p>Avanza la 8\u00b0 Prueba a Campo&#8230;<\/p>\n","protected":false},"author":5,"featured_media":4143,"comment_status":"closed","ping_status":"open","sticky":false,"template":"","format":"standard","meta":{"_et_pb_use_builder":"on","_et_pb_old_content":"","_et_gb_content_width":"","site-sidebar-layout":"default","site-content-layout":"","ast-site-content-layout":"default","site-content-style":"default","site-sidebar-style":"default","ast-global-header-display":"","ast-banner-title-visibility":"","ast-main-header-display":"","ast-hfb-above-header-display":"","ast-hfb-below-header-display":"","ast-hfb-mobile-header-display":"","site-post-title":"","ast-breadcrumbs-content":"","ast-featured-img":"","footer-sml-layout":"","ast-disable-related-posts":"","theme-transparent-header-meta":"","adv-header-id-meta":"","stick-header-meta":"","header-above-stick-meta":"","header-main-stick-meta":"","header-below-stick-meta":"","astra-migrate-meta-layouts":"set","ast-page-background-enabled":"default","ast-page-background-meta":{"desktop":{"background-color":"var(--ast-global-color-4)","background-image":"","background-repeat":"repeat","background-position":"center center","background-size":"auto","background-attachment":"scroll","background-type":"","background-media":"","overlay-type":"","overlay-color":"","overlay-opacity":"","overlay-gradient":""},"tablet":{"background-color":"","background-image":"","background-repeat":"repeat","background-position":"center center","background-size":"auto","background-attachment":"scroll","background-type":"","background-media":"","overlay-type":"","overlay-color":"","overlay-opacity":"","overlay-gradient":""},"mobile":{"background-color":"","background-image":"","background-repeat":"repeat","background-position":"center center","background-size":"auto","background-attachment":"scroll","background-type":"","background-media":"","overlay-type":"","overlay-color":"","overlay-opacity":"","overlay-gradient":""}},"ast-content-background-meta":{"desktop":{"background-color":"var(--ast-global-color-5)","background-image":"","background-repeat":"repeat","background-position":"center center","background-size":"auto","background-attachment":"scroll","background-type":"","background-media":"","overlay-type":"","overlay-color":"","overlay-opacity":"","overlay-gradient":""},"tablet":{"background-color":"var(--ast-global-color-5)","background-image":"","background-repeat":"repeat","background-position":"center center","background-size":"auto","background-attachment":"scroll","background-type":"","background-media":"","overlay-type":"","overlay-color":"","overlay-opacity":"","overlay-gradient":""},"mobile":{"background-color":"var(--ast-global-color-5)","background-image":"","background-repeat":"repeat","background-position":"center center","background-size":"auto","background-attachment":"scroll","background-type":"","background-media":"","overlay-type":"","overlay-color":"","overlay-opacity":"","overlay-gradient":""}},"footnotes":""},"categories":[1],"tags":[],"class_list":["post-4141","post","type-post","status-publish","format-standard","has-post-thumbnail","hentry","category-uncategorized"],"_links":{"self":[{"href":"https:\/\/www.hereford.org.ar\/web\/wp-json\/wp\/v2\/posts\/4141","targetHints":{"allow":["GET"]}}],"collection":[{"href":"https:\/\/www.hereford.org.ar\/web\/wp-json\/wp\/v2\/posts"}],"about":[{"href":"https:\/\/www.hereford.org.ar\/web\/wp-json\/wp\/v2\/types\/post"}],"author":[{"embeddable":true,"href":"https:\/\/www.hereford.org.ar\/web\/wp-json\/wp\/v2\/users\/5"}],"replies":[{"embeddable":true,"href":"https:\/\/www.hereford.org.ar\/web\/wp-json\/wp\/v2\/comments?post=4141"}],"version-history":[{"count":7,"href":"https:\/\/www.hereford.org.ar\/web\/wp-json\/wp\/v2\/posts\/4141\/revisions"}],"predecessor-version":[{"id":4154,"href":"https:\/\/www.hereford.org.ar\/web\/wp-json\/wp\/v2\/posts\/4141\/revisions\/4154"}],"wp:featuredmedia":[{"embeddable":true,"href":"https:\/\/www.hereford.org.ar\/web\/wp-json\/wp\/v2\/media\/4143"}],"wp:attachment":[{"href":"https:\/\/www.hereford.org.ar\/web\/wp-json\/wp\/v2\/media?parent=4141"}],"wp:term":[{"taxonomy":"category","embeddable":true,"href":"https:\/\/www.hereford.org.ar\/web\/wp-json\/wp\/v2\/categories?post=4141"},{"taxonomy":"post_tag","embeddable":true,"href":"https:\/\/www.hereford.org.ar\/web\/wp-json\/wp\/v2\/tags?post=4141"}],"curies":[{"name":"wp","href":"https:\/\/api.w.org\/{rel}","templated":true}]}}