{"id":4108,"date":"2025-06-30T13:54:34","date_gmt":"2025-06-30T16:54:34","guid":{"rendered":"https:\/\/www.hereford.org.ar\/web\/?p=4108"},"modified":"2025-06-30T14:19:15","modified_gmt":"2025-06-30T17:19:15","slug":"finalizo-la-quinta-prueba-pastoril-hereford-bonaerense-con-la-tercera-jura-fenotipica","status":"publish","type":"post","link":"https:\/\/www.hereford.org.ar\/web\/finalizo-la-quinta-prueba-pastoril-hereford-bonaerense-con-la-tercera-jura-fenotipica\/","title":{"rendered":"Finaliz\u00f3 la Quinta Prueba Pastoril Hereford Bonaerense con la Tercera Jura Fenot\u00edpica"},"content":{"rendered":"<p>[et_pb_section fb_built=\u00bb1&#8243; _builder_version=\u00bb4.27.4&#8243; _module_preset=\u00bbdefault\u00bb global_colors_info=\u00bb{}\u00bb theme_builder_area=\u00bbpost_content\u00bb][et_pb_row _builder_version=\u00bb4.27.4&#8243; _module_preset=\u00bbdefault\u00bb global_colors_info=\u00bb{}\u00bb theme_builder_area=\u00bbpost_content\u00bb][et_pb_column type=\u00bb4_4&#8243; _builder_version=\u00bb4.27.4&#8243; _module_preset=\u00bbdefault\u00bb global_colors_info=\u00bb{}\u00bb theme_builder_area=\u00bbpost_content\u00bb][et_pb_text _builder_version=\u00bb4.27.4&#8243; _module_preset=\u00bbdefault\u00bb text_font=\u00bb|700|||||||\u00bb text_font_size=\u00bb24px\u00bb header_text_align=\u00bbcenter\u00bb text_orientation=\u00bbcenter\u00bb custom_padding=\u00bb|8px||12px||\u00bb hover_enabled=\u00bb0&#8243; global_colors_info=\u00bb{}\u00bb theme_builder_area=\u00bbpost_content\u00bb sticky_enabled=\u00bb0&#8243;]<\/p>\n<p style=\"text-align: center;\"><strong>Finaliz\u00f3 la Quinta Prueba Pastoril Hereford Bonaerense con la Tercera Jura Fenot\u00edpica<\/strong><\/p>\n<p>[\/et_pb_text][\/et_pb_column][\/et_pb_row][et_pb_row _builder_version=\u00bb4.27.4&#8243; _module_preset=\u00bbdefault\u00bb global_colors_info=\u00bb{}\u00bb theme_builder_area=\u00bbpost_content\u00bb][et_pb_column type=\u00bb4_4&#8243; _builder_version=\u00bb4.27.4&#8243; _module_preset=\u00bbdefault\u00bb global_colors_info=\u00bb{}\u00bb theme_builder_area=\u00bbpost_content\u00bb][et_pb_image src=\u00bbhttps:\/\/www.hereford.org.ar\/web\/wp-content\/uploads\/2025\/06\/Foto-web-notas-700&#215;500-1-4.png\u00bb title_text=\u00bbFoto web notas 700&#215;500 (1)\u00bb _builder_version=\u00bb4.27.4&#8243; _module_preset=\u00bbdefault\u00bb width=\u00bb78%\u00bb module_alignment=\u00bbcenter\u00bb hover_enabled=\u00bb0&#8243; global_colors_info=\u00bb{}\u00bb theme_builder_area=\u00bbpost_content\u00bb sticky_enabled=\u00bb0&#8243;][\/et_pb_image][\/et_pb_column][\/et_pb_row][et_pb_row _builder_version=\u00bb4.27.4&#8243; _module_preset=\u00bbdefault\u00bb global_colors_info=\u00bb{}\u00bb theme_builder_area=\u00bbpost_content\u00bb][et_pb_column type=\u00bb4_4&#8243; _builder_version=\u00bb4.27.4&#8243; _module_preset=\u00bbdefault\u00bb global_colors_info=\u00bb{}\u00bb theme_builder_area=\u00bbpost_content\u00bb][et_pb_text content_tablet=\u00bb<\/p>\n<p data-start=%22141%22 data-end=%22396%22 class=%22%22>Inici\u00f3 una nueva edici\u00f3n de la Prueba Pastoril Hereford en el campo del <strong>INTA Concepci\u00f3n del Uruguay<\/strong>, con el ingreso de <strong>121 animales<\/strong> provenientes de distintas caba\u00f1as. En este 4\u00b0 ciclo participan <strong>75 hembras y 46 machos<\/strong>, que llegaron en excelentes condiciones sanitarias y corporales.<\/p>\n<div class=%22%22 data-block=%22true%22 data-editor=%22e6nui%22 data-offset-key=%22bag3j-0-0%22>\n<div data-offset-key=%22bag3j-0-0%22 class=%22_1mf _1mj%22><span data-offset-key=%22bag3j-0-0%22> <\/span><\/div>\n<\/div>\n<div class=%22%22 data-block=%22true%22 data-editor=%22e6nui%22 data-offset-key=%2257iih-0-0%22>\n<div data-offset-key=%2257iih-0-0%22 class=%22_1mf _1mj%22><span data-offset-key=%2257iih-0-0%22>Seg\u00fan explic\u00f3 el <strong>Ing. Sebasti\u00e1n Vittone,<\/strong> Investigador del INTA Concepci\u00f3n del Uruguay y Coordinador de la Prueba Pastoril, los animales atraviesan inicialmente un protocolo sanitario desarrollado junto a Biog\u00e9nesis Bag\u00f3. Luego, tras 4 a 5 d\u00edas de adaptaci\u00f3n en corrales, se los divide por categor\u00eda y se inicia un primer per\u00edodo de 15 d\u00edas de pastoreo. Finalizada esta etapa, se realizan las mediciones de inicio de prueba: peso, altura, ecograf\u00eda y condici\u00f3n corporal, dando as\u00ed inicio a la competencia.<\/span><\/div>\n<\/div>\n<div class=%22%22 data-block=%22true%22 data-editor=%22e6nui%22 data-offset-key=%22236vf-0-0%22>\n<div data-offset-key=%22236vf-0-0%22 class=%22_1mf _1mj%22><span data-offset-key=%22236vf-0-0%22> <\/span><\/div>\n<\/div>\n<div class=%22%22 data-block=%22true%22 data-editor=%22e6nui%22 data-offset-key=%221i4ti-0-0%22>\n<div data-offset-key=%221i4ti-0-0%22 class=%22_1mf _1mj%22><span data-offset-key=%221i4ti-0-0%22>Se trata de una de las <strong>pruebas pastoriles m\u00e1s grandes de Sudam\u00e9rica<\/strong>, una instancia clave para evaluar el rendimiento productivo en condiciones reales de campo y seguir generando datos objetivos para el mejoramiento gen\u00e9tico de la raza.<\/span><\/div>\n<div data-offset-key=%221i4ti-0-0%22 class=%22_1mf _1mj%22><span data-offset-key=%221i4ti-0-0%22><\/span><\/div>\n<\/div>\n<p>\u00bb content_phone=\u00bb<\/p>\n<p>Con una jornada a campo que combin\u00f3 t\u00e9cnica, gen\u00e9tica y camarader\u00eda, el jueves 26 de junio concluy\u00f3 la<strong> 5\u00b0 Prueba Pastoril Hereford Bonaerense<\/strong>, organizada por la <strong>Zonal Bonaerense Sudeste<\/strong>, con la realizaci\u00f3n de la <strong>3\u00b0 Jura Fenot\u00edpica<\/strong> y la presentaci\u00f3n de los resultados finales del programa.<\/p>\n<p>Desarrollada por segunda vez en <strong>Caba\u00f1a La Camila<\/strong>, de Fernando Castillo, esta edici\u00f3n cont\u00f3 con la participaci\u00f3n de <strong>34 toros<\/strong> provenientes de distintas caba\u00f1as de la provincia de Buenos Aires. Los animales fueron evaluados <strong>durante 10 meses bajo condiciones de alimentaci\u00f3n pastoril<\/strong>, manejo y tratamiento sanitario homog\u00e9neos, lo que garantiza la comparabilidad entre ejemplares.<\/p>\n<p>Durante la prueba, los toros fueron sometidos a dos juras fenot\u00edpicas previas y se les realizaron mediciones objetivas de peso vivo, calidad de carcasa y an\u00e1lisis de semen. Todos estos datos se integran en un \u00edndice t\u00e9cnico que permite <strong>rankear y clasificar a los animales<\/strong>, determinando as\u00ed su desempe\u00f1o y potencial gen\u00e9tico.<\/p>\n<p>La jura final estuvo a cargo del reconocido jurado<strong> Sr. Carlos Ojea Rull\u00e1n<\/strong> y fue transmitida en vivo a trav\u00e9s del canal de streaming ClicRural, que colabor\u00f3 con la difusi\u00f3n del evento. La jornada tambi\u00e9n incluy\u00f3 un ciclo de charlas t\u00e9cnicas y cerr\u00f3 con un almuerzo de camarader\u00eda con carnes Hereford.<\/p>\n<p>Las charlas fueron:<\/p>\n<p>\u2022 \u201cSarna en bovinos\u201d \u2013 M.V. Horacio Pessi<br \/>\u2022 \u201cAn\u00e1lisis de semen\u201d \u2013 M.V. Mart\u00edn Urbizu<br \/>\u2022 \u201cPrueba Pastoril, \u00edndices y mediciones\u201d \u2013 M.V. Mart\u00edn Jensen<br \/>\u2022 \u201cLa clave est\u00e1 en el equilibrio\u201d \u2013 Sr. Carlos Ojea Rull\u00e1n<\/p>\n<p>La <strong>evaluaci\u00f3n final<\/strong> permiti\u00f3 identificar al toro ganador de la prueba, que fue marcado como \u201cToro Mejorador de Rodeo\u201d, equivalente a una categor\u00eda S\/, y definir el lote superior (50% de los animales evaluados), que ser\u00e1 parte de un <strong>remate especial previsto para el mes de agosto.<\/strong><\/p>\n<p>Desde Hereford Argentina felicitamos a todos los participantes por el compromiso sostenido a lo largo del a\u00f1o y agradecemos especialmente a la Zonal Bonaerense Sudeste por llevar adelante esta iniciativa que promueve gen\u00e9tica de precisi\u00f3n, evaluaci\u00f3n objetiva y mejora continua.<\/p>\n<p>&nbsp;<\/p>\n<p>&nbsp;<\/p>\n<div class=%22%22 data-block=%22true%22 data-editor=%22e6nui%22 data-offset-key=%221i4ti-0-0%22>\n<div data-offset-key=%221i4ti-0-0%22 class=%22_1mf _1mj%22><\/div>\n<\/div>\n<div class=%22%22 data-block=%22true%22 data-editor=%22e6nui%22 data-offset-key=%221i4ti-0-0%22>\n<div data-offset-key=%221i4ti-0-0%22 class=%22_1mf _1mj%22><span data-offset-key=%221i4ti-0-0%22><\/span><\/div>\n<\/div>\n<p>\u00bb content_last_edited=\u00bbon|desktop\u00bb _builder_version=\u00bb4.27.4&#8243; _module_preset=\u00bbdefault\u00bb custom_padding=\u00bb|16px||16px||\u00bb hover_enabled=\u00bb0&#8243; global_colors_info=\u00bb{}\u00bb theme_builder_area=\u00bbpost_content\u00bb sticky_enabled=\u00bb0&#8243;]<\/p>\n<p>Con una jornada a campo que combin\u00f3 t\u00e9cnica, gen\u00e9tica y camarader\u00eda, el jueves 26 de junio concluy\u00f3 la<strong> 5\u00b0 Prueba Pastoril Hereford Bonaerense<\/strong>, organizada por la <strong>Zonal Bonaerense Sudeste<\/strong>, con la realizaci\u00f3n de la <strong>3\u00b0 Jura Fenot\u00edpica<\/strong> y la presentaci\u00f3n de los resultados finales del programa.<\/p>\n<p>Desarrollada por segunda vez en <strong>Caba\u00f1a La Camila<\/strong>, de Fernando Castillo, esta edici\u00f3n cont\u00f3 con la participaci\u00f3n de <strong>34 toros<\/strong> provenientes de distintas caba\u00f1as de la provincia de Buenos Aires. Los animales fueron evaluados <strong>durante 10 meses bajo condiciones de alimentaci\u00f3n pastoril<\/strong>, manejo y tratamiento sanitario homog\u00e9neos, lo que garantiza la comparabilidad entre ejemplares.<\/p>\n<p>Durante la prueba, los toros fueron sometidos a dos juras fenot\u00edpicas previas y se les realizaron mediciones objetivas de peso vivo, calidad de carcasa y an\u00e1lisis de semen. Todos estos datos se integran en un \u00edndice t\u00e9cnico que permite <strong>rankear y clasificar a los animales<\/strong>, determinando as\u00ed su desempe\u00f1o y potencial gen\u00e9tico.<\/p>\n<p>La jura final estuvo a cargo del reconocido jurado<strong> Sr. Carlos Ojea Rull\u00e1n<\/strong> y fue transmitida en vivo a trav\u00e9s del canal de streaming ClicRural, que colabor\u00f3 con la difusi\u00f3n del evento. La jornada tambi\u00e9n incluy\u00f3 un ciclo de charlas t\u00e9cnicas y cerr\u00f3 con un almuerzo de camarader\u00eda con carnes Hereford.<\/p>\n<p>Las charlas fueron:<\/p>\n<p>\u2022 \u201cSarna en bovinos\u201d \u2013 M.V. Horacio Pessi<br \/>\u2022 \u201cAn\u00e1lisis de semen\u201d \u2013 M.V. Mart\u00edn Urbizu<br \/>\u2022 \u201cPrueba Pastoril, \u00edndices y mediciones\u201d \u2013 M.V. Mart\u00edn Jensen<br \/>\u2022 \u201cLa clave est\u00e1 en el equilibrio\u201d \u2013 Sr. Carlos Ojea Rull\u00e1n<\/p>\n<p>La <strong>evaluaci\u00f3n final<\/strong> permiti\u00f3 identificar al toro ganador de la prueba, que fue marcado como \u201cToro Mejorador de Rodeo\u201d, equivalente a una categor\u00eda S\/, y definir el lote superior (50% de los animales evaluados), que ser\u00e1 parte de un <strong>remate especial previsto para el mes de agosto.<\/strong><\/p>\n<p>Desde Hereford Argentina felicitamos a todos los participantes por el compromiso sostenido a lo largo del a\u00f1o y agradecemos especialmente a la Zonal Bonaerense Sudeste por llevar adelante esta iniciativa que promueve gen\u00e9tica de precisi\u00f3n, evaluaci\u00f3n objetiva y mejora continua.<\/p>\n<p>&nbsp;<\/p>\n<div class=\"\" data-block=\"true\" data-editor=\"e6nui\" data-offset-key=\"1i4ti-0-0\">\n<div data-offset-key=\"1i4ti-0-0\" class=\"_1mf _1mj\"><\/div>\n<\/div>\n<div class=\"\" data-block=\"true\" data-editor=\"e6nui\" data-offset-key=\"1i4ti-0-0\">\n<div data-offset-key=\"1i4ti-0-0\" class=\"_1mf _1mj\"><span data-offset-key=\"1i4ti-0-0\"><\/span><\/div>\n<\/div>\n<p>[\/et_pb_text][et_pb_gallery _builder_version=\u00bb4.27.4&#8243; _module_preset=\u00bbdefault\u00bb theme_builder_area=\u00bbpost_content\u00bb hover_enabled=\u00bb0&#8243; sticky_enabled=\u00bb0&#8243; gallery_ids=\u00bb4129,4113,4128,4127,4126,4125,4124,4123,4122,4121,4120,4119,4118,4114,4117,4112,4116,4115,4110&#8243; posts_number=\u00bb6&#8243; show_title_and_caption=\u00bboff\u00bb][\/et_pb_gallery][\/et_pb_column][\/et_pb_row][\/et_pb_section]<\/p>\n","protected":false},"excerpt":{"rendered":"<p>Finaliz\u00f3 la Quinta Prueba&#8230;<\/p>\n","protected":false},"author":5,"featured_media":4110,"comment_status":"closed","ping_status":"open","sticky":false,"template":"","format":"standard","meta":{"_et_pb_use_builder":"on","_et_pb_old_content":"","_et_gb_content_width":"","site-sidebar-layout":"default","site-content-layout":"","ast-site-content-layout":"default","site-content-style":"default","site-sidebar-style":"default","ast-global-header-display":"","ast-banner-title-visibility":"","ast-main-header-display":"","ast-hfb-above-header-display":"","ast-hfb-below-header-display":"","ast-hfb-mobile-header-display":"","site-post-title":"","ast-breadcrumbs-content":"","ast-featured-img":"","footer-sml-layout":"","ast-disable-related-posts":"","theme-transparent-header-meta":"","adv-header-id-meta":"","stick-header-meta":"","header-above-stick-meta":"","header-main-stick-meta":"","header-below-stick-meta":"","astra-migrate-meta-layouts":"set","ast-page-background-enabled":"default","ast-page-background-meta":{"desktop":{"background-color":"var(--ast-global-color-4)","background-image":"","background-repeat":"repeat","background-position":"center center","background-size":"auto","background-attachment":"scroll","background-type":"","background-media":"","overlay-type":"","overlay-color":"","overlay-opacity":"","overlay-gradient":""},"tablet":{"background-color":"","background-image":"","background-repeat":"repeat","background-position":"center center","background-size":"auto","background-attachment":"scroll","background-type":"","background-media":"","overlay-type":"","overlay-color":"","overlay-opacity":"","overlay-gradient":""},"mobile":{"background-color":"","background-image":"","background-repeat":"repeat","background-position":"center center","background-size":"auto","background-attachment":"scroll","background-type":"","background-media":"","overlay-type":"","overlay-color":"","overlay-opacity":"","overlay-gradient":""}},"ast-content-background-meta":{"desktop":{"background-color":"var(--ast-global-color-5)","background-image":"","background-repeat":"repeat","background-position":"center center","background-size":"auto","background-attachment":"scroll","background-type":"","background-media":"","overlay-type":"","overlay-color":"","overlay-opacity":"","overlay-gradient":""},"tablet":{"background-color":"var(--ast-global-color-5)","background-image":"","background-repeat":"repeat","background-position":"center center","background-size":"auto","background-attachment":"scroll","background-type":"","background-media":"","overlay-type":"","overlay-color":"","overlay-opacity":"","overlay-gradient":""},"mobile":{"background-color":"var(--ast-global-color-5)","background-image":"","background-repeat":"repeat","background-position":"center center","background-size":"auto","background-attachment":"scroll","background-type":"","background-media":"","overlay-type":"","overlay-color":"","overlay-opacity":"","overlay-gradient":""}},"footnotes":""},"categories":[1],"tags":[],"class_list":["post-4108","post","type-post","status-publish","format-standard","has-post-thumbnail","hentry","category-uncategorized"],"_links":{"self":[{"href":"https:\/\/www.hereford.org.ar\/web\/wp-json\/wp\/v2\/posts\/4108","targetHints":{"allow":["GET"]}}],"collection":[{"href":"https:\/\/www.hereford.org.ar\/web\/wp-json\/wp\/v2\/posts"}],"about":[{"href":"https:\/\/www.hereford.org.ar\/web\/wp-json\/wp\/v2\/types\/post"}],"author":[{"embeddable":true,"href":"https:\/\/www.hereford.org.ar\/web\/wp-json\/wp\/v2\/users\/5"}],"replies":[{"embeddable":true,"href":"https:\/\/www.hereford.org.ar\/web\/wp-json\/wp\/v2\/comments?post=4108"}],"version-history":[{"count":5,"href":"https:\/\/www.hereford.org.ar\/web\/wp-json\/wp\/v2\/posts\/4108\/revisions"}],"predecessor-version":[{"id":4132,"href":"https:\/\/www.hereford.org.ar\/web\/wp-json\/wp\/v2\/posts\/4108\/revisions\/4132"}],"wp:featuredmedia":[{"embeddable":true,"href":"https:\/\/www.hereford.org.ar\/web\/wp-json\/wp\/v2\/media\/4110"}],"wp:attachment":[{"href":"https:\/\/www.hereford.org.ar\/web\/wp-json\/wp\/v2\/media?parent=4108"}],"wp:term":[{"taxonomy":"category","embeddable":true,"href":"https:\/\/www.hereford.org.ar\/web\/wp-json\/wp\/v2\/categories?post=4108"},{"taxonomy":"post_tag","embeddable":true,"href":"https:\/\/www.hereford.org.ar\/web\/wp-json\/wp\/v2\/tags?post=4108"}],"curies":[{"name":"wp","href":"https:\/\/api.w.org\/{rel}","templated":true}]}}