{"id":4015,"date":"2025-06-24T14:14:06","date_gmt":"2025-06-24T17:14:06","guid":{"rendered":"https:\/\/www.hereford.org.ar\/web\/?p=4015"},"modified":"2025-06-24T15:54:30","modified_gmt":"2025-06-24T18:54:30","slug":"misiones-rurales-argentina-sumate-al-programa-de-becas","status":"publish","type":"post","link":"https:\/\/www.hereford.org.ar\/web\/misiones-rurales-argentina-sumate-al-programa-de-becas\/","title":{"rendered":"Misiones Rurales Argentina: S\u00famate al Programa de Becas"},"content":{"rendered":"<p>[et_pb_section fb_built=\u00bb1&#8243; _builder_version=\u00bb4.27.4&#8243; _module_preset=\u00bbdefault\u00bb global_colors_info=\u00bb{}\u00bb theme_builder_area=\u00bbpost_content\u00bb][et_pb_row _builder_version=\u00bb4.27.4&#8243; _module_preset=\u00bbdefault\u00bb global_colors_info=\u00bb{}\u00bb theme_builder_area=\u00bbpost_content\u00bb][et_pb_column type=\u00bb4_4&#8243; _builder_version=\u00bb4.27.4&#8243; _module_preset=\u00bbdefault\u00bb global_colors_info=\u00bb{}\u00bb theme_builder_area=\u00bbpost_content\u00bb][et_pb_text _builder_version=\u00bb4.27.4&#8243; _module_preset=\u00bbdefault\u00bb text_font=\u00bb|700|||||||\u00bb text_font_size=\u00bb24px\u00bb header_text_align=\u00bbcenter\u00bb text_orientation=\u00bbcenter\u00bb custom_padding=\u00bb|8px||12px||\u00bb hover_enabled=\u00bb0&#8243; global_colors_info=\u00bb{}\u00bb theme_builder_area=\u00bbpost_content\u00bb sticky_enabled=\u00bb0&#8243;]<\/p>\n<p style=\"text-align: center;\"><b><span>Hereford Solidario<\/span><\/b><\/p>\n<p>[\/et_pb_text][et_pb_text _builder_version=\u00bb4.27.4&#8243; _module_preset=\u00bbdefault\u00bb text_font=\u00bb|700|||||||\u00bb text_font_size=\u00bb24px\u00bb header_text_align=\u00bbcenter\u00bb text_orientation=\u00bbcenter\u00bb custom_padding=\u00bb|8px||12px||\u00bb hover_enabled=\u00bb0&#8243; global_colors_info=\u00bb{}\u00bb theme_builder_area=\u00bbpost_content\u00bb sticky_enabled=\u00bb0&#8243;]<\/p>\n<p style=\"text-align: center;\"><b><span>Misiones Rurales Argentina: S\u00famate al Programa de Becas<\/span><\/b><\/p>\n<p>[\/et_pb_text][\/et_pb_column][\/et_pb_row][et_pb_row _builder_version=\u00bb4.27.4&#8243; _module_preset=\u00bbdefault\u00bb global_colors_info=\u00bb{}\u00bb theme_builder_area=\u00bbpost_content\u00bb][et_pb_column type=\u00bb4_4&#8243; _builder_version=\u00bb4.27.4&#8243; _module_preset=\u00bbdefault\u00bb global_colors_info=\u00bb{}\u00bb theme_builder_area=\u00bbpost_content\u00bb][et_pb_image src=\u00bbhttps:\/\/www.hereford.org.ar\/web\/wp-content\/uploads\/2025\/06\/Slider-NotiHereford-Mail-arriba-1-1.png\u00bb title_text=\u00bbSlider &#8211; NotiHereford Mail (arriba) (1)\u00bb _builder_version=\u00bb4.27.4&#8243; _module_preset=\u00bbdefault\u00bb width=\u00bb78%\u00bb module_alignment=\u00bbcenter\u00bb hover_enabled=\u00bb0&#8243; global_colors_info=\u00bb{}\u00bb theme_builder_area=\u00bbpost_content\u00bb sticky_enabled=\u00bb0&#8243;][\/et_pb_image][\/et_pb_column][\/et_pb_row][et_pb_row _builder_version=\u00bb4.27.4&#8243; _module_preset=\u00bbdefault\u00bb global_colors_info=\u00bb{}\u00bb theme_builder_area=\u00bbpost_content\u00bb][et_pb_column type=\u00bb4_4&#8243; _builder_version=\u00bb4.27.4&#8243; _module_preset=\u00bbdefault\u00bb global_colors_info=\u00bb{}\u00bb theme_builder_area=\u00bbpost_content\u00bb][et_pb_image src=\u00bbhttps:\/\/www.hereford.org.ar\/web\/wp-content\/uploads\/2025\/06\/misiones-rurales-argentinas-celebrara-sus-85-anos-AiDg.jpg\u00bb _builder_version=\u00bb4.27.4&#8243; _module_preset=\u00bbdefault\u00bb theme_builder_area=\u00bbpost_content\u00bb title_text=\u00bbmisiones-rurales-argentinas-celebrara-sus-85-anos-AiDg\u00bb width=\u00bb30%\u00bb max_width=\u00bb27%\u00bb module_alignment=\u00bbcenter\u00bb hover_enabled=\u00bb0&#8243; sticky_enabled=\u00bb0&#8243;][\/et_pb_image][et_pb_text content_tablet=\u00bb<\/p>\n<p data-start=%22141%22 data-end=%22396%22 class=%22%22>Inici\u00f3 una nueva edici\u00f3n de la Prueba Pastoril Hereford en el campo del <strong>INTA Concepci\u00f3n del Uruguay<\/strong>, con el ingreso de <strong>121 animales<\/strong> provenientes de distintas caba\u00f1as. En este 4\u00b0 ciclo participan <strong>75 hembras y 46 machos<\/strong>, que llegaron en excelentes condiciones sanitarias y corporales.<\/p>\n<div class=%22%22 data-block=%22true%22 data-editor=%22e6nui%22 data-offset-key=%22bag3j-0-0%22>\n<div data-offset-key=%22bag3j-0-0%22 class=%22_1mf _1mj%22><span data-offset-key=%22bag3j-0-0%22> <\/span><\/div>\n<\/div>\n<div class=%22%22 data-block=%22true%22 data-editor=%22e6nui%22 data-offset-key=%2257iih-0-0%22>\n<div data-offset-key=%2257iih-0-0%22 class=%22_1mf _1mj%22><span data-offset-key=%2257iih-0-0%22>Seg\u00fan explic\u00f3 el <strong>Ing. Sebasti\u00e1n Vittone,<\/strong> Investigador del INTA Concepci\u00f3n del Uruguay y Coordinador de la Prueba Pastoril, los animales atraviesan inicialmente un protocolo sanitario desarrollado junto a Biog\u00e9nesis Bag\u00f3. Luego, tras 4 a 5 d\u00edas de adaptaci\u00f3n en corrales, se los divide por categor\u00eda y se inicia un primer per\u00edodo de 15 d\u00edas de pastoreo. Finalizada esta etapa, se realizan las mediciones de inicio de prueba: peso, altura, ecograf\u00eda y condici\u00f3n corporal, dando as\u00ed inicio a la competencia.<\/span><\/div>\n<\/div>\n<div class=%22%22 data-block=%22true%22 data-editor=%22e6nui%22 data-offset-key=%22236vf-0-0%22>\n<div data-offset-key=%22236vf-0-0%22 class=%22_1mf _1mj%22><span data-offset-key=%22236vf-0-0%22> <\/span><\/div>\n<\/div>\n<div class=%22%22 data-block=%22true%22 data-editor=%22e6nui%22 data-offset-key=%221i4ti-0-0%22>\n<div data-offset-key=%221i4ti-0-0%22 class=%22_1mf _1mj%22><span data-offset-key=%221i4ti-0-0%22>Se trata de una de las <strong>pruebas pastoriles m\u00e1s grandes de Sudam\u00e9rica<\/strong>, una instancia clave para evaluar el rendimiento productivo en condiciones reales de campo y seguir generando datos objetivos para el mejoramiento gen\u00e9tico de la raza.<\/span><\/div>\n<div data-offset-key=%221i4ti-0-0%22 class=%22_1mf _1mj%22><span data-offset-key=%221i4ti-0-0%22><\/span><\/div>\n<\/div>\n<p>\u00bb content_phone=\u00bb<\/p>\n<p>&nbsp;<\/p>\n<p>&nbsp;<\/p>\n<div class=%22%22 data-block=%22true%22 data-editor=%22e6nui%22 data-offset-key=%221i4ti-0-0%22>\n<div data-offset-key=%221i4ti-0-0%22 class=%22_1mf _1mj%22><\/div>\n<\/div>\n<div class=%22%22 data-block=%22true%22 data-editor=%22e6nui%22 data-offset-key=%221i4ti-0-0%22>\n<div data-offset-key=%221i4ti-0-0%22 class=%22_1mf _1mj%22><span data-offset-key=%221i4ti-0-0%22><\/span><\/div>\n<\/div>\n<p>\u00bb content_last_edited=\u00bbon|phone\u00bb _builder_version=\u00bb4.27.4&#8243; _module_preset=\u00bbdefault\u00bb custom_padding=\u00bb|16px||16px||\u00bb hover_enabled=\u00bb0&#8243; global_colors_info=\u00bb{}\u00bb theme_builder_area=\u00bbpost_content\u00bb sticky_enabled=\u00bb0&#8243;]<\/p>\n<p>Desde Hereford Argentina compartimos con ustedes una <strong>propuesta solidaria<\/strong> impulsada por <strong>Misiones Rurales Argentinas (MIRA),<\/strong> organizaci\u00f3n que estar\u00e1 presente en la Exposici\u00f3n Palermo 2025. A trav\u00e9s de su Programa de Becas, MIRA acompa\u00f1a a j\u00f3venes de zonas rurales para que puedan continuar sus estudios secundarios.<\/p>\n<p><span>Misiones Rurales Argentinas es una asociaci\u00f3n civil fundada en 1938 que trabaja para <\/span><strong><span>acompa\u00f1ar a las familias y escuelas rurales m\u00e1s alejadas y con m\u00e1s necesidades de nuestro pa\u00eds<\/span><\/strong><span>. Lleva adelante esta misi\u00f3n mejorando la calidad educativa en m\u00e1s de 690 escuelas, acompa\u00f1ando a los maestros y sus alumnos y potenciando el desarrollo en las comunidades donde \u00e9stas se encuentran.\u00a0<\/span><\/p>\n<p><span>La organizaci\u00f3n desarrolla un plan de capacitaci\u00f3n continua para maestros rurales, a trav\u00e9s de diferentes cursos en el interior del pa\u00eds en forma presencial y virtual, con el prop\u00f3sito de fortalecer el rol del docente, brindando recursos pedag\u00f3gicos y did\u00e1cticos \u00fatiles para su contexto.<\/span><\/p>\n<p class=\"v1last-child\"><span>Durante el 2024 se trabaj\u00f3 en 19 provincias, con 690 escuelas, junto a 2202 docentes y 33773 alumnos.<\/span><\/p>\n<p class=\"v1last-child\"><span>A trav\u00e9s del\u00a0<strong>Programa de Becas<\/strong>, la organizaci\u00f3n ayuda a los alumnos de zonas rurales que se encuentran en condiciones vulnerables, para que puedan acceder y completar sus estudios secundarios promoviendo el acceso real a la educaci\u00f3n secundaria obligatoria. Este programa consta de un aporte econ\u00f3mico que los alumnos utilizan en gastos de alimentos, hospedaje, transporte, \u00fatiles y vestimenta y el acompa\u00f1amiento de un tutor durante los diez meses del a\u00f1o escolar.<\/span><\/p>\n<table align=\"center\" border=\"0\" cellpadding=\"0\" cellspacing=\"0\" class=\"v1mceButtonContainer\">\n<tbody>\n<tr class=\"v1mceStandardButton\">\n<td valign=\"top\" class=\"v1mceButton\" style=\"text-align: center;\"><strong><span style=\"color: #3f2600;\"><a class=\"v1mceButtonLink\" rel=\"noreferrer\" style=\"color: #3f2600;\">\u00bfC\u00f3mo colaborar con el Programa de Becas de Misiones Rurales?<\/a><\/span><\/strong><\/td>\n<\/tr>\n<\/tbody>\n<\/table>\n<p><span>Con tu\u00a0<\/span><strong><span>Caba\u00f1a\u00a0<\/span><\/strong><span>podr\u00e1s\u00a0<\/span><strong><span>acompa\u00f1ar a Misiones Rurales Argentinas\u00a0<\/span><\/strong><span>en la exposici\u00f3n Rural 2025, donde tendr\u00e1\u00a0<\/span><span>visibilidad<\/span><span>\u00a0en varios puntos clave:<\/span><\/p>\n<p><span>1. El stand institucional ubicado en el paso entre los pabellones Amarillo y Verde.<\/span><\/p>\n<p><span>2. El video institucional que ser\u00e1 proyectado durante la Pe\u00f1a de Misiones Rurales, al cual est\u00e1n convocados los socios, j\u00f3venes y p\u00fablico en general; y, tambi\u00e9n, en la pista central en dos momentos de la Exposici\u00f3n.<\/span><\/p>\n<p><span>3. La pe\u00f1a a beneficio de Misiones Rurales el d\u00eda lunes 21 de Julio, en el Patio Los L\u00e1pices.<\/span><\/p>\n<p><span>Con tu \u00a0<\/span><strong><span>aporte econ\u00f3mico<\/span><\/strong><span>, Misiones Rurales podr\u00e1 seguir trabajando en los programas y brindando becas anuales a los j\u00f3venes rurales m\u00e1s necesitados de Argentina.<\/span><\/p>\n<p><strong><span>Las opciones son:<\/span><\/strong><\/p>\n<p><span>\u25cf Opci\u00f3n 1- TERNERO $ 700.000 (Logo en el stand).<\/span><\/p>\n<p><span>\u25cf Opci\u00f3n 2 &#8211; NOVILLO $ 1.500.000 (Logo en pista central + pe\u00f1a solidaria).<\/span><\/p>\n<p><span>\u25cf Opci\u00f3n 3 &#8211; TERNERO + NOVILLO $ 2.200.000 (Logo en stand+pista central+pe\u00f1a solidaria)<\/span><\/p>\n<p style=\"text-align: center;\">\n[\/et_pb_text][\/et_pb_column][\/et_pb_row][et_pb_row _builder_version=\u00bb4.27.4&#8243; _module_preset=\u00bbdefault\u00bb column_structure=\u00bb1_2,1_2&#8243; theme_builder_area=\u00bbpost_content\u00bb][et_pb_column _builder_version=\u00bb4.27.4&#8243; _module_preset=\u00bbdefault\u00bb type=\u00bb1_2&#8243; theme_builder_area=\u00bbpost_content\u00bb][et_pb_button button_text=\u00bbDescargar PDF\u00bb _builder_version=\u00bb4.27.4&#8243; _module_preset=\u00bbdefault\u00bb theme_builder_area=\u00bbpost_content\u00bb hover_enabled=\u00bb0&#8243; sticky_enabled=\u00bb0&#8243; button_url=\u00bbhttps:\/\/hereford.us19.list-manage.com\/track\/click?u=e62c216167575adb7eb5cd9ab&#038;id=e9875ce029&#038;e=68579b974d\u00bb button_alignment=\u00bbcenter\u00bb custom_button=\u00bbon\u00bb button_text_color=\u00bb#FFFFFF\u00bb button_bg_color=\u00bb#7c402e\u00bb button_bg_enable_color=\u00bbon\u00bb][\/et_pb_button][\/et_pb_column][et_pb_column _builder_version=\u00bb4.27.4&#8243; _module_preset=\u00bbdefault\u00bb type=\u00bb1_2&#8243; theme_builder_area=\u00bbpost_content\u00bb][et_pb_button button_text=\u00bbVisitar sitio web\u00bb _builder_version=\u00bb4.27.4&#8243; _module_preset=\u00bbdefault\u00bb theme_builder_area=\u00bbpost_content\u00bb hover_enabled=\u00bb0&#8243; sticky_enabled=\u00bb0&#8243; button_url=\u00bbhttps:\/\/hereford.us19.list-manage.com\/track\/click?u=e62c216167575adb7eb5cd9ab&#038;id=ef7975c375&#038;e=68579b974d\u00bb button_alignment=\u00bbcenter\u00bb custom_button=\u00bbon\u00bb button_bg_color=\u00bb#7c402e\u00bb button_bg_enable_color=\u00bbon\u00bb button_text_color=\u00bb#FFFFFF\u00bb][\/et_pb_button][\/et_pb_column][\/et_pb_row][et_pb_row _builder_version=\u00bb4.27.4&#8243; _module_preset=\u00bbdefault\u00bb theme_builder_area=\u00bbpost_content\u00bb background_color=\u00bb#005529&#8243; hover_enabled=\u00bb0&#8243; sticky_enabled=\u00bb0&#8243;][et_pb_column _builder_version=\u00bb4.27.4&#8243; _module_preset=\u00bbdefault\u00bb type=\u00bb4_4&#8243; theme_builder_area=\u00bbpost_content\u00bb][et_pb_text _builder_version=\u00bb4.27.4&#8243; _module_preset=\u00bbdefault\u00bb theme_builder_area=\u00bbpost_content\u00bb hover_enabled=\u00bb0&#8243; sticky_enabled=\u00bb0&#8243;]<\/p>\n<table border=\"0\" cellpadding=\"0\" cellspacing=\"0\" width=\"100%\">\n<tbody>\n<tr>\n<td valign=\"top\" id=\"v1blockContainerId-18\">\n<table width=\"100%\">\n<tbody>\n<tr>\n<td class=\"v1mceTextBlockContainer\">\n<div class=\"v1mceText\" id=\"v1dataBlockId-18\">\n<h3 class=\"v1last-child\"><span style=\"color: #ffffff;\"><strong>M\u00e1s informaci\u00f3n y contacto<\/strong><\/span><\/h3>\n<\/div>\n<\/td>\n<\/tr>\n<\/tbody>\n<\/table>\n<\/td>\n<\/tr>\n<tr>\n<td valign=\"top\" id=\"v1blockContainerId-19\">\n<table width=\"100%\">\n<tbody>\n<tr>\n<td class=\"v1mceTextBlockContainer\">\n<div class=\"v1mceText\" id=\"v1dataBlockId-19\">\n<h4><span style=\"color: #ffffff;\"><strong>Milagros G\u00f3mez de la Fuente &#8211; Coordinadora de Desarrollo institucional<\/strong><\/span><\/h4>\n<p><span style=\"color: #ffffff;\"><strong>Mail<\/strong>: desarrolloinstitucional@misionesrurales.org.ar<\/span><\/p>\n<p class=\"v1last-child\"><span style=\"color: #ffffff;\"><strong>Tel<\/strong>: (+5491149484591)<\/span><\/p>\n<\/div>\n<\/td>\n<\/tr>\n<\/tbody>\n<\/table>\n<\/td>\n<\/tr>\n<\/tbody>\n<\/table>\n<p>[\/et_pb_text][\/et_pb_column][\/et_pb_row][\/et_pb_section]<\/p>\n","protected":false},"excerpt":{"rendered":"<p>Hereford Solidario Misiones&#8230;<\/p>\n","protected":false},"author":5,"featured_media":4017,"comment_status":"closed","ping_status":"open","sticky":false,"template":"","format":"standard","meta":{"_et_pb_use_builder":"on","_et_pb_old_content":"","_et_gb_content_width":"","site-sidebar-layout":"default","site-content-layout":"","ast-site-content-layout":"default","site-content-style":"default","site-sidebar-style":"default","ast-global-header-display":"","ast-banner-title-visibility":"","ast-main-header-display":"","ast-hfb-above-header-display":"","ast-hfb-below-header-display":"","ast-hfb-mobile-header-display":"","site-post-title":"","ast-breadcrumbs-content":"","ast-featured-img":"","footer-sml-layout":"","ast-disable-related-posts":"","theme-transparent-header-meta":"","adv-header-id-meta":"","stick-header-meta":"","header-above-stick-meta":"","header-main-stick-meta":"","header-below-stick-meta":"","astra-migrate-meta-layouts":"set","ast-page-background-enabled":"default","ast-page-background-meta":{"desktop":{"background-color":"var(--ast-global-color-4)","background-image":"","background-repeat":"repeat","background-position":"center center","background-size":"auto","background-attachment":"scroll","background-type":"","background-media":"","overlay-type":"","overlay-color":"","overlay-opacity":"","overlay-gradient":""},"tablet":{"background-color":"","background-image":"","background-repeat":"repeat","background-position":"center center","background-size":"auto","background-attachment":"scroll","background-type":"","background-media":"","overlay-type":"","overlay-color":"","overlay-opacity":"","overlay-gradient":""},"mobile":{"background-color":"","background-image":"","background-repeat":"repeat","background-position":"center center","background-size":"auto","background-attachment":"scroll","background-type":"","background-media":"","overlay-type":"","overlay-color":"","overlay-opacity":"","overlay-gradient":""}},"ast-content-background-meta":{"desktop":{"background-color":"var(--ast-global-color-5)","background-image":"","background-repeat":"repeat","background-position":"center center","background-size":"auto","background-attachment":"scroll","background-type":"","background-media":"","overlay-type":"","overlay-color":"","overlay-opacity":"","overlay-gradient":""},"tablet":{"background-color":"var(--ast-global-color-5)","background-image":"","background-repeat":"repeat","background-position":"center center","background-size":"auto","background-attachment":"scroll","background-type":"","background-media":"","overlay-type":"","overlay-color":"","overlay-opacity":"","overlay-gradient":""},"mobile":{"background-color":"var(--ast-global-color-5)","background-image":"","background-repeat":"repeat","background-position":"center center","background-size":"auto","background-attachment":"scroll","background-type":"","background-media":"","overlay-type":"","overlay-color":"","overlay-opacity":"","overlay-gradient":""}},"footnotes":""},"categories":[119,1],"tags":[],"class_list":["post-4015","post","type-post","status-publish","format-standard","has-post-thumbnail","hentry","category-hereford-solidario","category-uncategorized"],"_links":{"self":[{"href":"https:\/\/www.hereford.org.ar\/web\/wp-json\/wp\/v2\/posts\/4015","targetHints":{"allow":["GET"]}}],"collection":[{"href":"https:\/\/www.hereford.org.ar\/web\/wp-json\/wp\/v2\/posts"}],"about":[{"href":"https:\/\/www.hereford.org.ar\/web\/wp-json\/wp\/v2\/types\/post"}],"author":[{"embeddable":true,"href":"https:\/\/www.hereford.org.ar\/web\/wp-json\/wp\/v2\/users\/5"}],"replies":[{"embeddable":true,"href":"https:\/\/www.hereford.org.ar\/web\/wp-json\/wp\/v2\/comments?post=4015"}],"version-history":[{"count":5,"href":"https:\/\/www.hereford.org.ar\/web\/wp-json\/wp\/v2\/posts\/4015\/revisions"}],"predecessor-version":[{"id":4028,"href":"https:\/\/www.hereford.org.ar\/web\/wp-json\/wp\/v2\/posts\/4015\/revisions\/4028"}],"wp:featuredmedia":[{"embeddable":true,"href":"https:\/\/www.hereford.org.ar\/web\/wp-json\/wp\/v2\/media\/4017"}],"wp:attachment":[{"href":"https:\/\/www.hereford.org.ar\/web\/wp-json\/wp\/v2\/media?parent=4015"}],"wp:term":[{"taxonomy":"category","embeddable":true,"href":"https:\/\/www.hereford.org.ar\/web\/wp-json\/wp\/v2\/categories?post=4015"},{"taxonomy":"post_tag","embeddable":true,"href":"https:\/\/www.hereford.org.ar\/web\/wp-json\/wp\/v2\/tags?post=4015"}],"curies":[{"name":"wp","href":"https:\/\/api.w.org\/{rel}","templated":true}]}}