{"id":3937,"date":"2025-06-17T12:43:02","date_gmt":"2025-06-17T15:43:02","guid":{"rendered":"https:\/\/www.hereford.org.ar\/web\/?p=3937"},"modified":"2025-06-17T13:00:30","modified_gmt":"2025-06-17T16:00:30","slug":"criadores-hereford-recorrieron-2-500-km-en-una-gira-historica-por-argentina-brasil-y-uruguay","status":"publish","type":"post","link":"https:\/\/www.hereford.org.ar\/web\/criadores-hereford-recorrieron-2-500-km-en-una-gira-historica-por-argentina-brasil-y-uruguay\/","title":{"rendered":"Criadores Hereford recorrieron 2.500 km en una gira hist\u00f3rica por Argentina, Brasil y Uruguay"},"content":{"rendered":"<p>[et_pb_section fb_built=\u00bb1&#8243; _builder_version=\u00bb4.27.4&#8243; _module_preset=\u00bbdefault\u00bb global_colors_info=\u00bb{}\u00bb theme_builder_area=\u00bbpost_content\u00bb][et_pb_row _builder_version=\u00bb4.27.4&#8243; _module_preset=\u00bbdefault\u00bb global_colors_info=\u00bb{}\u00bb theme_builder_area=\u00bbpost_content\u00bb][et_pb_column type=\u00bb4_4&#8243; _builder_version=\u00bb4.27.4&#8243; _module_preset=\u00bbdefault\u00bb global_colors_info=\u00bb{}\u00bb theme_builder_area=\u00bbpost_content\u00bb][et_pb_text _builder_version=\u00bb4.27.4&#8243; _module_preset=\u00bbdefault\u00bb text_font=\u00bb|700|||||||\u00bb text_font_size=\u00bb24px\u00bb header_text_align=\u00bbcenter\u00bb text_orientation=\u00bbcenter\u00bb custom_padding=\u00bb|8px||12px||\u00bb hover_enabled=\u00bb0&#8243; global_colors_info=\u00bb{}\u00bb theme_builder_area=\u00bbpost_content\u00bb sticky_enabled=\u00bb0&#8243;]<\/p>\n<p style=\"text-align: center;\"><b><span>Criadores Hereford recorrieron 2.500 km en una gira hist\u00f3rica por Argentina, Brasil y Uruguay<br \/><\/span><\/b><\/p>\n<p>[\/et_pb_text][\/et_pb_column][\/et_pb_row][et_pb_row _builder_version=\u00bb4.27.4&#8243; _module_preset=\u00bbdefault\u00bb global_colors_info=\u00bb{}\u00bb theme_builder_area=\u00bbpost_content\u00bb][et_pb_column type=\u00bb4_4&#8243; _builder_version=\u00bb4.27.4&#8243; _module_preset=\u00bbdefault\u00bb global_colors_info=\u00bb{}\u00bb theme_builder_area=\u00bbpost_content\u00bb][et_pb_image src=\u00bbhttps:\/\/www.hereford.org.ar\/web\/wp-content\/uploads\/2025\/06\/Foto-web-notas-700&#215;500-6.png\u00bb title_text=\u00bbFoto web notas 700&#215;500&#8243; _builder_version=\u00bb4.27.4&#8243; _module_preset=\u00bbdefault\u00bb width=\u00bb78%\u00bb module_alignment=\u00bbcenter\u00bb hover_enabled=\u00bb0&#8243; global_colors_info=\u00bb{}\u00bb theme_builder_area=\u00bbpost_content\u00bb sticky_enabled=\u00bb0&#8243;][\/et_pb_image][\/et_pb_column][\/et_pb_row][et_pb_row _builder_version=\u00bb4.27.4&#8243; _module_preset=\u00bbdefault\u00bb global_colors_info=\u00bb{}\u00bb theme_builder_area=\u00bbpost_content\u00bb][et_pb_column type=\u00bb4_4&#8243; _builder_version=\u00bb4.27.4&#8243; _module_preset=\u00bbdefault\u00bb global_colors_info=\u00bb{}\u00bb theme_builder_area=\u00bbpost_content\u00bb][et_pb_text content_tablet=\u00bb<\/p>\n<p data-start=%22141%22 data-end=%22396%22 class=%22%22>Inici\u00f3 una nueva edici\u00f3n de la Prueba Pastoril Hereford en el campo del <strong>INTA Concepci\u00f3n del Uruguay<\/strong>, con el ingreso de <strong>121 animales<\/strong> provenientes de distintas caba\u00f1as. En este 4\u00b0 ciclo participan <strong>75 hembras y 46 machos<\/strong>, que llegaron en excelentes condiciones sanitarias y corporales.<\/p>\n<div class=%22%22 data-block=%22true%22 data-editor=%22e6nui%22 data-offset-key=%22bag3j-0-0%22>\n<div data-offset-key=%22bag3j-0-0%22 class=%22_1mf _1mj%22><span data-offset-key=%22bag3j-0-0%22> <\/span><\/div>\n<\/div>\n<div class=%22%22 data-block=%22true%22 data-editor=%22e6nui%22 data-offset-key=%2257iih-0-0%22>\n<div data-offset-key=%2257iih-0-0%22 class=%22_1mf _1mj%22><span data-offset-key=%2257iih-0-0%22>Seg\u00fan explic\u00f3 el <strong>Ing. Sebasti\u00e1n Vittone,<\/strong> Investigador del INTA Concepci\u00f3n del Uruguay y Coordinador de la Prueba Pastoril, los animales atraviesan inicialmente un protocolo sanitario desarrollado junto a Biog\u00e9nesis Bag\u00f3. Luego, tras 4 a 5 d\u00edas de adaptaci\u00f3n en corrales, se los divide por categor\u00eda y se inicia un primer per\u00edodo de 15 d\u00edas de pastoreo. Finalizada esta etapa, se realizan las mediciones de inicio de prueba: peso, altura, ecograf\u00eda y condici\u00f3n corporal, dando as\u00ed inicio a la competencia.<\/span><\/div>\n<\/div>\n<div class=%22%22 data-block=%22true%22 data-editor=%22e6nui%22 data-offset-key=%22236vf-0-0%22>\n<div data-offset-key=%22236vf-0-0%22 class=%22_1mf _1mj%22><span data-offset-key=%22236vf-0-0%22> <\/span><\/div>\n<\/div>\n<div class=%22%22 data-block=%22true%22 data-editor=%22e6nui%22 data-offset-key=%221i4ti-0-0%22>\n<div data-offset-key=%221i4ti-0-0%22 class=%22_1mf _1mj%22><span data-offset-key=%221i4ti-0-0%22>Se trata de una de las <strong>pruebas pastoriles m\u00e1s grandes de Sudam\u00e9rica<\/strong>, una instancia clave para evaluar el rendimiento productivo en condiciones reales de campo y seguir generando datos objetivos para el mejoramiento gen\u00e9tico de la raza.<\/span><\/div>\n<div data-offset-key=%221i4ti-0-0%22 class=%22_1mf _1mj%22><span data-offset-key=%221i4ti-0-0%22><\/span><\/div>\n<\/div>\n<p>\u00bb content_phone=\u00bb<\/p>\n<p><span style=%22font-weight: 400;%22>En un hecho sin precedentes, las asociaciones de criadores <\/span><b>Hereford de Argentina, Brasil y Uruguay<\/b><span style=%22font-weight: 400;%22> se unieron para llevar adelante la primera edici\u00f3n de la Gira Internacional Hereford, una propuesta t\u00e9cnica y ganadera que recorri\u00f3 2.500 kil\u00f3metros a lo largo de los tres pa\u00edses, entre el 11 y el 13 de junio de 2025.<\/span><\/p>\n<p><span style=%22font-weight: 400;%22>M\u00e1s de 200 participantes \u2014criadores, t\u00e9cnicos, j\u00f3venes y autoridades\u2014 compartieron jornadas de campo, debates y visitas a establecimientos productivos que reflejan el potencial de la raza Hereford en diferentes ambientes, modelos y escalas de producci\u00f3n. La delegaci\u00f3n tambi\u00e9n cont\u00f3 con la presencia de representantes de Hereford Paraguay.<\/span><\/p>\n<p><span style=%22font-weight: 400;%22>Hereford Argentina estuvo presente desde el primer d\u00eda, comenzando el recorrido en el Establecimiento Aguaceritos, en Mercedes, provincia de Corrientes, donde se presentaron rodeos de alta fertilidad, sanidad y adaptaci\u00f3n al ambiente pastoril. All\u00ed se destac\u00f3 la eficiencia productiva del sistema, con tecnolog\u00edas de procesos, informaci\u00f3n de manejo y una marcada b\u00fasqueda de sostenibilidad y rentabilidad.<\/span><\/p>\n<p><span style=%22font-weight: 400;%22>El Dr. Carlos Bobrovsky, presidente Zonal Mesopot\u00e1mica destac\u00f3 el primer d\u00eda %22Fue excepcional, estamos muy contentos y con grandes expectativas para lo que viene. Felices por ser anfitriones del primer d\u00eda de la gira en un establecimiento tan importante como Aguaceritos, Corrientes. %22<\/span><\/p>\n<p><span style=%22font-weight: 400;%22>La gira continu\u00f3 en Brasil con visitas a la hist\u00f3rica Caba\u00f1a S\u00e3o Fernando, con m\u00e1s de un siglo de selecci\u00f3n gen\u00e9tica, y a la premiada Caba\u00f1a Touro Passo, ambas referentes de la gen\u00e9tica Hereford adaptada al bioma Pampa. Finalmente, el recorrido culmin\u00f3 en Uruguay, con una visita a los establecimientos Santa Mar\u00eda de Arapey y Pingo Viejo, donde se evidenci\u00f3 el trabajo en gen\u00e9tica funcional, rusticidad y productividad adaptada al basalto uruguayo.<\/span><\/p>\n<p><span style=%22font-weight: 400;%22>El Ing. Emilio Ortiz \u2014vicepresidente de Hereford Argentina\u2014 afirm\u00f3 %22hemos visto muy buena hacienda, en un medio donde resalta las virtudes de la raza, con una camarader\u00eda extraordinaria, fueron unas jornadas de excelencia, un verdadero orgullo que nuestra asociaci\u00f3n haya sido parte%22\u00a0<\/span><\/p>\n<p><span style=%22font-weight: 400;%22>Durante los tres d\u00edas se desarrollaron adem\u00e1s instancias de intercambio t\u00e9cnico, evaluaci\u00f3n en campo, visitas a rodeos, remates, exposiciones y espacios de di\u00e1logo entre referentes del sector, productores y t\u00e9cnicos. Cada parada permiti\u00f3 conocer diferentes estrategias de manejo, l\u00edneas gen\u00e9ticas, avances en materia reproductiva y experiencias asociativas que potencian la producci\u00f3n con base en Hereford.<\/span><\/p>\n<p><span style=%22font-weight: 400;%22>Desde Hereford Argentina celebramos este encuentro como un paso clave hacia la integraci\u00f3n regional, el fortalecimiento de la gen\u00e9tica Hereford y la construcci\u00f3n de una ganader\u00eda de futuro. La gira fue, sin dudas, una muestra concreta de que el trabajo colaborativo y la pasi\u00f3n por la raza trascienden fronteras.<\/span><\/p>\n<div class=%22%22 data-block=%22true%22 data-editor=%22e6nui%22 data-offset-key=%221i4ti-0-0%22>\n<div data-offset-key=%221i4ti-0-0%22 class=%22_1mf _1mj%22><\/div>\n<\/div>\n<div class=%22%22 data-block=%22true%22 data-editor=%22e6nui%22 data-offset-key=%221i4ti-0-0%22>\n<div data-offset-key=%221i4ti-0-0%22 class=%22_1mf _1mj%22><span data-offset-key=%221i4ti-0-0%22><\/span><\/div>\n<\/div>\n<p>\u00bb content_last_edited=\u00bbon|desktop\u00bb _builder_version=\u00bb4.27.4&#8243; _module_preset=\u00bbdefault\u00bb custom_padding=\u00bb|16px||16px||\u00bb hover_enabled=\u00bb0&#8243; global_colors_info=\u00bb{}\u00bb theme_builder_area=\u00bbpost_content\u00bb sticky_enabled=\u00bb0&#8243;]<\/p>\n<p><span style=\"font-weight: 400;\">En un hecho sin precedentes, las asociaciones de criadores <\/span><b>Hereford de Argentina, Brasil y Uruguay<\/b><span style=\"font-weight: 400;\"> se unieron para llevar adelante la primera edici\u00f3n de la Gira Internacional Hereford, una propuesta t\u00e9cnica y ganadera que recorri\u00f3 2.500 kil\u00f3metros a lo largo de los tres pa\u00edses, entre el 11 y el 13 de junio de 2025.<\/span><\/p>\n<p><span style=\"font-weight: 400;\">M\u00e1s de <strong>200 participantes<\/strong> \u2014criadores, t\u00e9cnicos, j\u00f3venes y autoridades\u2014 compartieron jornadas de campo, debates y visitas a establecimientos productivos que reflejan el potencial de la raza Hereford en diferentes ambientes, modelos y escalas de producci\u00f3n. La delegaci\u00f3n tambi\u00e9n cont\u00f3 con la presencia de representantes de Hereford Paraguay.<\/span><\/p>\n<p><span style=\"font-weight: 400;\">Hereford Argentina estuvo presente desde el primer d\u00eda, comenzando el recorrido en el Establecimiento Aguaceritos, en Mercedes, provincia de Corrientes, donde se presentaron rodeos de alta fertilidad, sanidad y adaptaci\u00f3n al ambiente pastoril. All\u00ed se destac\u00f3 la eficiencia productiva del sistema, con tecnolog\u00edas de procesos, informaci\u00f3n de manejo y una marcada b\u00fasqueda de sostenibilidad y rentabilidad.<\/span><\/p>\n<p><span style=\"font-weight: 400;\">El <strong>Dr. Carlos Bobrovsky<\/strong>, presidente Zonal Mesopot\u00e1mica destac\u00f3 el primer d\u00eda \u00abFue excepcional, estamos muy contentos y con grandes expectativas para lo que viene. Felices por ser anfitriones del primer d\u00eda de la gira en un establecimiento tan importante como Aguaceritos, Corrientes. \u00ab<\/span><\/p>\n<p><span style=\"font-weight: 400;\">La gira continu\u00f3 en Brasil con visitas a la hist\u00f3rica Caba\u00f1a S\u00e3o Fernando, con m\u00e1s de un siglo de selecci\u00f3n gen\u00e9tica, y a la premiada Caba\u00f1a Touro Passo, ambas referentes de la gen\u00e9tica Hereford adaptada al bioma Pampa. Finalmente, el recorrido culmin\u00f3 en Uruguay, con una visita a los establecimientos Santa Mar\u00eda de Arapey y Pingo Viejo, donde se evidenci\u00f3 el trabajo en gen\u00e9tica funcional, rusticidad y productividad adaptada al basalto uruguayo.<\/span><\/p>\n<p><span style=\"font-weight: 400;\">El Ing. Emilio Ortiz \u2014vicepresidente de Hereford Argentina\u2014 afirm\u00f3 \u00abhemos visto muy buena hacienda, en un medio donde resalta las virtudes de la raza, con una camarader\u00eda extraordinaria, fueron unas jornadas de excelencia, un verdadero orgullo que nuestra asociaci\u00f3n haya sido parte\u00bb\u00a0<\/span><\/p>\n<p><span style=\"font-weight: 400;\">Durante los tres d\u00edas se desarrollaron adem\u00e1s instancias de intercambio t\u00e9cnico, evaluaci\u00f3n en campo, visitas a rodeos, remates, exposiciones y espacios de di\u00e1logo entre referentes del sector, productores y t\u00e9cnicos. Cada parada permiti\u00f3 conocer diferentes estrategias de manejo, l\u00edneas gen\u00e9ticas, avances en materia reproductiva y experiencias asociativas que potencian la producci\u00f3n con base en Hereford.<\/span><\/p>\n<p><span style=\"font-weight: 400;\">Desde Hereford Argentina celebramos este encuentro como un paso clave hacia la integraci\u00f3n regional, el fortalecimiento de la gen\u00e9tica Hereford y la construcci\u00f3n de una ganader\u00eda de futuro. La gira fue, sin dudas, una muestra concreta de que el trabajo colaborativo y la pasi\u00f3n por la raza trascienden fronteras.<\/span><\/p>\n<p>&nbsp;<\/p>\n<div class=\"\" data-block=\"true\" data-editor=\"e6nui\" data-offset-key=\"1i4ti-0-0\">\n<div data-offset-key=\"1i4ti-0-0\" class=\"_1mf _1mj\"><span data-offset-key=\"1i4ti-0-0\"><\/span><\/div>\n<\/div>\n<p>[\/et_pb_text][et_pb_gallery gallery_ids=\u00bb3942,3943,3944,3945,3946,3947,3948,3949,3950,3951,3952,3953,3954,3955,3956,3957,3958,3959,3960,3961,3962,3963,3964,3965,3966,3967,3968,3969,3970&#8243; posts_number=\u00bb8&#8243; show_title_and_caption=\u00bboff\u00bb _builder_version=\u00bb4.27.4&#8243; _module_preset=\u00bbdefault\u00bb caption_font_size=\u00bb15px\u00bb hover_enabled=\u00bb0&#8243; global_colors_info=\u00bb{}\u00bb theme_builder_area=\u00bbpost_content\u00bb sticky_enabled=\u00bb0&#8243;][\/et_pb_gallery][\/et_pb_column][\/et_pb_row][\/et_pb_section]<\/p>\n","protected":false},"excerpt":{"rendered":"<p>Criadores Hereford&#8230;<\/p>\n","protected":false},"author":5,"featured_media":3939,"comment_status":"closed","ping_status":"open","sticky":false,"template":"","format":"standard","meta":{"_et_pb_use_builder":"on","_et_pb_old_content":"","_et_gb_content_width":"","site-sidebar-layout":"default","site-content-layout":"","ast-site-content-layout":"full-width-container","site-content-style":"default","site-sidebar-style":"default","ast-global-header-display":"","ast-banner-title-visibility":"","ast-main-header-display":"","ast-hfb-above-header-display":"","ast-hfb-below-header-display":"","ast-hfb-mobile-header-display":"","site-post-title":"","ast-breadcrumbs-content":"","ast-featured-img":"","footer-sml-layout":"","ast-disable-related-posts":"","theme-transparent-header-meta":"","adv-header-id-meta":"","stick-header-meta":"","header-above-stick-meta":"","header-main-stick-meta":"","header-below-stick-meta":"","astra-migrate-meta-layouts":"set","ast-page-background-enabled":"default","ast-page-background-meta":{"desktop":{"background-color":"var(--ast-global-color-4)","background-image":"","background-repeat":"repeat","background-position":"center center","background-size":"auto","background-attachment":"scroll","background-type":"","background-media":"","overlay-type":"","overlay-color":"","overlay-opacity":"","overlay-gradient":""},"tablet":{"background-color":"","background-image":"","background-repeat":"repeat","background-position":"center center","background-size":"auto","background-attachment":"scroll","background-type":"","background-media":"","overlay-type":"","overlay-color":"","overlay-opacity":"","overlay-gradient":""},"mobile":{"background-color":"","background-image":"","background-repeat":"repeat","background-position":"center center","background-size":"auto","background-attachment":"scroll","background-type":"","background-media":"","overlay-type":"","overlay-color":"","overlay-opacity":"","overlay-gradient":""}},"ast-content-background-meta":{"desktop":{"background-color":"var(--ast-global-color-5)","background-image":"","background-repeat":"repeat","background-position":"center center","background-size":"auto","background-attachment":"scroll","background-type":"","background-media":"","overlay-type":"","overlay-color":"","overlay-opacity":"","overlay-gradient":""},"tablet":{"background-color":"var(--ast-global-color-5)","background-image":"","background-repeat":"repeat","background-position":"center center","background-size":"auto","background-attachment":"scroll","background-type":"","background-media":"","overlay-type":"","overlay-color":"","overlay-opacity":"","overlay-gradient":""},"mobile":{"background-color":"var(--ast-global-color-5)","background-image":"","background-repeat":"repeat","background-position":"center center","background-size":"auto","background-attachment":"scroll","background-type":"","background-media":"","overlay-type":"","overlay-color":"","overlay-opacity":"","overlay-gradient":""}},"footnotes":""},"categories":[1],"tags":[],"class_list":["post-3937","post","type-post","status-publish","format-standard","has-post-thumbnail","hentry","category-uncategorized"],"_links":{"self":[{"href":"https:\/\/www.hereford.org.ar\/web\/wp-json\/wp\/v2\/posts\/3937","targetHints":{"allow":["GET"]}}],"collection":[{"href":"https:\/\/www.hereford.org.ar\/web\/wp-json\/wp\/v2\/posts"}],"about":[{"href":"https:\/\/www.hereford.org.ar\/web\/wp-json\/wp\/v2\/types\/post"}],"author":[{"embeddable":true,"href":"https:\/\/www.hereford.org.ar\/web\/wp-json\/wp\/v2\/users\/5"}],"replies":[{"embeddable":true,"href":"https:\/\/www.hereford.org.ar\/web\/wp-json\/wp\/v2\/comments?post=3937"}],"version-history":[{"count":3,"href":"https:\/\/www.hereford.org.ar\/web\/wp-json\/wp\/v2\/posts\/3937\/revisions"}],"predecessor-version":[{"id":3971,"href":"https:\/\/www.hereford.org.ar\/web\/wp-json\/wp\/v2\/posts\/3937\/revisions\/3971"}],"wp:featuredmedia":[{"embeddable":true,"href":"https:\/\/www.hereford.org.ar\/web\/wp-json\/wp\/v2\/media\/3939"}],"wp:attachment":[{"href":"https:\/\/www.hereford.org.ar\/web\/wp-json\/wp\/v2\/media?parent=3937"}],"wp:term":[{"taxonomy":"category","embeddable":true,"href":"https:\/\/www.hereford.org.ar\/web\/wp-json\/wp\/v2\/categories?post=3937"},{"taxonomy":"post_tag","embeddable":true,"href":"https:\/\/www.hereford.org.ar\/web\/wp-json\/wp\/v2\/tags?post=3937"}],"curies":[{"name":"wp","href":"https:\/\/api.w.org\/{rel}","templated":true}]}}