{"id":3883,"date":"2025-06-09T15:31:11","date_gmt":"2025-06-09T18:31:11","guid":{"rendered":"https:\/\/www.hereford.org.ar\/web\/?p=3883"},"modified":"2025-06-09T16:04:06","modified_gmt":"2025-06-09T19:04:06","slug":"hereford-argentina-mostro-su-potencial-en-agroactiva-2025","status":"publish","type":"post","link":"https:\/\/www.hereford.org.ar\/web\/hereford-argentina-mostro-su-potencial-en-agroactiva-2025\/","title":{"rendered":"Hereford Argentina mostr\u00f3 su potencial en AgroActiva 2025"},"content":{"rendered":"<p>[et_pb_section fb_built=\u00bb1&#8243; _builder_version=\u00bb4.27.4&#8243; _module_preset=\u00bbdefault\u00bb global_colors_info=\u00bb{}\u00bb theme_builder_area=\u00bbpost_content\u00bb][et_pb_row _builder_version=\u00bb4.27.4&#8243; _module_preset=\u00bbdefault\u00bb global_colors_info=\u00bb{}\u00bb theme_builder_area=\u00bbpost_content\u00bb][et_pb_column type=\u00bb4_4&#8243; _builder_version=\u00bb4.27.4&#8243; _module_preset=\u00bbdefault\u00bb global_colors_info=\u00bb{}\u00bb theme_builder_area=\u00bbpost_content\u00bb][et_pb_text _builder_version=\u00bb4.27.4&#8243; _module_preset=\u00bbdefault\u00bb text_font=\u00bb|700|||||||\u00bb text_font_size=\u00bb24px\u00bb header_text_align=\u00bbcenter\u00bb text_orientation=\u00bbcenter\u00bb custom_padding=\u00bb|8px||12px||\u00bb hover_enabled=\u00bb0&#8243; global_colors_info=\u00bb{}\u00bb theme_builder_area=\u00bbpost_content\u00bb sticky_enabled=\u00bb0&#8243;]<\/p>\n<p style=\"text-align: center;\"><b>Hereford Argentina mostr\u00f3 su potencial en AgroActiva 2025<\/b><\/p>\n<p><strong><\/strong><\/p>\n<p>[\/et_pb_text][\/et_pb_column][\/et_pb_row][et_pb_row _builder_version=\u00bb4.27.4&#8243; _module_preset=\u00bbdefault\u00bb global_colors_info=\u00bb{}\u00bb theme_builder_area=\u00bbpost_content\u00bb][et_pb_column type=\u00bb4_4&#8243; _builder_version=\u00bb4.27.4&#8243; _module_preset=\u00bbdefault\u00bb global_colors_info=\u00bb{}\u00bb theme_builder_area=\u00bbpost_content\u00bb][et_pb_image src=\u00bbhttps:\/\/www.hereford.org.ar\/web\/wp-content\/uploads\/2025\/06\/Foto-web-notas-700&#215;500-2-1.png\u00bb title_text=\u00bbFoto web notas 700&#215;500 (2)\u00bb _builder_version=\u00bb4.27.4&#8243; _module_preset=\u00bbdefault\u00bb width=\u00bb78%\u00bb module_alignment=\u00bbcenter\u00bb hover_enabled=\u00bb0&#8243; global_colors_info=\u00bb{}\u00bb theme_builder_area=\u00bbpost_content\u00bb sticky_enabled=\u00bb0&#8243;][\/et_pb_image][\/et_pb_column][\/et_pb_row][et_pb_row _builder_version=\u00bb4.27.4&#8243; _module_preset=\u00bbdefault\u00bb global_colors_info=\u00bb{}\u00bb theme_builder_area=\u00bbpost_content\u00bb][et_pb_column type=\u00bb4_4&#8243; _builder_version=\u00bb4.27.4&#8243; _module_preset=\u00bbdefault\u00bb global_colors_info=\u00bb{}\u00bb theme_builder_area=\u00bbpost_content\u00bb][et_pb_text content_tablet=\u00bb<\/p>\n<p data-start=%22141%22 data-end=%22396%22 class=%22%22>Inici\u00f3 una nueva edici\u00f3n de la Prueba Pastoril Hereford en el campo del <strong>INTA Concepci\u00f3n del Uruguay<\/strong>, con el ingreso de <strong>121 animales<\/strong> provenientes de distintas caba\u00f1as. En este 4\u00b0 ciclo participan <strong>75 hembras y 46 machos<\/strong>, que llegaron en excelentes condiciones sanitarias y corporales.<\/p>\n<div class=%22%22 data-block=%22true%22 data-editor=%22e6nui%22 data-offset-key=%22bag3j-0-0%22>\n<div data-offset-key=%22bag3j-0-0%22 class=%22_1mf _1mj%22><span data-offset-key=%22bag3j-0-0%22> <\/span><\/div>\n<\/div>\n<div class=%22%22 data-block=%22true%22 data-editor=%22e6nui%22 data-offset-key=%2257iih-0-0%22>\n<div data-offset-key=%2257iih-0-0%22 class=%22_1mf _1mj%22><span data-offset-key=%2257iih-0-0%22>Seg\u00fan explic\u00f3 el <strong>Ing. Sebasti\u00e1n Vittone,<\/strong> Investigador del INTA Concepci\u00f3n del Uruguay y Coordinador de la Prueba Pastoril, los animales atraviesan inicialmente un protocolo sanitario desarrollado junto a Biog\u00e9nesis Bag\u00f3. Luego, tras 4 a 5 d\u00edas de adaptaci\u00f3n en corrales, se los divide por categor\u00eda y se inicia un primer per\u00edodo de 15 d\u00edas de pastoreo. Finalizada esta etapa, se realizan las mediciones de inicio de prueba: peso, altura, ecograf\u00eda y condici\u00f3n corporal, dando as\u00ed inicio a la competencia.<\/span><\/div>\n<\/div>\n<div class=%22%22 data-block=%22true%22 data-editor=%22e6nui%22 data-offset-key=%22236vf-0-0%22>\n<div data-offset-key=%22236vf-0-0%22 class=%22_1mf _1mj%22><span data-offset-key=%22236vf-0-0%22> <\/span><\/div>\n<\/div>\n<div class=%22%22 data-block=%22true%22 data-editor=%22e6nui%22 data-offset-key=%221i4ti-0-0%22>\n<div data-offset-key=%221i4ti-0-0%22 class=%22_1mf _1mj%22><span data-offset-key=%221i4ti-0-0%22>Se trata de una de las <strong>pruebas pastoriles m\u00e1s grandes de Sudam\u00e9rica<\/strong>, una instancia clave para evaluar el rendimiento productivo en condiciones reales de campo y seguir generando datos objetivos para el mejoramiento gen\u00e9tico de la raza.<\/span><\/div>\n<div data-offset-key=%221i4ti-0-0%22 class=%22_1mf _1mj%22><span data-offset-key=%221i4ti-0-0%22><\/span><\/div>\n<\/div>\n<p>\u00bb content_phone=\u00bb<\/p>\n<p><span style=%22font-weight: 400;%22>Del 4 al 7 de junio, Hereford Argentina particip\u00f3 de una nueva edici\u00f3n de AgroActiva, reafirmando su compromiso con la ganader\u00eda nacional y mostrando, una vez m\u00e1s, el potencial gen\u00e9tico y productivo de la raza. La exposici\u00f3n, una de las m\u00e1s relevantes del calendario agropecuario argentino, reuni\u00f3 a miles de productores, t\u00e9cnicos y visitantes de todo el pa\u00eds.<\/span><\/p>\n<p><span style=%22font-weight: 400;%22>La participaci\u00f3n de Hereford se destac\u00f3 por una<strong> jura de ejemplares de excelente nivel<\/strong>, un r<strong>emate especial de invernada<\/strong> que convoc\u00f3 a productores y compradores de distintas regiones, y una <strong>jornada de camarader\u00eda<\/strong> que reuni\u00f3 a m\u00e1s de 80 personas, entre criadores, caba\u00f1eros, autoridades institucionales y legisladores nacionales de la provincia de Santa Fe.<\/span><\/p>\n<p><span style=%22font-weight: 400;%22>La jura estuvo a cargo del<strong> Ing. Agr. Adri\u00e1n Barrau,<\/strong> quien evalu\u00f3 la presentaci\u00f3n de dos tr\u00edos de toros, dos tr\u00edos de hembras y un toro individual de pedigree, este \u00faltimo fue el animal m\u00e1s elogiado por sus sobresalientes caracter\u00edsticas fenot\u00edpicas. El ejemplar, perteneciente a la Caba\u00f1a J. B. Caldenes, fue consagrado Gran Campe\u00f3n, destac\u00e1ndose por su desarrollo, funcionalidad y estructura. Tambi\u00e9n agradecemos especialmente la participaci\u00f3n de Caba\u00f1a Gran Ancona, quien acompa\u00f1\u00f3 con ejemplares de destacada calidad.<\/span><\/p>\n<p><span style=%22font-weight: 400;%22>%22Fue una excelente presentaci\u00f3n de la raza nuevamente en AgroActiva, despu\u00e9s de tantos a\u00f1os de presencia. Los animales que salieron a pista mostraron todas las cualidades que hacen a esta raza inigualable en t\u00e9rminos de docilidad, rusticidad y calidad carnicera%22, expres\u00f3 el Ing. Barrau al finalizar la jura.<\/span><\/p>\n<p><span style=%22font-weight: 400;%22>Adem\u00e1s, se concret\u00f3 la venta de reproductores, coronando dos jornadas que reflejaron el trabajo, la dedicaci\u00f3n y la proyecci\u00f3n de la raza Hereford en todo el territorio nacional.<\/span><\/p>\n<p><span style=%22font-weight: 400;%22>Desde la Asociaci\u00f3n agradecemos a todos quienes participaron, colaboraron y acompa\u00f1aron esta edici\u00f3n de AgroActiva, que sin dudas fue una verdadera muestra del presente y el futuro de nuestra ganader\u00eda.<\/span><\/p>\n<p>&nbsp;<\/p>\n<div class=%22%22 data-block=%22true%22 data-editor=%22e6nui%22 data-offset-key=%221i4ti-0-0%22>\n<div data-offset-key=%221i4ti-0-0%22 class=%22_1mf _1mj%22><\/div>\n<\/div>\n<div class=%22%22 data-block=%22true%22 data-editor=%22e6nui%22 data-offset-key=%221i4ti-0-0%22>\n<div data-offset-key=%221i4ti-0-0%22 class=%22_1mf _1mj%22><span data-offset-key=%221i4ti-0-0%22><\/span><\/div>\n<\/div>\n<p>\u00bb content_last_edited=\u00bbon|desktop\u00bb _builder_version=\u00bb4.27.4&#8243; _module_preset=\u00bbdefault\u00bb custom_padding=\u00bb|16px||16px||\u00bb hover_enabled=\u00bb0&#8243; global_colors_info=\u00bb{}\u00bb theme_builder_area=\u00bbpost_content\u00bb sticky_enabled=\u00bb0&#8243;]<\/p>\n<p><span style=\"font-weight: 400;\">Del 4 al 7 de junio, Hereford Argentina particip\u00f3 de una nueva edici\u00f3n de AgroActiva, reafirmando su compromiso con la ganader\u00eda nacional y mostrando, una vez m\u00e1s, el potencial gen\u00e9tico y productivo de la raza. La exposici\u00f3n, una de las m\u00e1s relevantes del calendario agropecuario argentino, reuni\u00f3 a miles de productores, t\u00e9cnicos y visitantes de todo el pa\u00eds.<\/span><\/p>\n<p><span style=\"font-weight: 400;\">La participaci\u00f3n de Hereford se destac\u00f3 por una<strong> jura de ejemplares de excelente nivel<\/strong>, un r<strong>emate especial de invernada<\/strong> que convoc\u00f3 a productores y compradores de distintas regiones, y una <strong>jornada de camarader\u00eda<\/strong> que reuni\u00f3 a m\u00e1s de 80 personas, entre criadores, caba\u00f1eros, autoridades institucionales y legisladores nacionales de la provincia de Santa Fe.<\/span><\/p>\n<p><span style=\"font-weight: 400;\">La jura estuvo a cargo del<strong> Ing. Agr. Adri\u00e1n Barrau,<\/strong> quien evalu\u00f3 la presentaci\u00f3n de dos tr\u00edos de toros, dos tr\u00edos de hembras y un toro individual de pedigree, este \u00faltimo fue el animal m\u00e1s elogiado por sus sobresalientes caracter\u00edsticas fenot\u00edpicas. El ejemplar, perteneciente a la Caba\u00f1a J. B. Caldenes, fue consagrado Gran Campe\u00f3n, destac\u00e1ndose por su desarrollo, funcionalidad y estructura. Tambi\u00e9n agradecemos especialmente la participaci\u00f3n de Caba\u00f1a Gran Ancona, quien acompa\u00f1\u00f3 con ejemplares de destacada calidad.<\/span><\/p>\n<p><span style=\"font-weight: 400;\">\u00abFue una excelente presentaci\u00f3n de la raza nuevamente en AgroActiva, despu\u00e9s de tantos a\u00f1os de presencia. Los animales que salieron a pista mostraron todas las cualidades que hacen a esta raza inigualable en t\u00e9rminos de docilidad, rusticidad y calidad carnicera\u00bb, expres\u00f3 el Ing. Barrau al finalizar la jura.<\/span><\/p>\n<p><span style=\"font-weight: 400;\">Adem\u00e1s, se concret\u00f3 la venta de reproductores, coronando dos jornadas que reflejaron el trabajo, la dedicaci\u00f3n y la proyecci\u00f3n de la raza Hereford en todo el territorio nacional.<\/span><\/p>\n<p><span style=\"font-weight: 400;\">Desde la Asociaci\u00f3n agradecemos a todos quienes participaron, colaboraron y acompa\u00f1aron esta edici\u00f3n de AgroActiva, que sin dudas fue una verdadera muestra del presente y el futuro de nuestra ganader\u00eda.<\/span><\/p>\n<p>&nbsp;<\/p>\n<div class=\"\" data-block=\"true\" data-editor=\"e6nui\" data-offset-key=\"1i4ti-0-0\">\n<div data-offset-key=\"1i4ti-0-0\" class=\"_1mf _1mj\"><span data-offset-key=\"1i4ti-0-0\"><\/span><\/div>\n<\/div>\n<p>[\/et_pb_text][et_pb_gallery _builder_version=\u00bb4.27.4&#8243; _module_preset=\u00bbdefault\u00bb theme_builder_area=\u00bbpost_content\u00bb gallery_ids=\u00bb3889,3890,3891,3892,3893,3894,3895,3896,3897&#8243; hover_enabled=\u00bb0&#8243; sticky_enabled=\u00bb0&#8243; caption_font_size=\u00bb15px\u00bb posts_number=\u00bb8&#8243; show_title_and_caption=\u00bboff\u00bb][\/et_pb_gallery][\/et_pb_column][\/et_pb_row][\/et_pb_section]<\/p>\n","protected":false},"excerpt":{"rendered":"<p>Hereford Argentina mostr\u00f3 su&#8230;<\/p>\n","protected":false},"author":5,"featured_media":3885,"comment_status":"closed","ping_status":"open","sticky":false,"template":"","format":"standard","meta":{"_et_pb_use_builder":"on","_et_pb_old_content":"","_et_gb_content_width":"","site-sidebar-layout":"default","site-content-layout":"","ast-site-content-layout":"full-width-container","site-content-style":"default","site-sidebar-style":"default","ast-global-header-display":"","ast-banner-title-visibility":"","ast-main-header-display":"","ast-hfb-above-header-display":"","ast-hfb-below-header-display":"","ast-hfb-mobile-header-display":"","site-post-title":"","ast-breadcrumbs-content":"","ast-featured-img":"","footer-sml-layout":"disabled","ast-disable-related-posts":"","theme-transparent-header-meta":"","adv-header-id-meta":"","stick-header-meta":"","header-above-stick-meta":"","header-main-stick-meta":"","header-below-stick-meta":"","astra-migrate-meta-layouts":"set","ast-page-background-enabled":"default","ast-page-background-meta":{"desktop":{"background-color":"var(--ast-global-color-4)","background-image":"","background-repeat":"repeat","background-position":"center center","background-size":"auto","background-attachment":"scroll","background-type":"","background-media":"","overlay-type":"","overlay-color":"","overlay-opacity":"","overlay-gradient":""},"tablet":{"background-color":"","background-image":"","background-repeat":"repeat","background-position":"center center","background-size":"auto","background-attachment":"scroll","background-type":"","background-media":"","overlay-type":"","overlay-color":"","overlay-opacity":"","overlay-gradient":""},"mobile":{"background-color":"","background-image":"","background-repeat":"repeat","background-position":"center center","background-size":"auto","background-attachment":"scroll","background-type":"","background-media":"","overlay-type":"","overlay-color":"","overlay-opacity":"","overlay-gradient":""}},"ast-content-background-meta":{"desktop":{"background-color":"var(--ast-global-color-5)","background-image":"","background-repeat":"repeat","background-position":"center center","background-size":"auto","background-attachment":"scroll","background-type":"","background-media":"","overlay-type":"","overlay-color":"","overlay-opacity":"","overlay-gradient":""},"tablet":{"background-color":"var(--ast-global-color-5)","background-image":"","background-repeat":"repeat","background-position":"center center","background-size":"auto","background-attachment":"scroll","background-type":"","background-media":"","overlay-type":"","overlay-color":"","overlay-opacity":"","overlay-gradient":""},"mobile":{"background-color":"var(--ast-global-color-5)","background-image":"","background-repeat":"repeat","background-position":"center center","background-size":"auto","background-attachment":"scroll","background-type":"","background-media":"","overlay-type":"","overlay-color":"","overlay-opacity":"","overlay-gradient":""}},"footnotes":""},"categories":[1],"tags":[],"class_list":["post-3883","post","type-post","status-publish","format-standard","has-post-thumbnail","hentry","category-uncategorized"],"_links":{"self":[{"href":"https:\/\/www.hereford.org.ar\/web\/wp-json\/wp\/v2\/posts\/3883","targetHints":{"allow":["GET"]}}],"collection":[{"href":"https:\/\/www.hereford.org.ar\/web\/wp-json\/wp\/v2\/posts"}],"about":[{"href":"https:\/\/www.hereford.org.ar\/web\/wp-json\/wp\/v2\/types\/post"}],"author":[{"embeddable":true,"href":"https:\/\/www.hereford.org.ar\/web\/wp-json\/wp\/v2\/users\/5"}],"replies":[{"embeddable":true,"href":"https:\/\/www.hereford.org.ar\/web\/wp-json\/wp\/v2\/comments?post=3883"}],"version-history":[{"count":5,"href":"https:\/\/www.hereford.org.ar\/web\/wp-json\/wp\/v2\/posts\/3883\/revisions"}],"predecessor-version":[{"id":3899,"href":"https:\/\/www.hereford.org.ar\/web\/wp-json\/wp\/v2\/posts\/3883\/revisions\/3899"}],"wp:featuredmedia":[{"embeddable":true,"href":"https:\/\/www.hereford.org.ar\/web\/wp-json\/wp\/v2\/media\/3885"}],"wp:attachment":[{"href":"https:\/\/www.hereford.org.ar\/web\/wp-json\/wp\/v2\/media?parent=3883"}],"wp:term":[{"taxonomy":"category","embeddable":true,"href":"https:\/\/www.hereford.org.ar\/web\/wp-json\/wp\/v2\/categories?post=3883"},{"taxonomy":"post_tag","embeddable":true,"href":"https:\/\/www.hereford.org.ar\/web\/wp-json\/wp\/v2\/tags?post=3883"}],"curies":[{"name":"wp","href":"https:\/\/api.w.org\/{rel}","templated":true}]}}