{"id":3845,"date":"2025-06-05T13:33:14","date_gmt":"2025-06-05T16:33:14","guid":{"rendered":"https:\/\/www.hereford.org.ar\/web\/?p=3845"},"modified":"2025-06-05T13:56:08","modified_gmt":"2025-06-05T16:56:08","slug":"hereford-junior-se-reunio-de-forma-virtual-para-coordinar-su-participacion-en-palermo-y-fortalecer-el-trabajo-en-red","status":"publish","type":"post","link":"https:\/\/www.hereford.org.ar\/web\/hereford-junior-se-reunio-de-forma-virtual-para-coordinar-su-participacion-en-palermo-y-fortalecer-el-trabajo-en-red\/","title":{"rendered":"Hereford Junior se reuni\u00f3 de forma virtual para coordinar su participaci\u00f3n en Palermo y fortalecer el trabajo en red"},"content":{"rendered":"\n[et_pb_section fb_built=\u00bb1&#8243; _builder_version=\u00bb4.27.4&#8243; _module_preset=\u00bbdefault\u00bb global_colors_info=\u00bb{}\u00bb][et_pb_row _builder_version=\u00bb4.27.4&#8243; _module_preset=\u00bbdefault\u00bb global_colors_info=\u00bb{}\u00bb][et_pb_column type=\u00bb4_4&#8243; _builder_version=\u00bb4.27.4&#8243; _module_preset=\u00bbdefault\u00bb global_colors_info=\u00bb{}\u00bb][et_pb_text _builder_version=\u00bb4.27.4&#8243; _module_preset=\u00bbdefault\u00bb text_font=\u00bb|700|||||||\u00bb text_font_size=\u00bb24px\u00bb header_text_align=\u00bbcenter\u00bb text_orientation=\u00bbcenter\u00bb custom_padding=\u00bb|8px||12px||\u00bb hover_enabled=\u00bb0&#8243; global_colors_info=\u00bb{}\u00bb sticky_enabled=\u00bb0&#8243;]<p style=\"text-align: center;\"><strong>Hereford Junior se reuni\u00f3 de forma virtual para coordinar su participaci\u00f3n en Palermo y fortalecer el trabajo en red<\/strong><\/p>\n<p><strong><\/strong><\/p>\n[\/et_pb_text][\/et_pb_column][\/et_pb_row][et_pb_row _builder_version=\u00bb4.27.4&#8243; _module_preset=\u00bbdefault\u00bb global_colors_info=\u00bb{}\u00bb][et_pb_column type=\u00bb4_4&#8243; _builder_version=\u00bb4.27.4&#8243; _module_preset=\u00bbdefault\u00bb global_colors_info=\u00bb{}\u00bb][et_pb_image src=\u00bbhttps:\/\/www.hereford.org.ar\/web\/wp-content\/uploads\/2025\/06\/Foto-web-notas-700&#215;500-1.png\u00bb title_text=\u00bbFoto web notas 700&#215;500&#8243; _builder_version=\u00bb4.27.4&#8243; _module_preset=\u00bbdefault\u00bb width=\u00bb78%\u00bb module_alignment=\u00bbcenter\u00bb global_colors_info=\u00bb{}\u00bb][\/et_pb_image][\/et_pb_column][\/et_pb_row][et_pb_row _builder_version=\u00bb4.27.4&#8243; _module_preset=\u00bbdefault\u00bb global_colors_info=\u00bb{}\u00bb][et_pb_column type=\u00bb4_4&#8243; _builder_version=\u00bb4.27.4&#8243; _module_preset=\u00bbdefault\u00bb global_colors_info=\u00bb{}\u00bb][et_pb_text content_tablet=\u00bb<p data-start=%22141%22 data-end=%22396%22 class=%22%22>Inici\u00f3 una nueva edici\u00f3n de la Prueba Pastoril Hereford en el campo del <strong>INTA Concepci\u00f3n del Uruguay<\/strong>, con el ingreso de <strong>121 animales<\/strong> provenientes de distintas caba\u00f1as. En este 4\u00b0 ciclo participan <strong>75 hembras y 46 machos<\/strong>, que llegaron en excelentes condiciones sanitarias y corporales.<\/p>\n<div class=%22%22 data-block=%22true%22 data-editor=%22e6nui%22 data-offset-key=%22bag3j-0-0%22>\n<div data-offset-key=%22bag3j-0-0%22 class=%22_1mf _1mj%22><span data-offset-key=%22bag3j-0-0%22> <\/span><\/div>\n<\/div>\n<div class=%22%22 data-block=%22true%22 data-editor=%22e6nui%22 data-offset-key=%2257iih-0-0%22>\n<div data-offset-key=%2257iih-0-0%22 class=%22_1mf _1mj%22><span data-offset-key=%2257iih-0-0%22>Seg\u00fan explic\u00f3 el <strong>Ing. Sebasti\u00e1n Vittone,<\/strong> Investigador del INTA Concepci\u00f3n del Uruguay y Coordinador de la Prueba Pastoril, los animales atraviesan inicialmente un protocolo sanitario desarrollado junto a Biog\u00e9nesis Bag\u00f3. Luego, tras 4 a 5 d\u00edas de adaptaci\u00f3n en corrales, se los divide por categor\u00eda y se inicia un primer per\u00edodo de 15 d\u00edas de pastoreo. Finalizada esta etapa, se realizan las mediciones de inicio de prueba: peso, altura, ecograf\u00eda y condici\u00f3n corporal, dando as\u00ed inicio a la competencia.<\/span><\/div>\n<\/div>\n<div class=%22%22 data-block=%22true%22 data-editor=%22e6nui%22 data-offset-key=%22236vf-0-0%22>\n<div data-offset-key=%22236vf-0-0%22 class=%22_1mf _1mj%22><span data-offset-key=%22236vf-0-0%22> <\/span><\/div>\n<\/div>\n<div class=%22%22 data-block=%22true%22 data-editor=%22e6nui%22 data-offset-key=%221i4ti-0-0%22>\n<div data-offset-key=%221i4ti-0-0%22 class=%22_1mf _1mj%22><span data-offset-key=%221i4ti-0-0%22>Se trata de una de las <strong>pruebas pastoriles m\u00e1s grandes de Sudam\u00e9rica<\/strong>, una instancia clave para evaluar el rendimiento productivo en condiciones reales de campo y seguir generando datos objetivos para el mejoramiento gen\u00e9tico de la raza.<\/span><\/div>\n<div data-offset-key=%221i4ti-0-0%22 class=%22_1mf _1mj%22><span data-offset-key=%221i4ti-0-0%22><\/span><\/div>\n<\/div>\u00bb content_phone=\u00bb<p>El lunes 2 de junio se realiz\u00f3 un <strong>encuentro virtual<\/strong> entre los integrantes de las <strong>zonales Junior Hereford de Bonaerense Sudeste, Bonaerense Norte, Mesopotamia, Patagonia Norte y Patagonia Sur.<\/strong> Esta reuni\u00f3n tuvo como objetivo principal <strong>avanzar en la planificaci\u00f3n de la participaci\u00f3n de los j\u00f3venes en la pr\u00f3xima Exposici\u00f3n Rural de Palermo,<\/strong> uno de los eventos m\u00e1s importantes del calendario ganadero.<\/p>\n<p>Durante el encuentro, se trabaj\u00f3 sobre la planilla de asistencia a la muestra, con el fin de estimar la cantidad de integrantes disponibles para<strong> colaborar en diferentes tareas,<\/strong> y as\u00ed poder organizar con tiempo los aspectos log\u00edsticos vinculados a la estad\u00eda y el transporte de quienes necesiten apoyo en esos rubros. Adem\u00e1s, se dialog\u00f3 sobre la venta de dosis de semen a beneficio de la Junior, tanto en el marco del Remate de Campeones como a trav\u00e9s de canales directos con interesados. Se propusieron ideas para dar visibilidad y reconocimiento a las caba\u00f1as y criadores que realizan donaciones, como historias destacadas en redes sociales o menciones institucionales.<\/p>\n<p>Tambi\u00e9n se dedic\u00f3 un espacio para brindar una <strong>introducci\u00f3n a los nuevos integrantes sobre el funcionamiento y los objetivos de la Junior Hereford,<\/strong> destacando el rol que cumple este espacio en el desarrollo de liderazgos j\u00f3venes vinculados a la raza. Adem\u00e1s, se comparti\u00f3 la experiencia reciente de elecciones internas realizadas por la zonal Bonaerense, como modelo para fomentar la participaci\u00f3n democr\u00e1tica y organizada dentro del grupo.<\/p>\n<p>Finalmente, se present\u00f3 la <strong>nueva estrategia de trabajo en redes sociales,<\/strong> articulada con el \u00e1rea de comunicaci\u00f3n de Hereford Argentina. El objetivo es generar contenidos con mayor alcance y visibilidad para las actividades de la juventud, promoviendo su protagonismo dentro y fuera de la comunidad ganadera.<\/p>\n<p><strong>La Junior Hereford contin\u00faa creciendo como un espacio de formaci\u00f3n, compromiso y construcci\u00f3n colectiva, con j\u00f3venes que aportan ideas, energ\u00eda y vocaci\u00f3n al desarrollo de la raza en todo el pa\u00eds.<\/strong><\/p>\n<p> <\/p>\n<div class=%22%22 data-block=%22true%22 data-editor=%22e6nui%22 data-offset-key=%221i4ti-0-0%22>\n<div data-offset-key=%221i4ti-0-0%22 class=%22_1mf _1mj%22><span data-offset-key=%221i4ti-0-0%22><\/span><\/div>\n<\/div>\u00bb content_last_edited=\u00bbon|phone\u00bb _builder_version=\u00bb4.27.4&#8243; _module_preset=\u00bbdefault\u00bb custom_padding=\u00bb|16px||16px||\u00bb hover_enabled=\u00bb0&#8243; global_colors_info=\u00bb{}\u00bb sticky_enabled=\u00bb0&#8243;]<p>El lunes 2 de junio se realiz\u00f3 un <strong>encuentro virtual<\/strong> entre los integrantes de las <strong>zonales Hereford Junior de Bonaerense Sudeste, Bonaerense Norte, Mesopotamia, Patagonia Norte y Patagonia Sur.<\/strong> Esta reuni\u00f3n tuvo como objetivo principal <strong>avanzar en la planificaci\u00f3n de la participaci\u00f3n de los j\u00f3venes en la pr\u00f3xima Exposici\u00f3n Rural de Palermo,<\/strong> uno de los eventos m\u00e1s importantes del calendario ganadero.<\/p>\n<p>Durante el encuentro, se trabaj\u00f3 sobre la planilla de asistencia a la muestra, con el fin de estimar la cantidad de integrantes disponibles para<strong> colaborar en diferentes tareas,<\/strong> y as\u00ed poder organizar con tiempo los aspectos log\u00edsticos vinculados a la estad\u00eda y el transporte de quienes necesiten apoyo en esos rubros. Adem\u00e1s, se dialog\u00f3 sobre la venta de dosis de semen a beneficio de la Junior, tanto en el marco del Remate de Campeones como a trav\u00e9s de canales directos con interesados. Se propusieron ideas para dar visibilidad y reconocimiento a las caba\u00f1as y criadores que realizan donaciones, como historias destacadas en redes sociales o menciones institucionales.<\/p>\n<p>Tambi\u00e9n se dedic\u00f3 un espacio para brindar una <strong>introducci\u00f3n a los nuevos integrantes sobre el funcionamiento y los objetivos de Hereford Junior,<\/strong> destacando el rol que cumple este espacio en el desarrollo de liderazgos j\u00f3venes vinculados a la raza. Adem\u00e1s, se comparti\u00f3 la experiencia reciente de elecciones internas realizadas por la zonal Bonaerense, como modelo para fomentar la participaci\u00f3n democr\u00e1tica y organizada dentro del grupo.<\/p>\n<p>Finalmente, se present\u00f3 la <strong>nueva estrategia de trabajo en redes sociales,<\/strong> articulada con el \u00e1rea de comunicaci\u00f3n de Hereford Argentina. El objetivo es generar contenidos con mayor alcance y visibilidad para las actividades de la juventud, promoviendo su protagonismo dentro y fuera de la comunidad ganadera.<\/p>\n<p><strong>Hereford Junior contin\u00faa creciendo como un espacio de formaci\u00f3n, compromiso y construcci\u00f3n colectiva, con j\u00f3venes que aportan ideas, energ\u00eda y vocaci\u00f3n al desarrollo de la raza en todo el pa\u00eds.<\/strong><\/p>\n<p>&nbsp;<\/p>\n<p>&nbsp;<\/p>\n<div class=\"\" data-block=\"true\" data-editor=\"e6nui\" data-offset-key=\"1i4ti-0-0\">\n<div data-offset-key=\"1i4ti-0-0\" class=\"_1mf _1mj\"><span data-offset-key=\"1i4ti-0-0\"><\/span><\/div>\n<\/div>\n[\/et_pb_text][\/et_pb_column][\/et_pb_row][\/et_pb_section]\n","protected":false},"excerpt":{"rendered":"<p>Hereford Junior se reuni\u00f3 de&#8230;<\/p>\n","protected":false},"author":5,"featured_media":3847,"comment_status":"closed","ping_status":"open","sticky":false,"template":"","format":"standard","meta":{"_et_pb_use_builder":"on","_et_pb_old_content":"","_et_gb_content_width":"","site-sidebar-layout":"default","site-content-layout":"","ast-site-content-layout":"full-width-container","site-content-style":"default","site-sidebar-style":"default","ast-global-header-display":"","ast-banner-title-visibility":"","ast-main-header-display":"","ast-hfb-above-header-display":"","ast-hfb-below-header-display":"","ast-hfb-mobile-header-display":"","site-post-title":"","ast-breadcrumbs-content":"","ast-featured-img":"","footer-sml-layout":"disabled","ast-disable-related-posts":"","theme-transparent-header-meta":"","adv-header-id-meta":"","stick-header-meta":"","header-above-stick-meta":"","header-main-stick-meta":"","header-below-stick-meta":"","astra-migrate-meta-layouts":"set","ast-page-background-enabled":"default","ast-page-background-meta":{"desktop":{"background-color":"var(--ast-global-color-4)","background-image":"","background-repeat":"repeat","background-position":"center center","background-size":"auto","background-attachment":"scroll","background-type":"","background-media":"","overlay-type":"","overlay-color":"","overlay-opacity":"","overlay-gradient":""},"tablet":{"background-color":"","background-image":"","background-repeat":"repeat","background-position":"center center","background-size":"auto","background-attachment":"scroll","background-type":"","background-media":"","overlay-type":"","overlay-color":"","overlay-opacity":"","overlay-gradient":""},"mobile":{"background-color":"","background-image":"","background-repeat":"repeat","background-position":"center center","background-size":"auto","background-attachment":"scroll","background-type":"","background-media":"","overlay-type":"","overlay-color":"","overlay-opacity":"","overlay-gradient":""}},"ast-content-background-meta":{"desktop":{"background-color":"var(--ast-global-color-5)","background-image":"","background-repeat":"repeat","background-position":"center center","background-size":"auto","background-attachment":"scroll","background-type":"","background-media":"","overlay-type":"","overlay-color":"","overlay-opacity":"","overlay-gradient":""},"tablet":{"background-color":"var(--ast-global-color-5)","background-image":"","background-repeat":"repeat","background-position":"center center","background-size":"auto","background-attachment":"scroll","background-type":"","background-media":"","overlay-type":"","overlay-color":"","overlay-opacity":"","overlay-gradient":""},"mobile":{"background-color":"var(--ast-global-color-5)","background-image":"","background-repeat":"repeat","background-position":"center center","background-size":"auto","background-attachment":"scroll","background-type":"","background-media":"","overlay-type":"","overlay-color":"","overlay-opacity":"","overlay-gradient":""}},"footnotes":""},"categories":[1],"tags":[],"class_list":["post-3845","post","type-post","status-publish","format-standard","has-post-thumbnail","hentry","category-uncategorized"],"_links":{"self":[{"href":"https:\/\/www.hereford.org.ar\/web\/wp-json\/wp\/v2\/posts\/3845","targetHints":{"allow":["GET"]}}],"collection":[{"href":"https:\/\/www.hereford.org.ar\/web\/wp-json\/wp\/v2\/posts"}],"about":[{"href":"https:\/\/www.hereford.org.ar\/web\/wp-json\/wp\/v2\/types\/post"}],"author":[{"embeddable":true,"href":"https:\/\/www.hereford.org.ar\/web\/wp-json\/wp\/v2\/users\/5"}],"replies":[{"embeddable":true,"href":"https:\/\/www.hereford.org.ar\/web\/wp-json\/wp\/v2\/comments?post=3845"}],"version-history":[{"count":7,"href":"https:\/\/www.hereford.org.ar\/web\/wp-json\/wp\/v2\/posts\/3845\/revisions"}],"predecessor-version":[{"id":3854,"href":"https:\/\/www.hereford.org.ar\/web\/wp-json\/wp\/v2\/posts\/3845\/revisions\/3854"}],"wp:featuredmedia":[{"embeddable":true,"href":"https:\/\/www.hereford.org.ar\/web\/wp-json\/wp\/v2\/media\/3847"}],"wp:attachment":[{"href":"https:\/\/www.hereford.org.ar\/web\/wp-json\/wp\/v2\/media?parent=3845"}],"wp:term":[{"taxonomy":"category","embeddable":true,"href":"https:\/\/www.hereford.org.ar\/web\/wp-json\/wp\/v2\/categories?post=3845"},{"taxonomy":"post_tag","embeddable":true,"href":"https:\/\/www.hereford.org.ar\/web\/wp-json\/wp\/v2\/tags?post=3845"}],"curies":[{"name":"wp","href":"https:\/\/api.w.org\/{rel}","templated":true}]}}