{"id":3794,"date":"2025-06-03T13:53:58","date_gmt":"2025-06-03T16:53:58","guid":{"rendered":"https:\/\/www.hereford.org.ar\/web\/?p=3794"},"modified":"2025-06-05T13:22:00","modified_gmt":"2025-06-05T16:22:00","slug":"jornada-en-pergamino-mas-de-60-estudiantes-participaron-del-programa-expo-jovenes-hereford","status":"publish","type":"post","link":"https:\/\/www.hereford.org.ar\/web\/jornada-en-pergamino-mas-de-60-estudiantes-participaron-del-programa-expo-jovenes-hereford\/","title":{"rendered":"Jornada en Pergamino: m\u00e1s de 60 estudiantes participaron del programa Expo J\u00f3venes Hereford"},"content":{"rendered":"<p>[et_pb_section fb_built=\u00bb1&#8243; _builder_version=\u00bb4.27.4&#8243; _module_preset=\u00bbdefault\u00bb global_colors_info=\u00bb{}\u00bb][et_pb_row _builder_version=\u00bb4.27.4&#8243; _module_preset=\u00bbdefault\u00bb global_colors_info=\u00bb{}\u00bb][et_pb_column type=\u00bb4_4&#8243; _builder_version=\u00bb4.27.4&#8243; _module_preset=\u00bbdefault\u00bb global_colors_info=\u00bb{}\u00bb][et_pb_text _builder_version=\u00bb4.27.4&#8243; _module_preset=\u00bbdefault\u00bb text_font=\u00bb|700|||||||\u00bb text_font_size=\u00bb24px\u00bb header_text_align=\u00bbcenter\u00bb text_orientation=\u00bbcenter\u00bb global_colors_info=\u00bb{}\u00bb]<\/p>\n<p style=\"text-align: center;\"><strong>Jornada te\u00f3rico-pr\u00e1ctica en Pergamino: m\u00e1s de 60 estudiantes participaron del programa Expo J\u00f3venes Hereford<\/strong><\/p>\n<p><strong><\/strong><\/p>\n<p>[\/et_pb_text][\/et_pb_column][\/et_pb_row][et_pb_row _builder_version=\u00bb4.27.4&#8243; _module_preset=\u00bbdefault\u00bb global_colors_info=\u00bb{}\u00bb][et_pb_column type=\u00bb4_4&#8243; _builder_version=\u00bb4.27.4&#8243; _module_preset=\u00bbdefault\u00bb global_colors_info=\u00bb{}\u00bb][et_pb_image src=\u00bbhttps:\/\/www.hereford.org.ar\/web\/wp-content\/uploads\/2025\/06\/Foto-web-notas-700&#215;500-4-1.png\u00bb title_text=\u00bbFoto web notas 700&#215;500 (4)\u00bb _builder_version=\u00bb4.27.4&#8243; _module_preset=\u00bbdefault\u00bb width=\u00bb78%\u00bb module_alignment=\u00bbcenter\u00bb global_colors_info=\u00bb{}\u00bb][\/et_pb_image][\/et_pb_column][\/et_pb_row][et_pb_row _builder_version=\u00bb4.27.4&#8243; _module_preset=\u00bbdefault\u00bb global_colors_info=\u00bb{}\u00bb][et_pb_column type=\u00bb4_4&#8243; _builder_version=\u00bb4.27.4&#8243; _module_preset=\u00bbdefault\u00bb global_colors_info=\u00bb{}\u00bb][et_pb_text content_tablet=\u00bb<\/p>\n<p data-start=%22141%22 data-end=%22396%22 class=%22%22>Inici\u00f3 una nueva edici\u00f3n de la Prueba Pastoril Hereford en el campo del <strong>INTA Concepci\u00f3n del Uruguay<\/strong>, con el ingreso de <strong>121 animales<\/strong> provenientes de distintas caba\u00f1as. En este 4\u00b0 ciclo participan <strong>75 hembras y 46 machos<\/strong>, que llegaron en excelentes condiciones sanitarias y corporales.<\/p>\n<div class=%22%22 data-block=%22true%22 data-editor=%22e6nui%22 data-offset-key=%22bag3j-0-0%22>\n<div data-offset-key=%22bag3j-0-0%22 class=%22_1mf _1mj%22><span data-offset-key=%22bag3j-0-0%22> <\/span><\/div>\n<\/div>\n<div class=%22%22 data-block=%22true%22 data-editor=%22e6nui%22 data-offset-key=%2257iih-0-0%22>\n<div data-offset-key=%2257iih-0-0%22 class=%22_1mf _1mj%22><span data-offset-key=%2257iih-0-0%22>Seg\u00fan explic\u00f3 el <strong>Ing. Sebasti\u00e1n Vittone,<\/strong> Investigador del INTA Concepci\u00f3n del Uruguay y Coordinador de la Prueba Pastoril, los animales atraviesan inicialmente un protocolo sanitario desarrollado junto a Biog\u00e9nesis Bag\u00f3. Luego, tras 4 a 5 d\u00edas de adaptaci\u00f3n en corrales, se los divide por categor\u00eda y se inicia un primer per\u00edodo de 15 d\u00edas de pastoreo. Finalizada esta etapa, se realizan las mediciones de inicio de prueba: peso, altura, ecograf\u00eda y condici\u00f3n corporal, dando as\u00ed inicio a la competencia.<\/span><\/div>\n<\/div>\n<div class=%22%22 data-block=%22true%22 data-editor=%22e6nui%22 data-offset-key=%22236vf-0-0%22>\n<div data-offset-key=%22236vf-0-0%22 class=%22_1mf _1mj%22><span data-offset-key=%22236vf-0-0%22> <\/span><\/div>\n<\/div>\n<div class=%22%22 data-block=%22true%22 data-editor=%22e6nui%22 data-offset-key=%221i4ti-0-0%22>\n<div data-offset-key=%221i4ti-0-0%22 class=%22_1mf _1mj%22><span data-offset-key=%221i4ti-0-0%22>Se trata de una de las <strong>pruebas pastoriles m\u00e1s grandes de Sudam\u00e9rica<\/strong>, una instancia clave para evaluar el rendimiento productivo en condiciones reales de campo y seguir generando datos objetivos para el mejoramiento gen\u00e9tico de la raza.<\/span><\/div>\n<div data-offset-key=%221i4ti-0-0%22 class=%22_1mf _1mj%22><span data-offset-key=%221i4ti-0-0%22><\/span><\/div>\n<\/div>\n<p>\u00bb content_phone=\u00bb<\/p>\n<p><span style=%22font-weight: 400;%22>La Escuela Agrot\u00e9cnica de Pergamino fue sede de una jornada educativa en el marco del programa Expo J\u00f3venes Hereford, una iniciativa impulsada por Hereford Argentina que busca acercar a estudiantes de escuelas agropecuarias a las pr\u00e1cticas propias del trabajo caba\u00f1ero.<\/span><\/p>\n<p><span style=%22font-weight: 400;%22>M\u00e1s de 60 alumnos de 6\u00ba y 7\u00ba a\u00f1o, pertenecientes a seis escuelas de la regi\u00f3n Buenos Aires Norte, participaron de una instancia te\u00f3rico-pr\u00e1ctica orientada a la preparaci\u00f3n y presentaci\u00f3n de animales de la raza Hereford. Durante el encuentro, se trabaj\u00f3 con cuatro terneras cedidas por caba\u00f1as socias, que ser\u00e1n preparadas por los alumnos para competir en la Exposici\u00f3n Rural de Pergamino, prevista para el 13 de septiembre.<\/span><\/p>\n<p><span style=%22font-weight: 400;%22>La jornada incluy\u00f3 una capacitaci\u00f3n sobre preparaci\u00f3n animal a cargo del Sr. Juan Fernando Brital y cont\u00f3 con la coordinaci\u00f3n general del Ing. Agr. Fernando Plencovich, promotor t\u00e9cnico regional de Hereford Argentina. El proyecto busca fomentar valores como el compromiso, la responsabilidad y el conocimiento t\u00e9cnico entre los futuros profesionales del agro.<\/span><\/p>\n<div class=%22%22 data-block=%22true%22 data-editor=%22e6nui%22 data-offset-key=%221i4ti-0-0%22>\n<div data-offset-key=%221i4ti-0-0%22 class=%22_1mf _1mj%22><span data-offset-key=%221i4ti-0-0%22><\/span><\/div>\n<\/div>\n<p>\u00bb content_last_edited=\u00bbon|phone\u00bb _builder_version=\u00bb4.27.4&#8243; _module_preset=\u00bbdefault\u00bb custom_padding=\u00bb|16px||16px||\u00bb global_colors_info=\u00bb{}\u00bb]<\/p>\n<div class=\"\" data-block=\"true\" data-editor=\"e6nui\" data-offset-key=\"1i4ti-0-0\">\n<div data-offset-key=\"1i4ti-0-0\" class=\"_1mf _1mj\">\n<p><span style=\"font-weight: 400;\">La Escuela Agrot\u00e9cnica de Pergamino fue sede de una jornada educativa en el marco del programa Expo J\u00f3venes Hereford, una iniciativa impulsada por Hereford Argentina que busca acercar a estudiantes de escuelas agropecuarias a las pr\u00e1cticas propias del trabajo caba\u00f1ero.<\/span><\/p>\n<p><span style=\"font-weight: 400;\">M\u00e1s de 60 alumnos de 6\u00ba y 7\u00ba a\u00f1o, pertenecientes a seis escuelas de la regi\u00f3n Buenos Aires Norte, participaron de una instancia te\u00f3rico-pr\u00e1ctica orientada a la preparaci\u00f3n y presentaci\u00f3n de animales de la raza Hereford. Durante el encuentro, se trabaj\u00f3 con cuatro terneras cedidas por caba\u00f1as socias, que ser\u00e1n preparadas por los alumnos para competir en la Exposici\u00f3n Rural de Pergamino, prevista para el 13 de septiembre.<\/span><\/p>\n<p><span style=\"font-weight: 400;\">La jornada incluy\u00f3 una capacitaci\u00f3n sobre preparaci\u00f3n animal a cargo del Sr. Juan Fernandez Brital y cont\u00f3 con la coordinaci\u00f3n general del Agr. Fernando Plencovich, promotor t\u00e9cnico regional de Hereford Argentina. El proyecto busca fomentar valores como el compromiso, la responsabilidad y el conocimiento t\u00e9cnico entre los futuros profesionales del agro.<\/span><\/p>\n<\/div>\n<\/div>\n<p>[\/et_pb_text][et_pb_gallery gallery_ids=\u00bb3799,3800,3801,3833,3834,3835,3836,3837,3838,3839,3840,3841,3842&#8243; _builder_version=\u00bb4.27.4&#8243; _module_preset=\u00bbdefault\u00bb hover_enabled=\u00bb0&#8243; global_colors_info=\u00bb{}\u00bb sticky_enabled=\u00bb0&#8243;][\/et_pb_gallery][et_pb_text content_tablet=\u00bb<\/p>\n<p data-start=%22141%22 data-end=%22396%22 class=%22%22>Inici\u00f3 una nueva edici\u00f3n de la Prueba Pastoril Hereford en el campo del <strong>INTA Concepci\u00f3n del Uruguay<\/strong>, con el ingreso de <strong>121 animales<\/strong> provenientes de distintas caba\u00f1as. En este 4\u00b0 ciclo participan <strong>75 hembras y 46 machos<\/strong>, que llegaron en excelentes condiciones sanitarias y corporales.<\/p>\n<div class=%22%22 data-block=%22true%22 data-editor=%22e6nui%22 data-offset-key=%22bag3j-0-0%22>\n<div data-offset-key=%22bag3j-0-0%22 class=%22_1mf _1mj%22><span data-offset-key=%22bag3j-0-0%22> <\/span><\/div>\n<\/div>\n<div class=%22%22 data-block=%22true%22 data-editor=%22e6nui%22 data-offset-key=%2257iih-0-0%22>\n<div data-offset-key=%2257iih-0-0%22 class=%22_1mf _1mj%22><span data-offset-key=%2257iih-0-0%22>Seg\u00fan explic\u00f3 el <strong>Ing. Sebasti\u00e1n Vittone,<\/strong> Investigador del INTA Concepci\u00f3n del Uruguay y Coordinador de la Prueba Pastoril, los animales atraviesan inicialmente un protocolo sanitario desarrollado junto a Biog\u00e9nesis Bag\u00f3. Luego, tras 4 a 5 d\u00edas de adaptaci\u00f3n en corrales, se los divide por categor\u00eda y se inicia un primer per\u00edodo de 15 d\u00edas de pastoreo. Finalizada esta etapa, se realizan las mediciones de inicio de prueba: peso, altura, ecograf\u00eda y condici\u00f3n corporal, dando as\u00ed inicio a la competencia.<\/span><\/div>\n<\/div>\n<div class=%22%22 data-block=%22true%22 data-editor=%22e6nui%22 data-offset-key=%22236vf-0-0%22>\n<div data-offset-key=%22236vf-0-0%22 class=%22_1mf _1mj%22><span data-offset-key=%22236vf-0-0%22> <\/span><\/div>\n<\/div>\n<div class=%22%22 data-block=%22true%22 data-editor=%22e6nui%22 data-offset-key=%221i4ti-0-0%22>\n<div data-offset-key=%221i4ti-0-0%22 class=%22_1mf _1mj%22><span data-offset-key=%221i4ti-0-0%22>Se trata de una de las <strong>pruebas pastoriles m\u00e1s grandes de Sudam\u00e9rica<\/strong>, una instancia clave para evaluar el rendimiento productivo en condiciones reales de campo y seguir generando datos objetivos para el mejoramiento gen\u00e9tico de la raza.<\/span><\/div>\n<div data-offset-key=%221i4ti-0-0%22 class=%22_1mf _1mj%22><span data-offset-key=%221i4ti-0-0%22><\/span><\/div>\n<\/div>\n<p>\u00bb content_phone=\u00bb<\/p>\n<p><span style=%22font-weight: 400;%22>La Escuela Agrot\u00e9cnica de Pergamino fue sede de una jornada educativa en el marco del programa Expo J\u00f3venes Hereford, una iniciativa impulsada por Hereford Argentina que busca acercar a estudiantes de escuelas agropecuarias a las pr\u00e1cticas propias del trabajo caba\u00f1ero.<\/span><\/p>\n<p><span style=%22font-weight: 400;%22>M\u00e1s de 60 alumnos de 6\u00ba y 7\u00ba a\u00f1o, pertenecientes a seis escuelas de la regi\u00f3n Buenos Aires Norte, participaron de una instancia te\u00f3rico-pr\u00e1ctica orientada a la preparaci\u00f3n y presentaci\u00f3n de animales de la raza Hereford. Durante el encuentro, se trabaj\u00f3 con cuatro terneras cedidas por caba\u00f1as socias, que ser\u00e1n preparadas por los alumnos para competir en la Exposici\u00f3n Rural de Pergamino, prevista para el 13 de septiembre.<\/span><\/p>\n<p><span style=%22font-weight: 400;%22>La jornada incluy\u00f3 una capacitaci\u00f3n sobre preparaci\u00f3n animal a cargo del Sr. Juan Fernando Brital y cont\u00f3 con la coordinaci\u00f3n general del Ing. Agr. Fernando Plencovich, promotor t\u00e9cnico regional de Hereford Argentina. El proyecto busca fomentar valores como el compromiso, la responsabilidad y el conocimiento t\u00e9cnico entre los futuros profesionales del agro.<\/span><\/p>\n<div class=%22%22 data-block=%22true%22 data-editor=%22e6nui%22 data-offset-key=%221i4ti-0-0%22>\n<div data-offset-key=%221i4ti-0-0%22 class=%22_1mf _1mj%22><span data-offset-key=%221i4ti-0-0%22><\/span><\/div>\n<\/div>\n<p>\u00bb content_last_edited=\u00bbon|phone\u00bb _builder_version=\u00bb4.27.4&#8243; _module_preset=\u00bbdefault\u00bb custom_padding=\u00bb|16px||16px||\u00bb global_colors_info=\u00bb{}\u00bb]<\/p>\n<div class=\"\" data-block=\"true\" data-editor=\"e6nui\" data-offset-key=\"1i4ti-0-0\">\n<div data-offset-key=\"1i4ti-0-0\" class=\"_1mf _1mj\">\n<p><span style=\"font-weight: 400;\">Participaron del encuentro las siguientes instituciones: Escuela Agrot\u00e9cnica de Las Toscas (Lincoln), Instituto Agropecuario \u201cMariano Moreno\u201d (Alfonzo), Escuela de la Familia Agr\u00edcola de Acevedo, Escuela Agrot\u00e9cnica de Duggan, Escuela Agropecuaria de Pergamino y Escuela Agraria de Azul<\/span><\/p>\n<p><span style=\"font-weight: 400;\">Adem\u00e1s, hicieron posible esta actividad las caba\u00f1as La Reina (Nancy Rubio), Las Tres Hermanas (Daniel Reynoso), La Punala (Pedro Jacquelin), Don Carlos (Carlos Ivulich) y La Armon\u00eda (familia Blanchard), que cedieron animales en pr\u00e9stamo para el trabajo educativo.<\/span><\/p>\n<p><span style=\"font-weight: 400;\">El programa cuenta con el apoyo de empresas comprometidas con la educaci\u00f3n agraria: Scooby Agro, que aport\u00f3 materiales y equipos t\u00e9cnicos, y Prumen, que provey\u00f3 alimentos balanceados para el cuidado de los animales.<\/span><\/p>\n<p><span style=\"font-weight: 400;\">Expo J\u00f3venes Hereford se propone como una experiencia integral que articula formaci\u00f3n t\u00e9cnica, pr\u00e1ctica en campo y fortalecimiento de v\u00ednculos entre las escuelas y el sector productivo, con foco en la raza Hereford como herramienta para una ganader\u00eda sustentable y con proyecci\u00f3n.<\/span><\/p>\n<\/div>\n<\/div>\n<p>[\/et_pb_text][et_pb_button button_url=\u00bbhttps:\/\/www.instagram.com\/reel\/DKcgfMvOMT5\/?igsh=cnZkcTBzY3k3OGU4&#8243; button_text=\u00bbVer v\u00eddeo\u00bb button_alignment=\u00bbcenter\u00bb _builder_version=\u00bb4.27.4&#8243; _module_preset=\u00bbdefault\u00bb custom_button=\u00bbon\u00bb button_text_color=\u00bb#FFFFFF\u00bb button_bg_color=\u00bb#9b2e00&#8243; global_colors_info=\u00bb{}\u00bb][\/et_pb_button][\/et_pb_column][\/et_pb_row][\/et_pb_section]<\/p>\n","protected":false},"excerpt":{"rendered":"<p>Jornada te\u00f3rico-pr\u00e1ctica en&#8230;<\/p>\n","protected":false},"author":5,"featured_media":3796,"comment_status":"closed","ping_status":"open","sticky":false,"template":"","format":"standard","meta":{"_et_pb_use_builder":"on","_et_pb_old_content":"","_et_gb_content_width":"","site-sidebar-layout":"default","site-content-layout":"","ast-site-content-layout":"full-width-container","site-content-style":"default","site-sidebar-style":"default","ast-global-header-display":"","ast-banner-title-visibility":"","ast-main-header-display":"","ast-hfb-above-header-display":"","ast-hfb-below-header-display":"","ast-hfb-mobile-header-display":"","site-post-title":"","ast-breadcrumbs-content":"","ast-featured-img":"","footer-sml-layout":"disabled","ast-disable-related-posts":"","theme-transparent-header-meta":"","adv-header-id-meta":"","stick-header-meta":"","header-above-stick-meta":"","header-main-stick-meta":"","header-below-stick-meta":"","astra-migrate-meta-layouts":"set","ast-page-background-enabled":"default","ast-page-background-meta":{"desktop":{"background-color":"var(--ast-global-color-4)","background-image":"","background-repeat":"repeat","background-position":"center center","background-size":"auto","background-attachment":"scroll","background-type":"","background-media":"","overlay-type":"","overlay-color":"","overlay-opacity":"","overlay-gradient":""},"tablet":{"background-color":"","background-image":"","background-repeat":"repeat","background-position":"center center","background-size":"auto","background-attachment":"scroll","background-type":"","background-media":"","overlay-type":"","overlay-color":"","overlay-opacity":"","overlay-gradient":""},"mobile":{"background-color":"","background-image":"","background-repeat":"repeat","background-position":"center center","background-size":"auto","background-attachment":"scroll","background-type":"","background-media":"","overlay-type":"","overlay-color":"","overlay-opacity":"","overlay-gradient":""}},"ast-content-background-meta":{"desktop":{"background-color":"var(--ast-global-color-5)","background-image":"","background-repeat":"repeat","background-position":"center center","background-size":"auto","background-attachment":"scroll","background-type":"","background-media":"","overlay-type":"","overlay-color":"","overlay-opacity":"","overlay-gradient":""},"tablet":{"background-color":"var(--ast-global-color-5)","background-image":"","background-repeat":"repeat","background-position":"center center","background-size":"auto","background-attachment":"scroll","background-type":"","background-media":"","overlay-type":"","overlay-color":"","overlay-opacity":"","overlay-gradient":""},"mobile":{"background-color":"var(--ast-global-color-5)","background-image":"","background-repeat":"repeat","background-position":"center center","background-size":"auto","background-attachment":"scroll","background-type":"","background-media":"","overlay-type":"","overlay-color":"","overlay-opacity":"","overlay-gradient":""}},"footnotes":""},"categories":[1],"tags":[],"class_list":["post-3794","post","type-post","status-publish","format-standard","has-post-thumbnail","hentry","category-uncategorized"],"_links":{"self":[{"href":"https:\/\/www.hereford.org.ar\/web\/wp-json\/wp\/v2\/posts\/3794","targetHints":{"allow":["GET"]}}],"collection":[{"href":"https:\/\/www.hereford.org.ar\/web\/wp-json\/wp\/v2\/posts"}],"about":[{"href":"https:\/\/www.hereford.org.ar\/web\/wp-json\/wp\/v2\/types\/post"}],"author":[{"embeddable":true,"href":"https:\/\/www.hereford.org.ar\/web\/wp-json\/wp\/v2\/users\/5"}],"replies":[{"embeddable":true,"href":"https:\/\/www.hereford.org.ar\/web\/wp-json\/wp\/v2\/comments?post=3794"}],"version-history":[{"count":6,"href":"https:\/\/www.hereford.org.ar\/web\/wp-json\/wp\/v2\/posts\/3794\/revisions"}],"predecessor-version":[{"id":3843,"href":"https:\/\/www.hereford.org.ar\/web\/wp-json\/wp\/v2\/posts\/3794\/revisions\/3843"}],"wp:featuredmedia":[{"embeddable":true,"href":"https:\/\/www.hereford.org.ar\/web\/wp-json\/wp\/v2\/media\/3796"}],"wp:attachment":[{"href":"https:\/\/www.hereford.org.ar\/web\/wp-json\/wp\/v2\/media?parent=3794"}],"wp:term":[{"taxonomy":"category","embeddable":true,"href":"https:\/\/www.hereford.org.ar\/web\/wp-json\/wp\/v2\/categories?post=3794"},{"taxonomy":"post_tag","embeddable":true,"href":"https:\/\/www.hereford.org.ar\/web\/wp-json\/wp\/v2\/tags?post=3794"}],"curies":[{"name":"wp","href":"https:\/\/api.w.org\/{rel}","templated":true}]}}