{"id":3488,"date":"2025-05-21T10:39:59","date_gmt":"2025-05-21T13:39:59","guid":{"rendered":"https:\/\/www.hereford.org.ar\/web\/?p=3488"},"modified":"2025-06-09T10:30:40","modified_gmt":"2025-06-09T13:30:40","slug":"gira-internacional-hereford-2025-inscripcion-abierta","status":"publish","type":"post","link":"https:\/\/www.hereford.org.ar\/web\/gira-internacional-hereford-2025-inscripcion-abierta\/","title":{"rendered":"Gira Internacional Hereford 2025: inscripci\u00f3n abierta"},"content":{"rendered":"<p>[et_pb_section fb_built=\u00bb1&#8243; _builder_version=\u00bb4.27.4&#8243; _module_preset=\u00bbdefault\u00bb global_colors_info=\u00bb{}\u00bb][et_pb_row _builder_version=\u00bb4.27.4&#8243; _module_preset=\u00bbdefault\u00bb global_colors_info=\u00bb{}\u00bb][et_pb_column type=\u00bb4_4&#8243; _builder_version=\u00bb4.27.4&#8243; _module_preset=\u00bbdefault\u00bb global_colors_info=\u00bb{}\u00bb][et_pb_text _builder_version=\u00bb4.27.4&#8243; _module_preset=\u00bbdefault\u00bb text_font=\u00bb|700|||||||\u00bb text_font_size=\u00bb24px\u00bb header_text_align=\u00bbcenter\u00bb text_orientation=\u00bbcenter\u00bb global_colors_info=\u00bb{}\u00bb]<\/p>\n<p><strong>Gira Internacional Hereford 2025<\/strong><br \/>Argentina \u2013 Brasil \u2013 Uruguay | 11, 12 y 13 de junio<\/p>\n<p><strong><\/strong><\/p>\n<p>[\/et_pb_text][\/et_pb_column][\/et_pb_row][et_pb_row _builder_version=\u00bb4.27.4&#8243; _module_preset=\u00bbdefault\u00bb global_colors_info=\u00bb{}\u00bb][et_pb_column type=\u00bb4_4&#8243; _builder_version=\u00bb4.27.4&#8243; _module_preset=\u00bbdefault\u00bb global_colors_info=\u00bb{}\u00bb][et_pb_image src=\u00bbhttps:\/\/www.hereford.org.ar\/web\/wp-content\/uploads\/2025\/05\/Cabezal_gira.jpg\u00bb title_text=\u00bbCabezal_gira\u00bb _builder_version=\u00bb4.27.4&#8243; _module_preset=\u00bbdefault\u00bb width=\u00bb78%\u00bb module_alignment=\u00bbcenter\u00bb global_colors_info=\u00bb{}\u00bb][\/et_pb_image][\/et_pb_column][\/et_pb_row][et_pb_row _builder_version=\u00bb4.27.4&#8243; _module_preset=\u00bbdefault\u00bb global_colors_info=\u00bb{}\u00bb][et_pb_column type=\u00bb4_4&#8243; _builder_version=\u00bb4.27.4&#8243; _module_preset=\u00bbdefault\u00bb global_colors_info=\u00bb{}\u00bb][et_pb_text content_tablet=\u00bb<\/p>\n<p data-start=%22141%22 data-end=%22396%22 class=%22%22>Inici\u00f3 una nueva edici\u00f3n de la Prueba Pastoril Hereford en el campo del <strong>INTA Concepci\u00f3n del Uruguay<\/strong>, con el ingreso de <strong>121 animales<\/strong> provenientes de distintas caba\u00f1as. En este 4\u00b0 ciclo participan <strong>75 hembras y 46 machos<\/strong>, que llegaron en excelentes condiciones sanitarias y corporales.<\/p>\n<div class=%22%22 data-block=%22true%22 data-editor=%22e6nui%22 data-offset-key=%22bag3j-0-0%22>\n<div data-offset-key=%22bag3j-0-0%22 class=%22_1mf _1mj%22><span data-offset-key=%22bag3j-0-0%22> <\/span><\/div>\n<\/div>\n<div class=%22%22 data-block=%22true%22 data-editor=%22e6nui%22 data-offset-key=%2257iih-0-0%22>\n<div data-offset-key=%2257iih-0-0%22 class=%22_1mf _1mj%22><span data-offset-key=%2257iih-0-0%22>Seg\u00fan explic\u00f3 el <strong>Ing. Sebasti\u00e1n Vittone,<\/strong> Investigador del INTA Concepci\u00f3n del Uruguay y Coordinador de la Prueba Pastoril, los animales atraviesan inicialmente un protocolo sanitario desarrollado junto a Biog\u00e9nesis Bag\u00f3. Luego, tras 4 a 5 d\u00edas de adaptaci\u00f3n en corrales, se los divide por categor\u00eda y se inicia un primer per\u00edodo de 15 d\u00edas de pastoreo. Finalizada esta etapa, se realizan las mediciones de inicio de prueba: peso, altura, ecograf\u00eda y condici\u00f3n corporal, dando as\u00ed inicio a la competencia.<\/span><\/div>\n<\/div>\n<div class=%22%22 data-block=%22true%22 data-editor=%22e6nui%22 data-offset-key=%22236vf-0-0%22>\n<div data-offset-key=%22236vf-0-0%22 class=%22_1mf _1mj%22><span data-offset-key=%22236vf-0-0%22> <\/span><\/div>\n<\/div>\n<div class=%22%22 data-block=%22true%22 data-editor=%22e6nui%22 data-offset-key=%221i4ti-0-0%22>\n<div data-offset-key=%221i4ti-0-0%22 class=%22_1mf _1mj%22><span data-offset-key=%221i4ti-0-0%22>Se trata de una de las <strong>pruebas pastoriles m\u00e1s grandes de Sudam\u00e9rica<\/strong>, una instancia clave para evaluar el rendimiento productivo en condiciones reales de campo y seguir generando datos objetivos para el mejoramiento gen\u00e9tico de la raza.<\/span><\/div>\n<div data-offset-key=%221i4ti-0-0%22 class=%22_1mf _1mj%22><span data-offset-key=%221i4ti-0-0%22><\/span><\/div>\n<\/div>\n<p>\u00bb content_last_edited=\u00bboff|desktop\u00bb _builder_version=\u00bb4.27.4&#8243; _module_preset=\u00bbdefault\u00bb custom_padding=\u00bb|16px||16px||\u00bb global_colors_info=\u00bb{}\u00bb]<\/p>\n<div class=\"\" data-block=\"true\" data-editor=\"e6nui\" data-offset-key=\"1i4ti-0-0\">\n<div data-offset-key=\"1i4ti-0-0\" class=\"_1mf _1mj\">\n<p><span>Tenemos el agrado de informar que se encuentra\u00a0<strong>abierta la inscripci\u00f3n<\/strong>\u00a0para la Gira Internacional Hereford 2025, una iniciativa conjunta de las asociaciones de criadores de Argentina, Brasil y Uruguay. El encuentro se llevar\u00e1 a cabo los d\u00edas\u00a0<strong>11, 12 y 13 de junio<\/strong>, recorriendo establecimientos ganaderos de referencia en los tres pa\u00edses.<\/span><\/p>\n<p><span>Durante\u00a0<strong>tres jornadas<\/strong>\u00a0intensas, los participantes podr\u00e1n intercambiar experiencias, conocer sistemas productivos de alto nivel y seguir fortaleciendo la red de trabajo t\u00e9cnico y comercial de la raza en la regi\u00f3n.<\/span><\/p>\n<p><strong><span style=\"font-family: helvetica;\"><span>Cronograma<\/span><\/span><\/strong><\/p>\n<p><span><strong>Mi\u00e9rcoles 11 \u2013 ARGENTINA<\/strong><br \/><a href=\"https:\/\/www.google.com\/maps\/place\/29%C2%B004'22.1%22S+57%C2%B055'23.9%22W\/@-29.0727921,-57.9258919,761m\">09:00 hs \u2013 Establecimiento Aguaceritos (Mercedes, Corrientes)<\/a><\/span><\/p>\n<p><span>14:00 hs &#8211; <span class=\"OYPEnA font-feature-liga-off font-feature-clig-off font-feature-calt-off text-decoration-none text-strikethrough-none\">\u00abComo conversar con la inteligencia artificial para ser competitivo en los mercados de carnes\u00bb &#8211; <strong>Adrian Bifatteri (IPCVA)<\/strong><\/span><\/span><\/p>\n<p><span><strong>Mi\u00e9rcoles 11 \u2013 BRASIL<\/strong><br \/><a href=\"http:\/\/https\/\/g.co\/kgs\/unPKCxQ\">20:00 hs \u2013 Cena de camarader\u00eda (Uruguayana)<\/a><\/span><\/p>\n<p><span><strong>Jueves 12 \u2013 BRASIL<\/strong><br \/><a href=\"https:\/\/www.google.com\/maps\/place\/29%C2%B058'23.3%22S+56%C2%B033'31.2%22W\/@-29.9731483,-56.5612411,754m\/data=!3m2!1e3!4b1!4m4!3m3!8m2!3d-29.9731483!4d-56.5586662?hl=es&amp;entry=ttu&amp;g_ep=EgoyMDI1MDUwNi4wIKXMDSoJLDEwMjExNDUzSAFQAw%3D%3D\">08:00 hs \u2013 Estancia San Joaqu\u00edn<\/a><br \/><a href=\"https:\/\/www.google.com\/maps\/place\/Cabanha+S%C3%A3o+Fernando\/@-30.0655285,-56.0749054,2143m\">10:00 hs \u2013 Caba\u00f1a S\u00e3o Fernando<\/a><br \/><a href=\"https:\/\/www.google.com\/maps\/place\/Cabanha+Touro+Passo\/@-29.6506667,-56.8070556,6046m\">14:30 hs \u2013 Caba\u00f1a Touro Passo<\/a><\/span><\/p>\n<p><span><strong>Viernes 13 \u2013 URUGUAY<\/strong><br \/><a href=\"https:\/\/www.google.com\/maps\/place\/30%C2%B053'08.8%22S+57%C2%B021'45.9%22W\/@-30.885767,-57.3653259,747m\/data=!3m2!1e3!4b1!4m4!3m3!8m2!3d-30.885767!4d-57.362751?hl=es&amp;entry=ttu&amp;g_ep=EgoyMDI1MDUwNS4wIKXMDSoJLDEwMjExNDUzSAFQAw%3D%3D\">08:00 hs \u2013 Santa Mar\u00eda del Arapey (Baltasar Brum)<\/a><br \/><a href=\"https:\/\/www.google.com\/maps\/@-30.9024345,-57.4704695,752m\">14:00 hs \u2013 Pingo Viejo<\/a><\/span><\/p>\n<p>Fecha l\u00edmite de inscripci\u00f3n: 2 de Junio.<\/p>\n<p><strong>Valores de inscripci\u00f3n<\/strong><br \/>Incluye 3 noches de hotel:<br \/>Martes 10\/6 (Mercedes, Argentina) \u2013 Mi\u00e9rcoles 11\/6 y Jueves 12\/6 (Uruguayana, Brasil)<\/p>\n<p>Habitaci\u00f3n doble (por persona):<br \/>\u25aa\ufe0f Socios: $250.000<br \/>\u25aa\ufe0f No socios: $270.000<\/p>\n<p>Habitaci\u00f3n single (por persona):<br \/>\u25aa\ufe0f Socios: $310.000<br \/>\u25aa\ufe0f No socios: $350.000<\/p>\n<p>Sin cargo:<br \/>\u2022 Cena del mi\u00e9rcoles 11<br \/>\u2022 Almuerzos del 11, 12 y 13<\/p>\n<p>La movilidad corre por cuenta de cada participante.<\/p>\n<p><strong>Informes e inscripci\u00f3n<\/strong><\/p>\n<p>marketing@hereford.org.ar<br \/>11 3782-9021 (Ana Clara Fari\u00f1a)<\/p>\n<\/div>\n<div data-offset-key=\"1i4ti-0-0\" class=\"_1mf _1mj\"><span data-offset-key=\"1i4ti-0-0\"><\/span><\/div>\n<\/div>\n<p>[\/et_pb_text][et_pb_image src=\u00bbhttps:\/\/www.hereford.org.ar\/web\/wp-content\/uploads\/2025\/06\/Foto-web-notas-700&#215;500-1-1.png\u00bb _builder_version=\u00bb4.27.4&#8243; _module_preset=\u00bbdefault\u00bb title_text=\u00bbFoto web notas 700&#215;500 (1)\u00bb width=\u00bb86%\u00bb max_width=\u00bb86%\u00bb module_alignment=\u00bbcenter\u00bb hover_enabled=\u00bb0&#8243; sticky_enabled=\u00bb0&#8243;][\/et_pb_image][\/et_pb_column][\/et_pb_row][et_pb_row _builder_version=\u00bb4.27.4&#8243; _module_preset=\u00bbdefault\u00bb global_colors_info=\u00bb{}\u00bb][et_pb_column type=\u00bb4_4&#8243; _builder_version=\u00bb4.27.4&#8243; _module_preset=\u00bbdefault\u00bb global_colors_info=\u00bb{}\u00bb][et_pb_gallery gallery_ids=\u00bb3495,3508&#8243; _builder_version=\u00bb4.27.4&#8243; _module_preset=\u00bbdefault\u00bb title_font_size=\u00bb0px\u00bb global_colors_info=\u00bb{}\u00bb][\/et_pb_gallery][\/et_pb_column][\/et_pb_row][\/et_pb_section]<\/p>\n","protected":false},"excerpt":{"rendered":"<p>Gira Internacional Hereford&#8230;<\/p>\n","protected":false},"author":5,"featured_media":3490,"comment_status":"closed","ping_status":"open","sticky":false,"template":"","format":"standard","meta":{"_et_pb_use_builder":"on","_et_pb_old_content":"","_et_gb_content_width":"","site-sidebar-layout":"default","site-content-layout":"","ast-site-content-layout":"normal-width-container","site-content-style":"default","site-sidebar-style":"default","ast-global-header-display":"","ast-banner-title-visibility":"","ast-main-header-display":"","ast-hfb-above-header-display":"","ast-hfb-below-header-display":"","ast-hfb-mobile-header-display":"","site-post-title":"","ast-breadcrumbs-content":"","ast-featured-img":"","footer-sml-layout":"","ast-disable-related-posts":"","theme-transparent-header-meta":"","adv-header-id-meta":"","stick-header-meta":"","header-above-stick-meta":"","header-main-stick-meta":"","header-below-stick-meta":"","astra-migrate-meta-layouts":"set","ast-page-background-enabled":"default","ast-page-background-meta":{"desktop":{"background-color":"var(--ast-global-color-4)","background-image":"","background-repeat":"repeat","background-position":"center center","background-size":"auto","background-attachment":"scroll","background-type":"","background-media":"","overlay-type":"","overlay-color":"","overlay-opacity":"","overlay-gradient":""},"tablet":{"background-color":"","background-image":"","background-repeat":"repeat","background-position":"center center","background-size":"auto","background-attachment":"scroll","background-type":"","background-media":"","overlay-type":"","overlay-color":"","overlay-opacity":"","overlay-gradient":""},"mobile":{"background-color":"","background-image":"","background-repeat":"repeat","background-position":"center center","background-size":"auto","background-attachment":"scroll","background-type":"","background-media":"","overlay-type":"","overlay-color":"","overlay-opacity":"","overlay-gradient":""}},"ast-content-background-meta":{"desktop":{"background-color":"var(--ast-global-color-5)","background-image":"","background-repeat":"repeat","background-position":"center center","background-size":"auto","background-attachment":"scroll","background-type":"","background-media":"","overlay-type":"","overlay-color":"","overlay-opacity":"","overlay-gradient":""},"tablet":{"background-color":"var(--ast-global-color-5)","background-image":"","background-repeat":"repeat","background-position":"center center","background-size":"auto","background-attachment":"scroll","background-type":"","background-media":"","overlay-type":"","overlay-color":"","overlay-opacity":"","overlay-gradient":""},"mobile":{"background-color":"var(--ast-global-color-5)","background-image":"","background-repeat":"repeat","background-position":"center center","background-size":"auto","background-attachment":"scroll","background-type":"","background-media":"","overlay-type":"","overlay-color":"","overlay-opacity":"","overlay-gradient":""}},"footnotes":""},"categories":[1],"tags":[],"class_list":["post-3488","post","type-post","status-publish","format-standard","has-post-thumbnail","hentry","category-uncategorized"],"_links":{"self":[{"href":"https:\/\/www.hereford.org.ar\/web\/wp-json\/wp\/v2\/posts\/3488","targetHints":{"allow":["GET"]}}],"collection":[{"href":"https:\/\/www.hereford.org.ar\/web\/wp-json\/wp\/v2\/posts"}],"about":[{"href":"https:\/\/www.hereford.org.ar\/web\/wp-json\/wp\/v2\/types\/post"}],"author":[{"embeddable":true,"href":"https:\/\/www.hereford.org.ar\/web\/wp-json\/wp\/v2\/users\/5"}],"replies":[{"embeddable":true,"href":"https:\/\/www.hereford.org.ar\/web\/wp-json\/wp\/v2\/comments?post=3488"}],"version-history":[{"count":7,"href":"https:\/\/www.hereford.org.ar\/web\/wp-json\/wp\/v2\/posts\/3488\/revisions"}],"predecessor-version":[{"id":3860,"href":"https:\/\/www.hereford.org.ar\/web\/wp-json\/wp\/v2\/posts\/3488\/revisions\/3860"}],"wp:featuredmedia":[{"embeddable":true,"href":"https:\/\/www.hereford.org.ar\/web\/wp-json\/wp\/v2\/media\/3490"}],"wp:attachment":[{"href":"https:\/\/www.hereford.org.ar\/web\/wp-json\/wp\/v2\/media?parent=3488"}],"wp:term":[{"taxonomy":"category","embeddable":true,"href":"https:\/\/www.hereford.org.ar\/web\/wp-json\/wp\/v2\/categories?post=3488"},{"taxonomy":"post_tag","embeddable":true,"href":"https:\/\/www.hereford.org.ar\/web\/wp-json\/wp\/v2\/tags?post=3488"}],"curies":[{"name":"wp","href":"https:\/\/api.w.org\/{rel}","templated":true}]}}