{"id":3248,"date":"2025-05-12T16:06:17","date_gmt":"2025-05-12T19:06:17","guid":{"rendered":"https:\/\/www.hereford.org.ar\/web\/?p=3248"},"modified":"2025-05-14T15:15:56","modified_gmt":"2025-05-14T18:15:56","slug":"hereford-argentina-celebro-la-75-expo-otono-en-azul-con-gran-convocatoria-y-calidad-genetica","status":"publish","type":"post","link":"https:\/\/www.hereford.org.ar\/web\/hereford-argentina-celebro-la-75-expo-otono-en-azul-con-gran-convocatoria-y-calidad-genetica\/","title":{"rendered":"Hereford Argentina celebr\u00f3 la 75\u00b0 Expo Oto\u00f1o en Azul: listado de ganadores y ventas"},"content":{"rendered":"\n[et_pb_section fb_built=\u00bb1&#8243; _builder_version=\u00bb4.27.4&#8243; _module_preset=\u00bbdefault\u00bb custom_padding=\u00bb||0px|||\u00bb global_colors_info=\u00bb{}\u00bb][et_pb_row _builder_version=\u00bb4.27.4&#8243; _module_preset=\u00bbdefault\u00bb global_colors_info=\u00bb{}\u00bb][et_pb_column type=\u00bb4_4&#8243; _builder_version=\u00bb4.27.4&#8243; _module_preset=\u00bbdefault\u00bb global_colors_info=\u00bb{}\u00bb][et_pb_text _builder_version=\u00bb4.27.4&#8243; _module_preset=\u00bbdefault\u00bb text_font=\u00bb|700|||||||\u00bb text_font_size=\u00bb24px\u00bb header_text_align=\u00bbcenter\u00bb text_orientation=\u00bbcenter\u00bb global_colors_info=\u00bb{}\u00bb]<p style=\"text-align: center;\"><b>Hereford Argentina celebr\u00f3 la 75\u00b0 Expo Oto\u00f1o en Azul con gran convocatoria y calidad gen\u00e9tica<\/b><\/p>\n[\/et_pb_text][\/et_pb_column][\/et_pb_row][et_pb_row _builder_version=\u00bb4.27.4&#8243; _module_preset=\u00bbdefault\u00bb global_colors_info=\u00bb{}\u00bb][et_pb_column type=\u00bb4_4&#8243; _builder_version=\u00bb4.27.4&#8243; _module_preset=\u00bbdefault\u00bb global_colors_info=\u00bb{}\u00bb][et_pb_image src=\u00bbhttps:\/\/www.hereford.org.ar\/web\/wp-content\/uploads\/2025\/05\/Texto.png\u00bb title_text=\u00bbTexto\u00bb _builder_version=\u00bb4.27.4&#8243; _module_preset=\u00bbdefault\u00bb width=\u00bb78%\u00bb module_alignment=\u00bbcenter\u00bb global_colors_info=\u00bb{}\u00bb][\/et_pb_image][\/et_pb_column][\/et_pb_row][et_pb_row _builder_version=\u00bb4.27.4&#8243; _module_preset=\u00bbdefault\u00bb global_colors_info=\u00bb{}\u00bb][et_pb_column type=\u00bb4_4&#8243; _builder_version=\u00bb4.27.4&#8243; _module_preset=\u00bbdefault\u00bb global_colors_info=\u00bb{}\u00bb][et_pb_text _builder_version=\u00bb4.27.4&#8243; _module_preset=\u00bbdefault\u00bb global_colors_info=\u00bb{}\u00bb]<p><span style=\"font-weight: 400;\">Hereford Argentina llev\u00f3 a cabo la <\/span><b>75\u00b0 Exposici\u00f3n de Oto\u00f1o del 8 al 10 de mayo en la Sociedad Rural de Azul<\/b><span style=\"font-weight: 400;\">, provincia de Buenos Aires, reuniendo a <\/span><b>m\u00e1s de 300 asistentes<\/b><span style=\"font-weight: 400;\"> entre caba\u00f1eros, productores, estudiantes y p\u00fablico general. El evento se consolid\u00f3 como una cita clave en el calendario ganadero nacional, destac\u00e1ndose por la excelencia gen\u00e9tica, la participaci\u00f3n institucional y una agenda t\u00e9cnica de alto nivel.<\/span><\/p>\n<p><span style=\"font-weight: 400;\">La exposici\u00f3n incluy\u00f3 <\/span><b>charlas t\u00e9cnicas<\/b><span style=\"font-weight: 400;\"> sobre la historia de la raza, criterios de selecci\u00f3n en reproductores y el rol de los laboratorios en la producci\u00f3n de carne. Adem\u00e1s, se realiz\u00f3 un <\/span><b>concurso de jurado en pista con la participaci\u00f3n de alumnos de escuelas agrot\u00e9cnicas y universidades<\/b><span style=\"font-weight: 400;\">. El cierre de la jornada estuvo a cargo del M.V. Carlos \u201cChuni\u201d Acu\u00f1a.<\/span><\/p>\n<p><span style=\"font-weight: 400;\">La Expo Oto\u00f1o Hereford cont\u00f3 con la presencia de autoridades de la <\/span><b>Sociedad Rural de Azul,<\/b><span style=\"font-weight: 400;\"> de la <\/span><b>Sociedad Rural Argentina <\/b><span style=\"font-weight: 400;\">representada por su presidente <\/span><b>Nicol\u00e1s Pino<\/b><span style=\"font-weight: 400;\">, y de sponsors como <\/span><b>Banco Galicia, Biog\u00e9nesis Bag\u00f3, IPCVA y RusAgro,<\/b><span style=\"font-weight: 400;\"> junto a stands interactivos de diversas firmas del sector. Tambi\u00e9n se destac\u00f3 la participaci\u00f3n del grupo Junior Hereford y la realizaci\u00f3n de un seminario de preparaci\u00f3n animal brindado por <\/span><b>Scooby Agro.<\/b><\/p>\n<p><span style=\"color: #003300;\"><b>Ganadores de la Jura de Clasificaci\u00f3n<\/b><\/span><\/p>\n<p><span style=\"font-weight: 400;\">Durante la jornada del viernes 9 de mayo, se realiz\u00f3 la jura de clasificaci\u00f3n de animales individuales y por lote en las categor\u00edas Puro Pedigree (PP), Puro Registrado (PR) y VIP, a cargo del <\/span><b>jurado Sr. Carlos Curone<\/b><span style=\"font-weight: 400;\">, reconocido referente. La evaluaci\u00f3n se desarroll\u00f3 con un alto nivel de calidad gen\u00e9tica, destac\u00e1ndose los siguientes ejemplares:<\/span><\/p>\n[\/et_pb_text][\/et_pb_column][\/et_pb_row][et_pb_row _builder_version=\u00bb4.27.4&#8243; _module_preset=\u00bbdefault\u00bb background_color=\u00bb#005529&#8243; global_colors_info=\u00bb{}\u00bb][et_pb_column type=\u00bb4_4&#8243; _builder_version=\u00bb4.27.4&#8243; _module_preset=\u00bbdefault\u00bb global_colors_info=\u00bb{}\u00bb][et_pb_slider show_image_video_mobile=\u00bbon\u00bb _builder_version=\u00bb4.27.4&#8243; _module_preset=\u00bbdefault\u00bb header_font=\u00bb|600|||||||\u00bb background_color=\u00bb#005529&#8243; global_colors_info=\u00bb{}\u00bb][et_pb_slide heading=\u00bbGran Campe\u00f3n Macho (PP)\u00bb image=\u00bbhttps:\/\/www.hereford.org.ar\/web\/wp-content\/uploads\/2025\/05\/Texto-1-1.png\u00bb _builder_version=\u00bb4.27.4&#8243; _module_preset=\u00bbdefault\u00bb global_colors_info=\u00bb{}\u00bb sticky_transition=\u00bbon\u00bb]<p>JOTABE X5905 BONDADOSO 5 T\/E. BOX: 79<br \/>JOTABE DE CALDENES S.A..<\/p>\n[\/et_pb_slide][et_pb_slide heading=\u00bbGran Campe\u00f3n Hembra (PP)\u00bb image=\u00bbhttps:\/\/www.hereford.org.ar\/web\/wp-content\/uploads\/2025\/05\/Texto-4.png\u00bb _builder_version=\u00bb4.27.4&#8243; _module_preset=\u00bbdefault\u00bb global_colors_info=\u00bb{}\u00bb sticky_transition=\u00bbon\u00bb]<p><span style=\"font-weight: 400;\">CAMILA X908 FERNANDA &#8211; BOX: 46<\/span><\/p>\n<p><span style=\"font-weight: 400;\">LA CAMILA DE CASTILLO FERNADO JUAN<\/span><\/p>\n[\/et_pb_slide][et_pb_slide heading=\u00bbGran Campe\u00f3n Ternero (PP)\u00bb image=\u00bbhttps:\/\/www.hereford.org.ar\/web\/wp-content\/uploads\/2025\/05\/Texto-7.png\u00bb _builder_version=\u00bb4.27.4&#8243; _module_preset=\u00bbdefault\u00bb global_colors_info=\u00bb{}\u00bb sticky_transition=\u00bbon\u00bb]<p>TRANQUERAS X5868 VO CIMARRON -FIV. BOX: 65<br \/>LAS TRANQUERAS DE LA VALLE HORACIO Y MARTA VILA MORET DE<\/p>\n[\/et_pb_slide][et_pb_slide heading=\u00bbGran Campe\u00f3n Ternera (PP)\u00bb image=\u00bbhttps:\/\/www.hereford.org.ar\/web\/wp-content\/uploads\/2025\/05\/Texto-10.png\u00bb _builder_version=\u00bb4.27.4&#8243; _module_preset=\u00bbdefault\u00bb global_colors_info=\u00bb{}\u00bb sticky_transition=\u00bbon\u00bb]<p>TRANQUERAS X5864 MA MU\u00d1ECA 4980-F. BOX: 33<br \/>LAS TRANQUERAS DE LA VALLE HORACIO Y MARTA VILA MORET DE<\/p>\n[\/et_pb_slide][et_pb_slide heading=\u00bbReservado Gran Campe\u00f3n Macho (PP)\u00bb image=\u00bbhttps:\/\/www.hereford.org.ar\/web\/wp-content\/uploads\/2025\/05\/Texto-2.png\u00bb _builder_version=\u00bb4.27.4&#8243; _module_preset=\u00bbdefault\u00bb global_colors_info=\u00bb{}\u00bb sticky_transition=\u00bbon\u00bb]<p>NUTRIAS 0X957 PACO EVASOR (X491). BOX: 91<br \/>SANTO DOMINGO DE EST. Y CAB. SANTO DOMINGO S.C.A &#8211; STREET ALFREDO P.<\/p>\n[\/et_pb_slide][et_pb_slide heading=\u00bbReservado Gran Campe\u00f3n Hembra (PP)\u00bb image=\u00bbhttps:\/\/www.hereford.org.ar\/web\/wp-content\/uploads\/2025\/05\/Texto-5.png\u00bb _builder_version=\u00bb4.27.4&#8243; _module_preset=\u00bbdefault\u00bb global_colors_info=\u00bb{}\u00bb sticky_transition=\u00bbon\u00bb]<p>TRANQUERAS X5864 MA MU\u00d1ECA 4980-F. BOX: 33<br \/>LAS TRANQUERAS DE LA VALLE HORACIO Y MARTA VILA MORET DE<\/p>\n[\/et_pb_slide][et_pb_slide heading=\u00bbReservado Gran Campe\u00f3n Ternero (PP)\u00bb image=\u00bbhttps:\/\/www.hereford.org.ar\/web\/wp-content\/uploads\/2025\/05\/Texto-8.png\u00bb _builder_version=\u00bb4.27.4&#8243; _module_preset=\u00bbdefault\u00bb global_colors_info=\u00bb{}\u00bb sticky_transition=\u00bbon\u00bb]<p>CAMILO X1027 MILAN-FIV-. BOX: 63<br \/>LA CAMILA DE CASTILLO FERNANDO JUAN<\/p>\n[\/et_pb_slide][et_pb_slide heading=\u00bbReservado Gran Campe\u00f3n Ternera (PP)\u00bb image=\u00bbhttps:\/\/www.hereford.org.ar\/web\/wp-content\/uploads\/2025\/05\/Texto-11.png\u00bb _builder_version=\u00bb4.27.4&#8243; _module_preset=\u00bbdefault\u00bb global_colors_info=\u00bb{}\u00bb sticky_transition=\u00bbon\u00bb]<p>TRANQUERAS X5882 UN UVITA 5428-FIV. BOX: 25<br \/>LAS TRANQUERAS DE LA VALLE HORACIO Y MARTA VILA MORET DE<\/p>\n[\/et_pb_slide][et_pb_slide heading=\u00bbTercer Mejor Ternero (PP)\u00bb image=\u00bbhttps:\/\/www.hereford.org.ar\/web\/wp-content\/uploads\/2025\/05\/Texto-9.png\u00bb _builder_version=\u00bb4.27.4&#8243; _module_preset=\u00bbdefault\u00bb global_colors_info=\u00bb{}\u00bb sticky_transition=\u00bbon\u00bb]<p>TRANQUERAS X6469 MA MAIZAL 4980-FIV. BOX: 64<br \/>LAS TRANQUERAS DE LA VALLE HORACIO Y MARTA VILA MORET D<\/p>\n[\/et_pb_slide][et_pb_slide heading=\u00bbTercer Mejor Macho (PP)\u00bb image=\u00bbhttps:\/\/www.hereford.org.ar\/web\/wp-content\/uploads\/2025\/05\/Texto-3.png\u00bb _builder_version=\u00bb4.27.4&#8243; _module_preset=\u00bbdefault\u00bb global_colors_info=\u00bb{}\u00bb sticky_transition=\u00bbon\u00bb]<p>TRANQUERAS X5868 VO CIMARRON -FIV (BOX: 65)<br \/>LAS TRANQUERAS DE LA VALLE HORACIO Y MARTA VILA MORET<\/p>\n[\/et_pb_slide][et_pb_slide heading=\u00bbTercer Mejor Hembra (PP)\u00bb image=\u00bbhttps:\/\/www.hereford.org.ar\/web\/wp-content\/uploads\/2025\/05\/Texto-6.png\u00bb _builder_version=\u00bb4.27.4&#8243; _module_preset=\u00bbdefault\u00bb global_colors_info=\u00bb{}\u00bb sticky_transition=\u00bbon\u00bb]<p>CAMILA X918 SO\u00d1ADORA-FIV-. BOX: 39<br \/>LA CAMILA DE CASTILLO FERNADO JUAN<\/p>\n[\/et_pb_slide][et_pb_slide heading=\u00bbTercer Mejor Ternera (PP)\u00bb image=\u00bbhttps:\/\/www.hereford.org.ar\/web\/wp-content\/uploads\/2025\/05\/Texto-12.png\u00bb _builder_version=\u00bb4.27.4&#8243; _module_preset=\u00bbdefault\u00bb global_colors_info=\u00bb{}\u00bb sticky_transition=\u00bbon\u00bb]<p>CAMILA X926 ESTRELLA FIV-FIV-. BOX: 37<br \/>LA CAMILA DE CASTILLO FERNADO JUAN<\/p>\n[\/et_pb_slide][\/et_pb_slider][\/et_pb_column][\/et_pb_row][\/et_pb_section][et_pb_section fb_built=\u00bb1&#8243; _builder_version=\u00bb4.27.4&#8243; _module_preset=\u00bbdefault\u00bb custom_padding=\u00bb0px|||||\u00bb global_colors_info=\u00bb{}\u00bb][et_pb_row _builder_version=\u00bb4.27.4&#8243; _module_preset=\u00bbdefault\u00bb global_colors_info=\u00bb{}\u00bb][et_pb_column type=\u00bb4_4&#8243; _builder_version=\u00bb4.27.4&#8243; _module_preset=\u00bbdefault\u00bb global_colors_info=\u00bb{}\u00bb][et_pb_text _builder_version=\u00bb4.27.4&#8243; _module_preset=\u00bbdefault\u00bb hover_enabled=\u00bb0&#8243; global_colors_info=\u00bb{}\u00bb sticky_enabled=\u00bb0&#8243;]<p><b>Remate de reproductores<\/b><\/p>\n<p><span style=\"font-weight: 400;\">El s\u00e1bado 10 se llev\u00f3 a cabo el remate de reproductores, a cargo de la<\/span><b> firma Wallace S.A<\/b><span style=\"font-weight: 400;\">. y transmitido por Clic Rural, donde se registraron excelentes ventas.<\/span><\/p>\n[\/et_pb_text][et_pb_text _builder_version=\u00bb4.27.4&#8243; _module_preset=\u00bbdefault\u00bb hover_enabled=\u00bb0&#8243; global_colors_info=\u00bb{}\u00bb sticky_enabled=\u00bb0&#8243;]<p><span style=\"color: #008000;\"><b>Ventas de Exposici\u00f3n<\/b><\/span><\/p>\n<table align=\"center\" border=\"0\" cellpadding=\"1\" cellspacing=\"1\" class=\" cke_show_border\">\n<tbody>\n<tr>\n<td>\n<div><strong><span>Cant. Vend.<\/span><\/strong><\/div>\n<\/td>\n<td>\n<div><strong><span>Detalle<\/span><\/strong><\/div>\n<\/td>\n<td>\n<div><strong><span style=\"font-family: verdana;\"><span>Promedio<\/span><\/span><\/strong><\/div>\n<\/td>\n<td>\n<div><strong><span style=\"font-family: verdana;\"><span>M\u00e1ximo<\/span><\/span><\/strong><\/div>\n<\/td>\n<td colspan=\"3\">\n<div><strong><span style=\"font-family: verdana;\"><span>M\u00ednimo<\/span><\/span><\/strong><\/div>\n<\/td>\n<\/tr>\n<tr>\n<td><span>5<\/span><\/td>\n<td><span>Toros PH PP<\/span><\/td>\n<td><span>$ 10.040.000,00<\/span><\/td>\n<td><span>$ 13.500.000<\/span><\/td>\n<td colspan=\"3\"><span>$ 6.200.000<\/span><\/td>\n<\/tr>\n<tr>\n<td><span>2<\/span><\/td>\n<td><span>TOROS PH PR<\/span><\/td>\n<td><span>$ 4.600.000,00<\/span><\/td>\n<td><span>$ 5.000.000<\/span><\/td>\n<td colspan=\"3\"><span>$ 4.200.000<\/span><\/td>\n<\/tr>\n<tr>\n<td><span>37<\/span><\/td>\n<td><span>VAQS. PR PH PRE\u00d1S<\/span><\/td>\n<td><span>$ 1.546.486,49<\/span><\/td>\n<td><span>$ 1.700.000<\/span><\/td>\n<td colspan=\"3\"><span>$ 1.450.000<\/span><\/td>\n<\/tr>\n<tr>\n<td><span>10<\/span><\/td>\n<td><span>VAQS. VIP PH PRE\u00d1S<\/span><\/td>\n<td><span>$ 1.625.000,00<\/span><\/td>\n<td><span>$ 1.650.000<\/span><\/td>\n<td colspan=\"3\"><span>$ 1.600.000<\/span><\/td>\n<\/tr>\n<\/tbody>\n<\/table>\n<p><span style=\"color: #008000;\"><b>Remate de invernada, cr\u00eda y gordo<\/b><\/span><\/p>\n<table border=\"0\" cellpadding=\"0\" cellspacing=\"0\" class=\"main cke_show_border\" width=\"680\">\n<tbody>\n<tr>\n<td colspan=\"2\" style=\"text-align: center;\">\n<table align=\"center\" border=\"0\" cellpadding=\"1\" cellspacing=\"1\" class=\" cke_show_border\">\n<tbody>\n<tr>\n<td>\n<div><span style=\"color: #993300;\"><strong>Terneros PH<\/strong><\/span><\/div>\n<\/td>\n<\/tr>\n<tr>\n<td><span><strong>130-160 kg<\/strong>: 14 cabezas | <strong>Promedio<\/strong>: $3.921,57 | <strong>M\u00e1x<\/strong>: $3.921,57 | <strong>M\u00edn<\/strong>: $3.921,57<br \/><strong>160-180 kg<\/strong>: 20 cabezas | <strong>Promedio<\/strong>: $4.437,87 | <strong>M\u00e1x<\/strong>: $4.437,87 | <strong>M\u00edn<\/strong>: $4.437,87<br \/><strong>180-200 kg<\/strong>: 45 cabezas | <strong>Promedio<\/strong>: $3.775,36 | <strong>M\u00e1x<\/strong>: $3.846,15 | <strong>M\u00edn<\/strong>: $3.686,87<br \/><strong>200-230 kg:<\/strong> 40 cabezas | <strong>Promedio<\/strong>: $3.753,16 | <strong>M\u00e1x<\/strong>: $3.779,90 | <strong>M\u00edn<\/strong>: $3.726,42<br \/><strong>230-260 kg<\/strong>: 45 cabezas | <strong>Promedio<\/strong>: $3.589,74 | <strong>M\u00e1x<\/strong>: $3.589,74 | <strong>M\u00edn<\/strong>: $3.589,74<\/span><\/td>\n<\/tr>\n<\/tbody>\n<\/table>\n<\/td>\n<\/tr>\n<tr>\n<td colspan=\"2\" style=\"text-align: center;\"><\/td>\n<\/tr>\n<tr>\n<td colspan=\"2\" style=\"text-align: center;\">\n<table align=\"center\" border=\"0\" cellpadding=\"1\" cellspacing=\"1\" class=\" cke_show_border\">\n<tbody>\n<tr>\n<td>\n<div><span style=\"color: #993300;\"><strong>Terneras PH<\/strong><\/span><\/div>\n<\/td>\n<\/tr>\n<tr>\n<td><span><strong>130-150 kg<\/strong>: 23 cabezas | <strong>Promedio<\/strong>: $3.868,60 | <strong>M\u00e1x<\/strong>: $3.868,60 | <strong>M\u00edn<\/strong>: $3.868,60<br \/><strong>150-170 kg<\/strong>: 33 cabezas | <strong>Promedio<\/strong>: $3.580,20 | <strong>M\u00e1x<\/strong>: $3.580,20 | <strong>M\u00edn<\/strong>: $3.580,20<br \/><strong>170-190 kg<\/strong>: 25 cabezas | <strong>Promedio<\/strong>: $3.444,40 | <strong>M\u00e1x<\/strong>: $3.444,40 | <strong>M\u00edn<\/strong>: $3.444,40<br \/><strong>210-250 kg<\/strong>: 45 cabezas | <strong>Promedio<\/strong>: $3.231,10 | <strong>M\u00e1x<\/strong>: $3.259,90 | <strong>M\u00edn<\/strong>: $3.203,50<\/span><\/td>\n<\/tr>\n<\/tbody>\n<\/table>\n<\/td>\n<\/tr>\n<\/tbody>\n<\/table>\n<div style=\"text-align: center;\"><span><strong>Vaquillona PR PH pre\u00f1ada:<\/strong><br \/>15 cabezas | <strong>Promedio<\/strong>: $1.360.000 | <strong>M\u00e1x<\/strong>: $1.360.000 | <strong>M\u00edn<\/strong>: $1.360.000<\/span><\/div>\n<div style=\"text-align: center;\"><span><strong>Vaca nueva PH RG pre\u00f1ada:<\/strong><br \/>24 cabezas | <strong>Promedio<\/strong>: $1.450.000 | <strong>M\u00e1x<\/strong>: $1.500.000 | <strong>M\u00edn<\/strong>: $1.400.000<\/span><\/div>\n<div style=\"text-align: center;\"><span><strong>Vaca 1\/4 y 1\/2 PH RG pre\u00f1ada:\u00a0<\/strong><br \/>15 cabezas | <strong>Promedio<\/strong>: $1.140.000 | <strong>M\u00e1x<\/strong>: $1.220.000 | <strong>M\u00edn<\/strong>: $1.100.000<\/span><\/div>\n<div style=\"text-align: center;\"><span><strong>Vaca PH RG usada pre\u00f1ada:\u00a0<\/strong><br \/>51 cabezas | <strong>Promedio<\/strong>: $933.137 | <strong>M\u00e1x<\/strong>: $1.070.000 | <strong>M\u00edn<\/strong>: $750.000<\/span><\/div>\n[\/et_pb_text][\/et_pb_column][\/et_pb_row][et_pb_row _builder_version=\u00bb4.27.4&#8243; _module_preset=\u00bbdefault\u00bb background_color=\u00bb#005529&#8243; global_colors_info=\u00bb{}\u00bb][et_pb_column type=\u00bb4_4&#8243; _builder_version=\u00bb4.27.4&#8243; _module_preset=\u00bbdefault\u00bb global_colors_info=\u00bb{}\u00bb][et_pb_slider show_image_video_mobile=\u00bbon\u00bb _builder_version=\u00bb4.27.4&#8243; _module_preset=\u00bbdefault\u00bb header_font=\u00bb|600|||||||\u00bb background_color=\u00bb#005529&#8243; global_colors_info=\u00bb{}\u00bb][et_pb_slide heading=\u00bbLote Gran Campe\u00f3n Macho PR\u00bb image=\u00bbhttps:\/\/www.hereford.org.ar\/web\/wp-content\/uploads\/2025\/05\/Texto-13.png\u00bb _builder_version=\u00bb4.27.4&#8243; _module_preset=\u00bbdefault\u00bb global_colors_info=\u00bb{}\u00bb sticky_transition=\u00bbon\u00bb]<p>BOX: 18<br \/>LOS CERRITOS DE AGROP. LOS CERRITOS S.A<\/p>\n[\/et_pb_slide][et_pb_slide heading=\u00bbLote Gran Campe\u00f3n Hembra PR\u00bb image=\u00bbhttps:\/\/www.hereford.org.ar\/web\/wp-content\/uploads\/2025\/05\/Texto-14.png\u00bb _builder_version=\u00bb4.27.4&#8243; _module_preset=\u00bbdefault\u00bb global_colors_info=\u00bb{}\u00bb sticky_transition=\u00bbon\u00bb]<p>BOX: 7<br \/>LOS RANQUELES DE APAREL S.A.<\/p>\n[\/et_pb_slide][et_pb_slide heading=\u00bbLote Gran Campe\u00f3n VIP\u00bb image=\u00bbhttps:\/\/www.hereford.org.ar\/web\/wp-content\/uploads\/2025\/05\/Texto-15.png\u00bb _builder_version=\u00bb4.27.4&#8243; _module_preset=\u00bbdefault\u00bb global_colors_info=\u00bb{}\u00bb sticky_transition=\u00bbon\u00bb]<p>BOX 2<br \/>EL CENCERRO DE TEZANOS PINTO ELENA PEREYRA YRAOLA DE<\/p>\n[\/et_pb_slide][et_pb_slide heading=\u00bbLote Gran Campe\u00f3n Hembra PP\u00bb image=\u00bbhttps:\/\/www.hereford.org.ar\/web\/wp-content\/uploads\/2025\/05\/Texto-16.png\u00bb _builder_version=\u00bb4.27.4&#8243; _module_preset=\u00bbdefault\u00bb global_colors_info=\u00bb{}\u00bb sticky_transition=\u00bbon\u00bb]<p>BOX. 20<br \/>LOS RANQUELES DE APAREL S.A.<\/p>\n[\/et_pb_slide][et_pb_slide heading=\u00bbLote Gran Campe\u00f3n Macho PP\u00bb image=\u00bbhttps:\/\/www.hereford.org.ar\/web\/wp-content\/uploads\/2025\/05\/Texto-17.png\u00bb _builder_version=\u00bb4.27.4&#8243; _module_preset=\u00bbdefault\u00bb global_colors_info=\u00bb{}\u00bb sticky_transition=\u00bbon\u00bb]<p>BOX 22.<br \/>SAN MARON DE CAB. SAN MARON S.R.L<\/p>\n[\/et_pb_slide][\/et_pb_slider][\/et_pb_column][\/et_pb_row][\/et_pb_section][et_pb_section fb_built=\u00bb1&#8243; _builder_version=\u00bb4.27.4&#8243; _module_preset=\u00bbdefault\u00bb global_colors_info=\u00bb{}\u00bb][et_pb_row column_structure=\u00bb1_4,1_4,1_4,1_4&#8243; _builder_version=\u00bb4.27.4&#8243; _module_preset=\u00bbdefault\u00bb global_colors_info=\u00bb{}\u00bb][et_pb_column type=\u00bb1_4&#8243; _builder_version=\u00bb4.27.4&#8243; _module_preset=\u00bbdefault\u00bb global_colors_info=\u00bb{}\u00bb][et_pb_button button_url=\u00bbhttps:\/\/www.instagram.com\/p\/DJXofx5P-df\/\u00bb url_new_window=\u00bbon\u00bb button_text=\u00bbVideo: D\u00eda 0&#8243; _builder_version=\u00bb4.27.4&#8243; _module_preset=\u00bbdefault\u00bb custom_button=\u00bbon\u00bb button_text_color=\u00bb#FFFFFF\u00bb button_bg_color=\u00bb#005529&#8243; global_colors_info=\u00bb{}\u00bb][\/et_pb_button][\/et_pb_column][et_pb_column type=\u00bb1_4&#8243; _builder_version=\u00bb4.27.4&#8243; _module_preset=\u00bbdefault\u00bb global_colors_info=\u00bb{}\u00bb][et_pb_button button_url=\u00bbhttps:\/\/www.instagram.com\/p\/DJaXptkv1AI\/\u00bb url_new_window=\u00bbon\u00bb button_text=\u00bbVideo: D\u00eda 1&#8243; _builder_version=\u00bb4.27.4&#8243; _module_preset=\u00bbdefault\u00bb custom_button=\u00bbon\u00bb button_text_color=\u00bb#FFFFFF\u00bb button_bg_color=\u00bb#005529&#8243; global_colors_info=\u00bb{}\u00bb][\/et_pb_button][\/et_pb_column][et_pb_column type=\u00bb1_4&#8243; _builder_version=\u00bb4.27.4&#8243; _module_preset=\u00bbdefault\u00bb global_colors_info=\u00bb{}\u00bb][et_pb_button button_url=\u00bbhttps:\/\/www.instagram.com\/p\/DJc6JSAPUeE\/\u00bb url_new_window=\u00bbon\u00bb button_text=\u00bbVideo: D\u00eda 2&#8243; _builder_version=\u00bb4.27.4&#8243; _module_preset=\u00bbdefault\u00bb custom_button=\u00bbon\u00bb button_text_color=\u00bb#FFFFFF\u00bb button_bg_color=\u00bb#005529&#8243; global_colors_info=\u00bb{}\u00bb][\/et_pb_button][\/et_pb_column][et_pb_column type=\u00bb1_4&#8243; _builder_version=\u00bb4.27.4&#8243; _module_preset=\u00bbdefault\u00bb global_colors_info=\u00bb{}\u00bb][et_pb_button button_url=\u00bbhttps:\/\/www.instagram.com\/p\/DJe38YhPfbY\/\u00bb url_new_window=\u00bbon\u00bb button_text=\u00bbVideo: D\u00eda 3&#8243; _builder_version=\u00bb4.27.4&#8243; _module_preset=\u00bbdefault\u00bb custom_button=\u00bbon\u00bb button_text_color=\u00bb#FFFFFF\u00bb button_bg_color=\u00bb#005529&#8243; global_colors_info=\u00bb{}\u00bb][\/et_pb_button][\/et_pb_column][\/et_pb_row][\/et_pb_section]\n","protected":false},"excerpt":{"rendered":"<p>Hereford Argentina celebr\u00f3&#8230;<\/p>\n","protected":false},"author":5,"featured_media":3254,"comment_status":"closed","ping_status":"open","sticky":false,"template":"","format":"standard","meta":{"_et_pb_use_builder":"on","_et_pb_old_content":"","_et_gb_content_width":"","site-sidebar-layout":"default","site-content-layout":"","ast-site-content-layout":"normal-width-container","site-content-style":"default","site-sidebar-style":"default","ast-global-header-display":"","ast-banner-title-visibility":"","ast-main-header-display":"","ast-hfb-above-header-display":"","ast-hfb-below-header-display":"","ast-hfb-mobile-header-display":"","site-post-title":"","ast-breadcrumbs-content":"","ast-featured-img":"","footer-sml-layout":"","ast-disable-related-posts":"","theme-transparent-header-meta":"","adv-header-id-meta":"","stick-header-meta":"","header-above-stick-meta":"","header-main-stick-meta":"","header-below-stick-meta":"","astra-migrate-meta-layouts":"set","ast-page-background-enabled":"default","ast-page-background-meta":{"desktop":{"background-color":"var(--ast-global-color-4)","background-image":"","background-repeat":"repeat","background-position":"center center","background-size":"auto","background-attachment":"scroll","background-type":"","background-media":"","overlay-type":"","overlay-color":"","overlay-opacity":"","overlay-gradient":""},"tablet":{"background-color":"","background-image":"","background-repeat":"repeat","background-position":"center center","background-size":"auto","background-attachment":"scroll","background-type":"","background-media":"","overlay-type":"","overlay-color":"","overlay-opacity":"","overlay-gradient":""},"mobile":{"background-color":"","background-image":"","background-repeat":"repeat","background-position":"center center","background-size":"auto","background-attachment":"scroll","background-type":"","background-media":"","overlay-type":"","overlay-color":"","overlay-opacity":"","overlay-gradient":""}},"ast-content-background-meta":{"desktop":{"background-color":"var(--ast-global-color-5)","background-image":"","background-repeat":"repeat","background-position":"center center","background-size":"auto","background-attachment":"scroll","background-type":"","background-media":"","overlay-type":"","overlay-color":"","overlay-opacity":"","overlay-gradient":""},"tablet":{"background-color":"var(--ast-global-color-5)","background-image":"","background-repeat":"repeat","background-position":"center center","background-size":"auto","background-attachment":"scroll","background-type":"","background-media":"","overlay-type":"","overlay-color":"","overlay-opacity":"","overlay-gradient":""},"mobile":{"background-color":"var(--ast-global-color-5)","background-image":"","background-repeat":"repeat","background-position":"center center","background-size":"auto","background-attachment":"scroll","background-type":"","background-media":"","overlay-type":"","overlay-color":"","overlay-opacity":"","overlay-gradient":""}},"footnotes":""},"categories":[1],"tags":[],"class_list":["post-3248","post","type-post","status-publish","format-standard","has-post-thumbnail","hentry","category-uncategorized"],"_links":{"self":[{"href":"https:\/\/www.hereford.org.ar\/web\/wp-json\/wp\/v2\/posts\/3248","targetHints":{"allow":["GET"]}}],"collection":[{"href":"https:\/\/www.hereford.org.ar\/web\/wp-json\/wp\/v2\/posts"}],"about":[{"href":"https:\/\/www.hereford.org.ar\/web\/wp-json\/wp\/v2\/types\/post"}],"author":[{"embeddable":true,"href":"https:\/\/www.hereford.org.ar\/web\/wp-json\/wp\/v2\/users\/5"}],"replies":[{"embeddable":true,"href":"https:\/\/www.hereford.org.ar\/web\/wp-json\/wp\/v2\/comments?post=3248"}],"version-history":[{"count":15,"href":"https:\/\/www.hereford.org.ar\/web\/wp-json\/wp\/v2\/posts\/3248\/revisions"}],"predecessor-version":[{"id":3361,"href":"https:\/\/www.hereford.org.ar\/web\/wp-json\/wp\/v2\/posts\/3248\/revisions\/3361"}],"wp:featuredmedia":[{"embeddable":true,"href":"https:\/\/www.hereford.org.ar\/web\/wp-json\/wp\/v2\/media\/3254"}],"wp:attachment":[{"href":"https:\/\/www.hereford.org.ar\/web\/wp-json\/wp\/v2\/media?parent=3248"}],"wp:term":[{"taxonomy":"category","embeddable":true,"href":"https:\/\/www.hereford.org.ar\/web\/wp-json\/wp\/v2\/categories?post=3248"},{"taxonomy":"post_tag","embeddable":true,"href":"https:\/\/www.hereford.org.ar\/web\/wp-json\/wp\/v2\/tags?post=3248"}],"curies":[{"name":"wp","href":"https:\/\/api.w.org\/{rel}","templated":true}]}}